{"id":100080,"date":"2024-10-13T07:15:53","date_gmt":"2024-10-13T13:15:53","guid":{"rendered":"https:\/\/amanecerhuasteco.com\/portal\/?p=100080"},"modified":"2024-10-13T07:15:55","modified_gmt":"2024-10-13T13:15:55","slug":"el-estado-y-ceepac-fomentan-la-participacion-ciudadana-en-los-59-municipios","status":"publish","type":"post","link":"https:\/\/amanecerhuasteco.com\/portal\/el-estado-y-ceepac-fomentan-la-participacion-ciudadana-en-los-59-municipios\/","title":{"rendered":"El estado y CEEPAC fomentan la participaci\u00f3n ciudadana en los 59 municipios"},"content":{"rendered":"\n<p><\/p>\n\n\n\n<ul class=\"wp-block-list\">\n<li>A trav\u00e9s de una capacitaci\u00f3n en l\u00ednea, formar\u00e1n a las y los funcionarios municipales en torno a la conformaci\u00f3n de Juntas de Participaci\u00f3n Ciudadana y Consejos de Desarrollo Social<\/li>\n<\/ul>\n\n\n\n<p>Para fortalecer la transparencia y rendici\u00f3n de cuentas, en los gobiernos locales, la Coordinaci\u00f3n Estatal para el Fortalecimiento Institucional de los Municipios (CEFIM) y el Consejo Estatal Electoral y de Participaci\u00f3n Ciudadana (Ceepac), presentaron la capacitaci\u00f3n en l\u00ednea \u201cIntegraci\u00f3n de Juntas de Participaci\u00f3n Ciudadana y Consejos de Desarrollo Social Municipales\u201d, dirigido a las y los funcionarios municipales.<br>El titular de la CEFIM, Julio C\u00e9sar Pati\u00f1o Morales, inform\u00f3 que, en cumplimiento con la instrucci\u00f3n del Gobernador del Estado Ricardo Gallardo Cardona, de brindar m\u00e1s a apoyo a los ayuntamientos, el curso est\u00e1 enfocado en dar a conocer las fechas de t\u00e9rmino y condiciones para la conformaci\u00f3n de las juntas de participaci\u00f3n ciudadana y consejos de desarrollo social en los 59 municipios, para hacer part\u00edcipe a la ciudadan\u00eda en la toma de decisiones.<br>Por su parte, la presidenta del Ceepac, Paloma Blanco L\u00f3pez, explic\u00f3 que la integraci\u00f3n de ambos comit\u00e9s en los 59 municipios significar\u00e1 grandes pasos hacia una democracia m\u00e1s participativa; agreg\u00f3 que las elecciones no es la \u00fanica forma en que la ciudadan\u00eda puede de participar y hacer escuchar su voz, para que sus opiniones vayan m\u00e1s all\u00e1 de las urnas.<br>Finalmente, Pati\u00f1o Morales puntualiz\u00f3 que las juntas de participaci\u00f3n ciudadana deber\u00e1n quedar conformadas a m\u00e1s tardar el 31 de diciembre. Mientras que los consejos de desarrollo social deber\u00e1n estar integrados dentro del cuarto mes del inicio del periodo constitucional de los ayuntamientos.<\/p>\n","protected":false},"excerpt":{"rendered":"<p>Para fortalecer la transparencia y rendici\u00f3n de cuentas, en los gobiernos locales, la Coordinaci\u00f3n Estatal para el Fortalecimiento Institucional de los Municipios (CEFIM) y el Consejo Estatal Electoral y de Participaci\u00f3n Ciudadana (Ceepac), presentaron la capacitaci\u00f3n en l\u00ednea \u201cIntegraci\u00f3n de Juntas de Participaci\u00f3n Ciudadana y &hellip; <\/p>\n","protected":false},"author":1,"featured_media":100081,"comment_status":"open","ping_status":"open","sticky":false,"template":"","format":"standard","meta":{"footnotes":""},"categories":[67,7,62,63,22,56,11,55,4,73,44,26,10,12,66,60,71,30,70,31,24,59,42,21,53,69,20,58,57,68,64,43,72,32],"tags":[],"class_list":["post-100080","post","type-post","status-publish","format-standard","has-post-thumbnail","hentry","category-charcas","category-ciudad","category-ciudad-fernandez","category-coxcatlan","category-ebano","category-el-naranjo","category-estado","category-guadalcazar","category-inicio","category-lagunillas","category-matehuala","category-matlapa","category-municipios","category-nacional","category-rayon-2","category-rayon","category-real-de-catorce","category-rioverde","category-san-ciro","category-sanluispotosi","category-san-vicente","category-santa-catarina","category-soledad","category-tamasopo","category-tamazunchale","category-tampacan","category-tamuin","category-tancanhuitz","category-tanlajas","category-tanquian","category-villa-de-pozos","category-villa-de-reyes","category-villa-hidalgo","category-xilitla"],"_links":{"self":[{"href":"https:\/\/amanecerhuasteco.com\/portal\/wp-json\/wp\/v2\/posts\/100080","targetHints":{"allow":["GET"]}}],"collection":[{"href":"https:\/\/amanecerhuasteco.com\/portal\/wp-json\/wp\/v2\/posts"}],"about":[{"href":"https:\/\/amanecerhuasteco.com\/portal\/wp-json\/wp\/v2\/types\/post"}],"author":[{"embeddable":true,"href":"https:\/\/amanecerhuasteco.com\/portal\/wp-json\/wp\/v2\/users\/1"}],"replies":[{"embeddable":true,"href":"https:\/\/amanecerhuasteco.com\/portal\/wp-json\/wp\/v2\/comments?post=100080"}],"version-history":[{"count":1,"href":"https:\/\/amanecerhuasteco.com\/portal\/wp-json\/wp\/v2\/posts\/100080\/revisions"}],"predecessor-version":[{"id":100082,"href":"https:\/\/amanecerhuasteco.com\/portal\/wp-json\/wp\/v2\/posts\/100080\/revisions\/100082"}],"wp:featuredmedia":[{"embeddable":true,"href":"https:\/\/amanecerhuasteco.com\/portal\/wp-json\/wp\/v2\/media\/100081"}],"wp:attachment":[{"href":"https:\/\/amanecerhuasteco.com\/portal\/wp-json\/wp\/v2\/media?parent=100080"}],"wp:term":[{"taxonomy":"category","embeddable":true,"href":"https:\/\/amanecerhuasteco.com\/portal\/wp-json\/wp\/v2\/categories?post=100080"},{"taxonomy":"post_tag","embeddable":true,"href":"https:\/\/amanecerhuasteco.com\/portal\/wp-json\/wp\/v2\/tags?post=100080"}],"curies":[{"name":"wp","href":"https:\/\/api.w.org\/{rel}","templated":true}]}}