{"id":100107,"date":"2024-10-13T07:57:10","date_gmt":"2024-10-13T13:57:10","guid":{"rendered":"https:\/\/amanecerhuasteco.com\/portal\/?p=100107"},"modified":"2024-10-13T07:57:12","modified_gmt":"2024-10-13T13:57:12","slug":"entre-columnas-630","status":"publish","type":"post","link":"https:\/\/amanecerhuasteco.com\/portal\/entre-columnas-630\/","title":{"rendered":"ENTRE COLUMNAS"},"content":{"rendered":"\n<p><strong>AYUNTAMIENTO DE VALLES&nbsp; SOLICITARA 35 MDP&nbsp; AL ESTADO PARA OBRAS.<\/strong><\/p>\n\n\n\n<p><strong>Revisando publicaciones en redes&nbsp; sociales&nbsp; el a\u00f1o pasado, se lee una nota&nbsp; que&nbsp; regocij\u00f3 a la poblaci\u00f3n, el alcalde reelecto dijo que el municipio recibir\u00eda 1500 millones de pesos&nbsp; dando prioridad a la pavimentaci\u00f3n de despu\u00e9s llegaron las lluvias&nbsp; y da\u00f1os a la red del drenaje anuncio que destinar\u00edan 20 MDP para&nbsp; reparaci\u00f3n, esta responsabilidad corresponde a la DAPAS&nbsp; que aplica un porcentaje elevado POR CONSUMO DE AGUA DOMICILIARIO MENSUALMENTE. Respecto a la pavimentaci\u00f3n de calles el estado aplico recursos&nbsp; en meses&nbsp; recientes y fue&nbsp; el Gobernador&nbsp; quien inaugur\u00f3 esas&nbsp; obras.<\/strong><\/p>\n\n\n\n<p><strong>Citamos&nbsp; este&nbsp; antecedente porque en rueda de prensa el Presidente Municipal David Armando Medina Salazar dio a conocer las gestiones que ha&nbsp; realizado con el Gobernador del Estado, Ricardo Gallardo Cardona, en su reciente visita a capital potosina, para seguir mejorando Ciudad Valles, destaco el avance de la solicitud que present\u00f3 ante la Secretar\u00eda de Desarrollo Social por m\u00e1s de 35 millones de pesos, misma que se encuentra en revisi\u00f3n en la Secretar\u00eda de Desarrollo Urbano, Vivienda y Obra Publica<\/strong><\/p>\n\n\n\n<p><strong>La inversi\u00f3n que llegar\u00e1 al municipio ser\u00e1 para trabajar en m\u00e1s calles, ya han arrancado algunas obras, y se proyecta trabajar tambi\u00e9n en El Pujal y en Tampaya.<\/strong><\/p>\n\n\n\n<p><strong>++++++++++++.<\/strong><\/p>\n\n\n\n<p><strong>DESAPARECE&nbsp; DIRECCION DE PARQUIMETROS, SIGUE EL&nbsp; NEGOCIO HASTA EL 2028.<\/strong><\/p>\n\n\n\n<p><strong>&#8211; Qui\u00e9n&nbsp; concesion\u00f3 por&nbsp; 15 a\u00f1os los&nbsp; estacionamientos&nbsp; en las calles c\u00e9ntricas.<\/strong><\/p>\n\n\n\n<p><strong>&nbsp;&#8211; Que&nbsp; existe una supuesta \u201cconcesi\u00f3n por 15&nbsp; a\u00f1os.&nbsp; Pero se&nbsp; renuevan convenios por trienio.<\/strong><\/p>\n\n\n\n<p><strong>Usted&nbsp; ciudadano sab\u00eda&nbsp; que uno de los negocios de los alcaldes&nbsp; en turno&nbsp; cada trienio, es otorgar &nbsp;con la&nbsp; aprobaci\u00f3n de los sumisos regidores la&nbsp; \u201cconcesi\u00f3n\u201d&nbsp; de los parqu\u00edmetros a&nbsp; un particular mexicano que&nbsp; radica&nbsp; en San Bernardino Cal. USA, al expirar&nbsp; el&nbsp; trato&nbsp;&nbsp; que se supon\u00eda&nbsp; de tres a\u00f1os, ahora&nbsp; resulta&nbsp; que&nbsp; la concesi\u00f3n&nbsp; la dio&nbsp; una&nbsp; administraci\u00f3n&nbsp; por&nbsp; 15&nbsp; a\u00f1os&nbsp; as\u00ed lo dijo el alcalde&nbsp; pero se&nbsp; revisa el contrato o convenio cada tres a\u00f1os,<\/strong><\/p>\n\n\n\n<p><strong>&nbsp;El alcalde Vallense inform\u00f3 que desaparece la direcci\u00f3n de parqu\u00edmetros, el&nbsp; municipio devuelve a la empresa que&nbsp; operar\u00e1 los&nbsp; equipos&nbsp; de cobranza de tiempo y el mantenimiento de los mismos y contrataci\u00f3n de personal para atender este servicio privado&nbsp; que sol\u00eda&nbsp; administrar&nbsp; el gobierno municipal y entregaba mensualmente un porcentaje al propietario de&nbsp; Iberparking asi lo establec\u00eda el convenio MAS NO CONCESION.<\/strong><\/p>\n\n\n\n<p><strong>NO&nbsp; EXISTE CONCESION HASTA 2028.<\/strong><\/p>\n\n\n\n<p><strong>Los medios informativos&nbsp; manejaron el t\u00e9rmino \u201cconcesi\u00f3n\u201d&nbsp; hasta&nbsp; el a\u00f1o 2028, en realidad no existe tal&nbsp; compromiso, cuando el alcalde&nbsp; se&nbsp; refiri\u00f3 a celebrar un convenio,&nbsp; deber\u00e1 analizar el &nbsp;cabildo, en su caso aprobado Lo m\u00e1s seguro es que se ratificar\u00e1 con modificaciones, que convengan a ambas partes la forma en que se labor\u00f3 en trienios anteriores incluyendo el pasado reciente que&nbsp;&nbsp; desempe\u00f1\u00f3 el papel de \u201cconcesionario\u201d administrando, contrataci\u00f3n de personal y servicios sociales inherentes, el resultado fue negativo y aqu\u00ed la prueba, declaraciones del mun\u00edcipe en la administraci\u00f3n pasada \u201cno fue positivo para la presidencia, al final origin\u00f3 &nbsp;un pasivo laboral, m\u00e1s responsabilidad y compromiso &nbsp;la idea es que nosotros tenemos que dedicarnos a nuestra responsabilidad que son los servicios municipales\u201d<\/strong><\/p>\n\n\n\n<p><strong>&nbsp;El manejo de los parqu\u00edmetros seguir\u00e1 como estuvo desde la administraci\u00f3n de JJOA&nbsp; quien trajo&nbsp; este&nbsp; problema a los automovilistas&nbsp; que estacionan sus veh\u00edculos&nbsp; en las calles&nbsp; de la zona centro. Por aquellos a\u00f1os el argumento de Juanjo fue&nbsp; que los comerciantes se quejaban que los lugares&nbsp;&nbsp; para sus clientes estaban invadidos, la&nbsp; soluci\u00f3n eran los parqu\u00edmetros&nbsp; y ah\u00ed&nbsp; est\u00e1n\u2026.. El reparto&nbsp; de&nbsp; los casi 3 millones de pesos mensuales (ESO APARECE EN LOS INFORMES DE TESORERIA&nbsp; \u2026.PERO DE HACE MAS DE 5 A\u00d1OS) que se recaudan ser\u00e1 de 30% el ayuntamiento y 70% la empresa Iberparking. No habr\u00e1 increment\u00f3 al costo y tampoco se ampliar\u00e1 la zona de parqu\u00edmetros.<\/strong><\/p>\n\n\n\n<p><strong>++++++++++++<\/strong><\/p>\n\n\n\n<h1 class=\"wp-block-heading\">PR\u00c9STAMOS\u2026.<\/h1>\n\n\n\n<p><strong>de&nbsp; dinero inmediatos a pensionados<\/strong><\/p>\n\n\n\n<h2 class=\"wp-block-heading\">CFE, ISSSTE.FFCC, SCT, PEMEX,<\/h2>\n\n\n\n<h2 class=\"wp-block-heading\">ACTIVOS Y JUBILADOS&nbsp; IMSS<\/h2>\n\n\n\n<h1 class=\"wp-block-heading\">SIN AFECTAR TARJETON.<\/h1>\n\n\n\n<h2 class=\"wp-block-heading\">Ll\u00e1menos las 24 hrs del d\u00eda<\/h2>\n\n\n\n<h1 class=\"wp-block-heading\">LLAMENOS 4811039565<\/h1>\n\n\n\n<h1 class=\"wp-block-heading\">CREDITO INMEDIATO<\/h1>\n\n\n\n<p><strong>+++++++++<\/strong><\/p>\n\n\n\n<p><strong>VIVIR&nbsp; FUERA&nbsp; DEL PRESUPUESTO.<\/strong><\/p>\n\n\n\n<p><strong>ES UN FRROR.<\/strong><\/p>\n\n\n\n<p><strong>+.- Ex&nbsp; regidores&nbsp; confirman esta&nbsp; gran verdad\u2026\u2026.<\/strong><\/p>\n\n\n\n<p><strong>Cuatro ex regidores de la pasada administraci\u00f3n tendr\u00e1n empleos de nivel directivo en este reelecto segundo Gobierno municipal de David Medina Salazar.<\/strong><\/p>\n\n\n\n<p><strong>Dentro de la nueva lista de directores, jefes de departamento y coordinadores, tres son del \u201cverde\u201d<\/strong><\/p>\n\n\n\n<p><strong>en la pasada administraci\u00f3n &nbsp;contin\u00faan en la ubre municipal de Valles como funcionarios, es el caso de Santiago Nales Orta, quien es el&nbsp; oficial mayor en el segundo periodo del alcalde&nbsp; Medina. Tambi\u00e9n, Ruth Mirea Portilla, designada oficial del Registro Civil n\u00famero 2, con sede en la delegaci\u00f3n de El Pujal.<\/strong><\/p>\n\n\n\n<p><strong>Como en la&nbsp; Metr\u00f3poli Huasteca&nbsp; no hay m\u00e1s&nbsp; gente capaz&nbsp; se contrat\u00f3&nbsp; a Julio Alejandro Guido Azuara &nbsp;director de Servicios Municipales de Salud antes&nbsp; fue&nbsp; regidor a la vez&nbsp; l\u00edder&nbsp; sindical de trabajadores de la CFE donde sigue laborando en sus ratos libres.<\/strong><\/p>\n\n\n\n<p><strong>Como&nbsp; quedaba&nbsp; desempleado, el ex&nbsp; regidor&nbsp; que fue&nbsp; alcalde interino Jes\u00fas Guadalupe Gonz\u00e1lez Vargas fue&nbsp; designado &nbsp;director de Desarrollo Econ\u00f3mico. La&nbsp; vox populi&nbsp; comenta&nbsp; que&nbsp; estos personajes seguramente&nbsp; en el desempe\u00f1o&nbsp; en los puestos de elecci\u00f3n popular&nbsp;&nbsp; en el gobierno municipal anterior, hicieron algo m\u00e1s&nbsp; de levantar la mano de aprobaci\u00f3n&nbsp; en juntas del cabildo&nbsp; para que fueran premiados&nbsp; de nueva cuenta. Usted que opina.<\/strong><\/p>\n\n\n\n<p><strong>++++++++++++<\/strong><\/p>\n\n\n\n<h1 class=\"wp-block-heading\">CARROCERIAS&nbsp; BUSTOS<\/h1>\n\n\n\n<h2 class=\"wp-block-heading\">Reforma y Lerdo de tejada Col. Altavista.<\/h2>\n\n\n\n<h2 class=\"wp-block-heading\">Cd Valles SLP&nbsp; Tel. 3824777.<\/h2>\n\n\n\n<p><strong>En carrocer\u00edas para camiones y camionetas nadie nos compite.<\/strong><\/p>\n\n\n\n<p><strong>+++++++<\/strong><\/p>\n\n\n\n<p><strong>MUCHA&nbsp; SECRECIA EN TRATO A EX FUNCIONARIOS MUNICIPALES INVESTIGADOS.<\/strong><\/p>\n\n\n\n<p><strong>Contralor\u00eda&nbsp; Interna&nbsp; del Ayuntamiento anterior en base a sus&nbsp; atribuciones&nbsp; cit\u00f3 a comparecer a&nbsp; ex funcionarios&nbsp; del gobierno municipal Independiente, todo el proceso en absoluto secreto&nbsp; sin identificarlos&nbsp; ni&nbsp; revelar&nbsp; resultados, quiz\u00e1s&nbsp; aplicaron aquella sentencia de que \u201ccon la misma cobija te tapar\u00e1s\u201d tomar ese&nbsp; consejo no cuesta nada, &nbsp;mas&nbsp; que&nbsp; voluntad&nbsp; de no destapar una cloaca.<\/strong><\/p>\n\n\n\n<p><strong>Hace un mes, el alcalde Vallense&nbsp; dijo&nbsp; que en <\/strong><strong>Contralor\u00eda Interna tienen los expedientes de ex funcionarios de la pasada administraci\u00f3n sujetos a <\/strong><strong>Inhabilitar\u00e1n a exfuncionarios de la pasada administraci\u00f3n, ser\u00e1 a trav\u00e9s de esta dependencia el proceso de notificaci\u00f3n, una vez que se establezcan los protocolos que marca el Instituto Fiscalizador del Estado.<\/strong><strong><\/strong><\/p>\n\n\n\n<p><strong>Los&nbsp; casos en expedientes son del ejercicio 2018-2021,&nbsp; que fueron investigados, en los que aparecen ex funcionarios de primer nivel, los&nbsp; que no solventaron las observaciones administrativas.<\/strong><\/p>\n\n\n\n<p><strong>Para&nbsp; evitar conflictos&nbsp; el&nbsp; presidente municipal&nbsp; se neg\u00f3 a identificarlos aunque si preciso que&nbsp; el proceso sigue su&nbsp; curso, en cuanto se&nbsp; reciba la notificaci\u00f3n de la resoluci\u00f3n se&nbsp; dar\u00e1n mas detalles y nombres.<\/strong><\/p>\n\n\n\n<p><strong>QUIENES SON ESOS&nbsp; HONRADOS CIUDADANOS&nbsp; QUE \u201cSIRVIERON\u201d AL PUEBLO DE VALLES Y AHOPRA&nbsp; est\u00e1n en la cuerda floja.<\/strong><\/p>\n\n\n\n<p><strong>O SE&nbsp; SIRVIERON-\u2026\u2026<\/strong><\/p>\n\n\n\n<p><strong>\u00b4\u00b4+++++++++++++<\/strong><\/p>\n\n\n\n<h1 class=\"wp-block-heading\">QFB&nbsp; FABIOLA GARCIA ALVAREZ<\/h1>\n\n\n\n<h2 class=\"wp-block-heading\">Perito dictaminador en an\u00e1lisis bacteriol\u00f3gico de agua<\/h2>\n\n\n\n<h2 class=\"wp-block-heading\">Y alimentos con n\u00famero GES-PD 0705<\/h2>\n\n\n\n<h2 class=\"wp-block-heading\">Perito dictaminador en&nbsp; estupefacientes GES-PD0523<\/h2>\n\n\n\n<h2 class=\"wp-block-heading\">Maestr\u00eda&nbsp; en an\u00e1lisis cl\u00ednicos 1301 \u2013 368068<\/h2>\n\n\n\n<p><strong>Ced&nbsp; prof&nbsp; 8664204&nbsp;&nbsp; Tel. 38 1 66 64<\/strong><\/p>\n\n\n\n<h2 class=\"wp-block-heading\">Asesor\u00eda,&nbsp; auditor\u00eda&nbsp; y gesti\u00f3n ambiental.<\/h2>\n\n\n\n<h2 class=\"wp-block-heading\">G. Victoria No. 8&nbsp; zona centro Cd Valles<\/h2>\n\n\n\n<p><strong>++++++++++++<\/strong><\/p>\n\n\n\n<p><strong>Sergio Guti\u00e9rrez <\/strong><strong><\/strong><\/p>\n\n\n\n<p><strong>NUEVO PRESIDENTE DE LA&nbsp; CAMARA DE DIPUTADOS.<\/strong><\/p>\n\n\n\n<p><strong>+.- Llega en sustituci\u00f3n de Ifigenia Mart\u00ednez<\/strong><\/p>\n\n\n\n<p><strong>Ante&nbsp; el fallecimiento de la diputada federal&nbsp; presidenta de la actual&nbsp; legislatura federal, el pleno de la C\u00e1mara de Diputados aprob\u00f3 la designaci\u00f3n de Sergio Carlos Guti\u00e9rrez Luna como presidente de la Mesa Directiva y de Mar\u00eda de los Dolores Padierna Luna como primera vicepresidenta.<\/strong><\/p>\n\n\n\n<p><strong>Los&nbsp; legisladores votaron la propuesta &nbsp;que fue respaldada por &nbsp;la Junta de Coordinaci\u00f3n Pol\u00edtica (Jucopo) el &nbsp;y con&nbsp;&nbsp; 420 votos a favor. Posteriormente Guti\u00e9rrez Luna rindi\u00f3 protesta<\/strong><\/p>\n\n\n\n<p><strong>Durante la misma sesi\u00f3n, se design\u00f3 al diputado Jos\u00e9 Luis Montalvo Luna como secretario de la Mesa Directiva, en reemplazo de Pedro V\u00e1zquez Gonz\u00e1lez.<\/strong><\/p>\n\n\n\n<p><strong>Los tres legisladores ocupar\u00e1n sus respectivos cargos hasta el final del Primer A\u00f1o de Ejercicio de la LXVI Legislatura.<\/strong><\/p>\n\n\n\n<p><strong>+++++++++<\/strong><\/p>\n\n\n\n<h1 class=\"wp-block-heading\">\u201cFINCA&nbsp; SAN ISIDRO\u201d<\/h1>\n\n\n\n<h2 class=\"wp-block-heading\">Sal\u00f3n para fiestas de todo tipo.<\/h2>\n\n\n\n<h2 class=\"wp-block-heading\">Carretera Valles \u2013 R\u00edo Verde Km. 8<\/h2>\n\n\n\n<h2 class=\"wp-block-heading\">Contrataciones al Tel. 01 481<\/h2>\n\n\n\n<p><strong>++++++++++++<\/strong><\/p>\n\n\n\n<p><strong>JUAN RAMIRO ROBLEDO <\/strong><strong>&nbsp;DESIGNADO DIRECTOR DE ENLACE LEGISLATIVO.<\/strong><\/p>\n\n\n\n<p><strong>EL ex diputado federal potosino de Morena, Juan Ramiro Robledo Ruiz, quien fuera impulsor de la Reforma Judicial que propuso Andr\u00e9s Manuel L\u00f3pez Obrador, se incorpora a la SGOB como director&nbsp; de&nbsp; enlace&nbsp; legislativo, posici\u00f3n que le permitir\u00e1 estar relacionado &nbsp;con Rosa Icela Rodr\u00edguez Vel\u00e1zquez, Huasteca potosina&nbsp; al frente de la SEGOB.<\/strong><\/p>\n\n\n\n<p><strong>En contraparte los \u201ccurros potosinos\u201d &nbsp;acusaron a Juan Ramiro, de ser un traidor a la patria por haber impulsado la reforma judicial, al grado de sentenciar \u201cque la historia lo castigar\u00eda por actos cometidos en perjuicio del pueblo\u201d Sin&nbsp; embargo no&nbsp; perder&nbsp; de&nbsp; vista a este paisano potosino&nbsp; porque&nbsp; dadas&nbsp; sus relaciones y posici\u00f3n que ahora ocupa, adem\u00e1s de su aceptaci\u00f3n como pol\u00edtico&nbsp; profesional del derecho es&nbsp; un viable&nbsp; aspirante a&nbsp; una magistratura&nbsp; en las elecciones del pr\u00f3ximo a\u00f1o.<\/strong><\/p>\n\n\n\n<p><strong>+++++++++++<\/strong><\/p>\n\n\n\n<p><strong>MEXICO&nbsp; FABRICARA AUTOS ELECTRICOS.<\/strong><\/p>\n\n\n\n<p><strong>De acuerdo&nbsp;&nbsp; con el&nbsp; plan&nbsp; de gobierno<\/strong><\/p>\n\n\n\n<p><strong>comprendidos en los&nbsp; 100 compromisos anunciados por la presidenta Claudia Sheinbaum como la directriz de su gobierno en M\u00e9xico&nbsp; es la fabricaci\u00f3n de un auto de bajo costo para atender las necesidades actuales por el cuidado y preservaci\u00f3n del ambiente, adem\u00e1s de fabricar un veh\u00edculo 100 por ciento mexicano que funcione mediante energ\u00eda el\u00e9ctrica.<\/strong><\/p>\n\n\n\n<p><strong>En caso de que la propuesta de Sheinbaum llegue a prosperar, M\u00e9xico podr\u00eda comenzar a competir en el mercado extranjero. La fabricaci\u00f3n de un veh\u00edculo el\u00e9ctrico permitir\u00eda lanzarse al mercado para competir contra fabricantes asi\u00e1ticos como BYD, as\u00ed como con Tesla en Estados Unidos.<\/strong><\/p>\n\n\n\n<p><strong>El compromiso de la presidenta es que este veh\u00edculo adem\u00e1s de ser 100 por ciento el\u00e9ctrico, sea de acceso popular &nbsp;costos excesivos, mientras que su ensamblaje y dise\u00f1o estar\u00edan a cargo de j\u00f3venes mexicanos<\/strong><\/p>\n\n\n\n<p><strong>La presidenta de la rep\u00fablica expres\u00f3 &nbsp;su intenci\u00f3n por hacer de M\u00e9xico una potencia cient\u00edfica y de la innovaci\u00f3n apoyar\u00e1 las ciencias b\u00e1sicas, naturales, as\u00ed como las humanidades, todo esto como parte de sus compromisos y espec\u00edficamente de su punto n\u00famero 31. &nbsp;Tambi\u00e9n la consolidaci\u00f3n del programa espacial mexicano, con la meta de poner en \u00f3rbita un sat\u00e9lite propio, todo desarrollado con tecnolog\u00eda y mano de obra dom\u00e9stica.<\/strong><\/p>\n\n\n\n<p><strong>\u201cNos integraremos a la cadena de producci\u00f3n de semiconductores, pero tambi\u00e9n los desarrollaremos en el pa\u00eds.. Crearemos una f\u00e1brica de software p\u00fablico e inteligencia artificial, las soluciones tecnol\u00f3gicas del gobierno ser\u00e1n hechas en casa. Ser\u00e1 tecnolog\u00eda hecha en M\u00e9xico por mexicanas y mexicanos\u201d<\/strong><\/p>\n\n\n\n<p><strong>+++++++++++<\/strong><\/p>\n\n\n\n<p><strong>ECOLOGIA AUTORIZO&nbsp; \u201cARRANCAR\u201d&nbsp; LOS&nbsp; ARBOLITOS&nbsp; DEL BULEVAR<\/strong><\/p>\n\n\n\n<p><strong>El&nbsp; s\u00faper&nbsp; veloz director&nbsp; de&nbsp; ecolog\u00eda municipal de&nbsp; Ciudad Valles, a pocas&nbsp; horas de tomar posesi\u00f3n &nbsp;Julio C\u00e9sar Otero Torres &nbsp;di\u00f3 a conocer que s\u00ed existe una solicitud de la empresa Paragon Desarrollos que construye la plaza comercial al sur&nbsp; de la urbe&nbsp; para reubicar varios arbolitos de palo de rosa del camell\u00f3n de la avenida Bulevar 85<\/strong><\/p>\n\n\n\n<p><strong>El nuevo funcionario a\u00f1adi\u00f3 que har\u00eda una inspecci\u00f3n en el lugar, para constatar la reubicaci\u00f3n de los \u00e1rboles, en caso que no&nbsp; fueron replantados en&nbsp; otro sitio&nbsp; (que&nbsp; no&nbsp; estableci\u00f3&nbsp; la&nbsp; dependencia), se aplicar\u00e1n sanciones y se ordenar\u00e1 la reposici\u00f3n de las plantas en otro punto de la ciudad previamente&nbsp; establecido por la autoridad&nbsp; ecol\u00f3gica.<\/strong><\/p>\n\n\n\n<p><strong>El funcionario no exhibi\u00f3 documentos&nbsp; que&nbsp; avalaran el permiso&nbsp; autorizado por&nbsp; el cabildo&nbsp; porque&nbsp;&nbsp; aun no celebraba&nbsp;&nbsp; su primera sesi\u00f3n formal ni el estudio de factibilidad de las autoridades de vialidad&nbsp;&nbsp;&nbsp; par&nbsp; cambiar el orden de&nbsp; circulaci\u00f3n en el tramo&nbsp; del bulevar&nbsp; frente a una&nbsp; plaza&nbsp; comercial al sur de la ciudad. Algo no concuerda.<\/strong><\/p>\n\n\n\n<p><strong>++++++++++++++++++++++++++++,<\/strong><\/p>\n\n\n\n<h1 class=\"wp-block-heading\">POR FAVOR&nbsp; MUCHA ATENCION:<\/h1>\n\n\n\n<p><strong>NO DIGA SI A CUALQUIER PEGUNTA QUE LE HAGAN A TRAVES DEL CELULAR.<\/strong><\/p>\n\n\n\n<p><strong>+.- Lea con cuidado esta noticia. No lo lamente despu\u00e9s.<\/strong><\/p>\n\n\n\n<p><strong>Actualmente usted&nbsp; recibe llamadas a su celular de&nbsp; n\u00fameros&nbsp; no registrados, son la nueva estafa del \u201cs\u00ed\u201d para robar informaci\u00f3n personal y bancaria.<\/strong><\/p>\n\n\n\n<p><strong>Seg\u00fan publican medios informativos&nbsp; en la web<\/strong><\/p>\n\n\n\n<p><strong>as\u00ed funciona la estafa del \u201cs\u00ed\u201d,<\/strong><\/p>\n\n\n\n<p><strong>\u00a1Cuida tus datos!<\/strong><\/p>\n\n\n\n<p><strong>Los fraudes telef\u00f3nicos&nbsp;&nbsp; se han incrementado en los \u00faltimos a\u00f1os, se recomienda a los usuarios telef\u00f3nicos por celular &nbsp;mantenerse informados sobre c\u00f3mo se realizan este tipo de delitos, ponga atenci\u00f3n:&nbsp; El Instituto Nacional de Ciber seguridad, un&nbsp; organismo&nbsp; Europeo, explica que la estafa del \u201cs\u00ed\u201d se realiza a trav\u00e9s de llamadas telef\u00f3nicas, teniendo como objetivo el robo de datos personales y bancarios.&nbsp; Esto dicen los expertos.<\/strong><\/p>\n\n\n\n<p><strong>La estafa del \u201cs\u00ed\u201d ocurre cuando los usuarios reciben una llamada telef\u00f3nica, en la que los delincuentes se hacen pasar por supuestos representantes de instituciones financieras, servicio de ventas e incluso, servicios t\u00e9cnicos. Al contestar la llamada, los estafadores comenzar\u00e1n a realizar preguntas en las que las respuestas sean un \u201cs\u00ed\u201d, por ejemplo: \u201c\u00bfEst\u00e1 de acuerdo con recibir actualizaciones de nuestros servicios?\u201d. Una vez que obtengan el s\u00ed, los delincuentes permanecer\u00e1n callados y colgar\u00e1n a los pocos segundos.&nbsp; Al obtener el \u201cs\u00ed\u201d de la v\u00edctima, los estafadores podr\u00e1n utilizarla la grabaci\u00f3n para tener acceso a los servicios bancarios que est\u00e9n a nombre de las v\u00edctimas.<\/strong><\/p>\n\n\n\n<p><strong>\u00a1No te dejes enga\u00f1ar! Para evitar ser v\u00edctima de estafas telef\u00f3nicas como la del \u201cs\u00ed\u201d, el Instituto Nacional de Ciberseguridad, recomienda lo siguiente:<\/strong><\/p>\n\n\n\n<ul class=\"wp-block-list\">\n<li><strong>No proporciones informaci\u00f3n bancaria o personal a trav\u00e9s de una llamada telef\u00f3nica; si comienzas a sospechar, es mejor colgar.<\/strong><\/li>\n\n\n\n<li><strong>\u00a1No pierdas la calma! No act\u00faes por impulso, por lo general, los delincuentes suelen llamarte con todo de urgencia.<\/strong><\/li>\n\n\n\n<li><strong>Acude a la fuente oficial para comprobar la veracidad de la propuesta que se ha realizado.<\/strong><\/li>\n\n\n\n<li><strong>Bloquea el n\u00famero de tel\u00e9fono para que este no pueda volver a llamarte.<\/strong><\/li>\n<\/ul>\n\n\n\n<p><strong>Ahora, si ca\u00edste en la trampa o proporcionaste informaci\u00f3n personal o bancaria, se recomienda contactar directamente a tu banco para tomar las medidas de seguridad correspondientes. (publicado en redes sociales)<\/strong><\/p>\n\n\n\n<p><strong>+++++ ++++++++<\/strong><\/p>\n\n\n\n<h1 class=\"wp-block-heading\">\u201cCAF\u00c9 Y RESTAURANT&nbsp;<\/h1>\n\n\n\n<h1 class=\"wp-block-heading\">EL FAROLITO<\/h1>\n\n\n\n<p><strong>Lo mejor de la cocina Huasteca; el tradicional zacahuil y cazueladas .Atendemos toda clase de&nbsp; festejos. Pedidos al Tel&nbsp; 3821017 Ciudad Valles SLP<\/strong><\/p>\n\n\n\n<p><strong>+++++++++++++<\/strong><\/p>\n\n\n\n<p><strong>D e&nbsp;&nbsp; v o l a d a .-<\/strong><\/p>\n\n\n\n<h2 class=\"wp-block-heading\">Aportacion del<\/h2>\n\n\n\n<h2 class=\"wp-block-heading\">CP Abraham Camarillo Orta.<\/h2>\n\n\n\n<p><strong>LO QUE &nbsp;LA&nbsp; CIUDADANIA&nbsp; NO SABE&nbsp; POR FALTA DE DIVULGACION.<\/strong><\/p>\n\n\n\n<p><strong>Instalaci\u00f3n del Ayuntamiento y toma de protesta.<\/strong><\/p>\n\n\n\n<p><strong>Pero que ocurri\u00f3 en el acto solemne de este uno de octubre en CD. Valles, SLP, algo imperceptible para muchos, para esto podemos recordar la Leyenda de un Rey brit\u00e1nico, el Rey Arturo que para tratar los asuntos importantes del reino proced\u00edan a sentarse en una mesa redonda, que reflejaba lo virtuoso que era para gobernar el Rey, reflejando con ese acto que todos eran iguales para decidir en los asuntos a tratar; entonces viene al caso el acto solemne del Ayuntamiento, como existe diferencia entre el Rey referido al Presidente Municipal, al instalar \u00e9ste \u00faltimo un pres\u00eddium donde estuvo \u00e9l con invitados, separaditos S\u00edndicos y Regidores en segundo plano sentados por los lados fuera del pres\u00eddium, reflejando el Presidente supremac\u00eda sobre los dem\u00e1s integrantes del Ayuntamiento, bueno una gran diferencia con la humildad y virtuosidad del Rey mencionado, despu\u00e9s las preguntas de los medios a estos personajes con las lamentables respuestas al desconocer las Leyes con las que deben gobernar, por cierto curiosamente no le preguntaron al Presidente Municipal.<\/strong><\/p>\n\n\n\n<p><strong>Es mucho el trabajo de TODOS estos integrantes, ojal\u00e1 se den el tiempo de estudiar, de prepararse para responder a los compromisos que hicieron en sus campa\u00f1as y respondan a las expectativas que los ciudadanos requerimos, con eficacia y eficiencia.<\/strong><\/p>\n\n\n\n<p><strong>Desde luego lean como cuesti\u00f3n b\u00e1sica, las dos constituciones, Federal, Estatal, la Ley Org\u00e1nica del Municipio Libre, y el Reglamento para el Gobierno Interior del Cabildo del H Ayuntamiento con 84 art\u00edculos, que necesita ya reformarse para adecuarlo a la Ley Org\u00e1nica.<\/strong><\/p>\n\n\n\n<p><strong>La mejor opini\u00f3n la tiene usted, si, usted estimado ciudadano, es momento de asumir tambi\u00e9n el papel que nos corresponde.<\/strong><\/p>\n\n\n\n<p><strong>&#8212;<\/strong><\/p>\n","protected":false},"excerpt":{"rendered":"<p>AYUNTAMIENTO DE VALLES&nbsp; SOLICITARA 35 MDP&nbsp; AL ESTADO PARA OBRAS. Revisando publicaciones en redes&nbsp; sociales&nbsp; el a\u00f1o pasado, se lee una nota&nbsp; que&nbsp; regocij\u00f3 a la poblaci\u00f3n, el alcalde reelecto dijo que el municipio recibir\u00eda 1500 millones de pesos&nbsp; dando prioridad a la pavimentaci\u00f3n de &hellip; <\/p>\n","protected":false},"author":1,"featured_media":99262,"comment_status":"open","ping_status":"open","sticky":false,"template":"","format":"standard","meta":{"footnotes":""},"categories":[17,4],"tags":[],"class_list":["post-100107","post","type-post","status-publish","format-standard","has-post-thumbnail","hentry","category-colaboraciones","category-inicio"],"_links":{"self":[{"href":"https:\/\/amanecerhuasteco.com\/portal\/wp-json\/wp\/v2\/posts\/100107","targetHints":{"allow":["GET"]}}],"collection":[{"href":"https:\/\/amanecerhuasteco.com\/portal\/wp-json\/wp\/v2\/posts"}],"about":[{"href":"https:\/\/amanecerhuasteco.com\/portal\/wp-json\/wp\/v2\/types\/post"}],"author":[{"embeddable":true,"href":"https:\/\/amanecerhuasteco.com\/portal\/wp-json\/wp\/v2\/users\/1"}],"replies":[{"embeddable":true,"href":"https:\/\/amanecerhuasteco.com\/portal\/wp-json\/wp\/v2\/comments?post=100107"}],"version-history":[{"count":1,"href":"https:\/\/amanecerhuasteco.com\/portal\/wp-json\/wp\/v2\/posts\/100107\/revisions"}],"predecessor-version":[{"id":100108,"href":"https:\/\/amanecerhuasteco.com\/portal\/wp-json\/wp\/v2\/posts\/100107\/revisions\/100108"}],"wp:featuredmedia":[{"embeddable":true,"href":"https:\/\/amanecerhuasteco.com\/portal\/wp-json\/wp\/v2\/media\/99262"}],"wp:attachment":[{"href":"https:\/\/amanecerhuasteco.com\/portal\/wp-json\/wp\/v2\/media?parent=100107"}],"wp:term":[{"taxonomy":"category","embeddable":true,"href":"https:\/\/amanecerhuasteco.com\/portal\/wp-json\/wp\/v2\/categories?post=100107"},{"taxonomy":"post_tag","embeddable":true,"href":"https:\/\/amanecerhuasteco.com\/portal\/wp-json\/wp\/v2\/tags?post=100107"}],"curies":[{"name":"wp","href":"https:\/\/api.w.org\/{rel}","templated":true}]}}