{"id":100174,"date":"2024-10-16T07:41:21","date_gmt":"2024-10-16T13:41:21","guid":{"rendered":"https:\/\/amanecerhuasteco.com\/portal\/?p=100174"},"modified":"2024-10-16T07:41:22","modified_gmt":"2024-10-16T13:41:22","slug":"presidenta-del-dif-y-alcalde-de-santa-catarina-inauguran-comedor-escolar-para-la-ninez-indigena","status":"publish","type":"post","link":"https:\/\/amanecerhuasteco.com\/portal\/presidenta-del-dif-y-alcalde-de-santa-catarina-inauguran-comedor-escolar-para-la-ninez-indigena\/","title":{"rendered":"Presidenta del DIF y Alcalde de Santa Catarina, inauguran comedor escolar para la ni\u00f1ez ind\u00edgena"},"content":{"rendered":"\n<figure class=\"wp-block-image size-large\"><img decoding=\"async\" width=\"1024\" height=\"682\" src=\"https:\/\/amanecerhuasteco.com\/portal\/wp-content\/uploads\/2024\/10\/WhatsApp-Image-2024-10-15-at-9.31.44-PM-1024x682.jpeg\" alt=\"\" class=\"wp-image-100178\" srcset=\"https:\/\/amanecerhuasteco.com\/portal\/wp-content\/uploads\/2024\/10\/WhatsApp-Image-2024-10-15-at-9.31.44-PM-1024x682.jpeg 1024w, https:\/\/amanecerhuasteco.com\/portal\/wp-content\/uploads\/2024\/10\/WhatsApp-Image-2024-10-15-at-9.31.44-PM-300x200.jpeg 300w, https:\/\/amanecerhuasteco.com\/portal\/wp-content\/uploads\/2024\/10\/WhatsApp-Image-2024-10-15-at-9.31.44-PM-768x512.jpeg 768w, https:\/\/amanecerhuasteco.com\/portal\/wp-content\/uploads\/2024\/10\/WhatsApp-Image-2024-10-15-at-9.31.44-PM.jpeg 1100w\" sizes=\"(max-width: 1024px) 100vw, 1024px\" \/><\/figure>\n\n\n\n<p>Santa Catarina.- Por gestiones del alcalde Juan Carlos Ramos Moreno ante al Instituto Nacional de los Pueblos Ind\u00edgenas, el pasado martes fue inaugurado el \u201cComedor Escolar de la Ni\u00f1ez Ind\u00edgena Miguel Hidalgo\u201d en la comunidad de Las Lagunitas.<\/p>\n\n\n\n<p>Participando, la Presidenta del DIF, Karen Manr\u00edquez Mart\u00ednez, el Alcalde Juan Carlos Ramos Moreno,Mart\u00edn Esteban Reyes, Director de la Oficina de Representaci\u00f3n en el Estado de San Luis Potos\u00ed, el H\u00e9ctor Gudi\u00f1o Colchado, Director de la Oficina de Representaci\u00f3n de C\u00e1rdenas.<\/p>\n\n\n\n<p> Se destaco la importancia de este comedor, ya que beneficiara directamente a 141 estudiantes de preescolar, primaria, telesecundaria y telebachillerato de las comunidades cercanas.<\/p>\n\n\n\n<p> Este logro es fruto del esfuerzo conjunto entre el Instituto Nacional de los Pueblos Ind\u00edgenas (INPI) y el Gobierno Municipal.<br><\/p>\n\n\n\n<p>&#8212;<\/p>\n","protected":false},"excerpt":{"rendered":"<p>Santa Catarina.- Por gestiones del alcalde Juan Carlos Ramos Moreno ante al Instituto Nacional de los Pueblos Ind\u00edgenas, el pasado martes fue inaugurado el \u201cComedor Escolar de la Ni\u00f1ez Ind\u00edgena Miguel Hidalgo\u201d en la comunidad de Las Lagunitas. Participando, la Presidenta del DIF, Karen Manr\u00edquez &hellip; <\/p>\n","protected":false},"author":1,"featured_media":100175,"comment_status":"open","ping_status":"open","sticky":false,"template":"","format":"standard","meta":{"footnotes":""},"categories":[13,11,4,73,10,12,70,59],"tags":[],"class_list":["post-100174","post","type-post","status-publish","format-standard","has-post-thumbnail","hentry","category-agropecuaria","category-estado","category-inicio","category-lagunillas","category-municipios","category-nacional","category-san-ciro","category-santa-catarina"],"_links":{"self":[{"href":"https:\/\/amanecerhuasteco.com\/portal\/wp-json\/wp\/v2\/posts\/100174","targetHints":{"allow":["GET"]}}],"collection":[{"href":"https:\/\/amanecerhuasteco.com\/portal\/wp-json\/wp\/v2\/posts"}],"about":[{"href":"https:\/\/amanecerhuasteco.com\/portal\/wp-json\/wp\/v2\/types\/post"}],"author":[{"embeddable":true,"href":"https:\/\/amanecerhuasteco.com\/portal\/wp-json\/wp\/v2\/users\/1"}],"replies":[{"embeddable":true,"href":"https:\/\/amanecerhuasteco.com\/portal\/wp-json\/wp\/v2\/comments?post=100174"}],"version-history":[{"count":1,"href":"https:\/\/amanecerhuasteco.com\/portal\/wp-json\/wp\/v2\/posts\/100174\/revisions"}],"predecessor-version":[{"id":100180,"href":"https:\/\/amanecerhuasteco.com\/portal\/wp-json\/wp\/v2\/posts\/100174\/revisions\/100180"}],"wp:featuredmedia":[{"embeddable":true,"href":"https:\/\/amanecerhuasteco.com\/portal\/wp-json\/wp\/v2\/media\/100175"}],"wp:attachment":[{"href":"https:\/\/amanecerhuasteco.com\/portal\/wp-json\/wp\/v2\/media?parent=100174"}],"wp:term":[{"taxonomy":"category","embeddable":true,"href":"https:\/\/amanecerhuasteco.com\/portal\/wp-json\/wp\/v2\/categories?post=100174"},{"taxonomy":"post_tag","embeddable":true,"href":"https:\/\/amanecerhuasteco.com\/portal\/wp-json\/wp\/v2\/tags?post=100174"}],"curies":[{"name":"wp","href":"https:\/\/api.w.org\/{rel}","templated":true}]}}