{"id":100354,"date":"2024-10-20T17:46:00","date_gmt":"2024-10-20T23:46:00","guid":{"rendered":"https:\/\/amanecerhuasteco.com\/portal\/?p=100354"},"modified":"2024-10-22T07:50:26","modified_gmt":"2024-10-22T13:50:26","slug":"entre-columnas-631","status":"publish","type":"post","link":"https:\/\/amanecerhuasteco.com\/portal\/entre-columnas-631\/","title":{"rendered":"ENTRE COLUMNAS"},"content":{"rendered":"\n<h1 class=\"wp-block-heading\">&nbsp;<\/h1>\n\n\n\n<p><strong>HASTA EL 30 DE ENERO NUEVOS&nbsp; ALCALDES&nbsp; PUEDEN&nbsp; DENUNCIAR&nbsp; IRREGULARIDADES.<\/strong><\/p>\n\n\n\n<p><strong>Los alcaldes de la nueva administraci\u00f3n tienen 30 d\u00edas para denunciar anomal\u00edas detectadas &nbsp;en procesos de entrega-recepci\u00f3n, &nbsp;el <\/strong><strong>\u00f3rgano interno de control notificar\u00e1 a los exfuncionarios responsables y \u00e9stos deber\u00e1n comparecer dentro de los 15 d\u00edas h\u00e1biles siguientes.<\/strong><strong><\/strong><\/p>\n\n\n\n<p>El titular del Instituto de Fiscalizaci\u00f3n Superior del Estado, Rodrigo Joaqu\u00edn Lecourtois L\u00f3pez, informo que los nuevos funcionarios p\u00fablicos &nbsp;deben entregar a&nbsp; sus superiores&nbsp; las&nbsp; observaciones&nbsp; para que inicien inmediatamente los trabajos de verificar y validar f\u00edsicamente el contenido del Acta Administrativa de Entrega \u2013 Recepci\u00f3n y sus anexos, el plazo para anomal\u00edas de las autoridades que entregaron, disponen &nbsp;30 d\u00edas h\u00e1biles contados a partir del acto protocolario del primero de octubre.<\/p>\n\n\n\n<p>De no comparecer o no informar por escrito el requerimiento en el plazo concedido y persistan las irregularidades detectadas por los servidores p\u00fablicos entrantes, deber\u00e1n hacerlas del conocimiento de la autoridad competente para proceder de acuerdo a la Ley de Responsabilidades Administrativas, y de las posibles responsabilidades de tipo penal o civil, que en su caso hubieren incurrido con motivo del desempe\u00f1o de su funci\u00f3n.<\/p>\n\n\n\n<p>En el caso&nbsp; de Valles, no se sabe&nbsp; nada, todo se maneja&nbsp; bajo la sombra.<strong><\/strong><\/p>\n\n\n\n<p><strong>++++++++++++<\/strong><\/p>\n\n\n\n<p>PR\u00c9STAMOS\u2026.<strong><\/strong><\/p>\n\n\n\n<p><strong>de&nbsp; dinero inmediatos a pensionados<\/strong><\/p>\n\n\n\n<h2 class=\"wp-block-heading\">CFE, ISSSTE.FFCC, SCT, PEMEX,<\/h2>\n\n\n\n<h2 class=\"wp-block-heading\">ACTIVOS Y JUBILADOS&nbsp; IMSS<\/h2>\n\n\n\n<h1 class=\"wp-block-heading\">SIN AFECTAR TARJETON.<\/h1>\n\n\n\n<h2 class=\"wp-block-heading\">Ll\u00e1menos las 24 hrs del d\u00eda<\/h2>\n\n\n\n<h1 class=\"wp-block-heading\">LLAMENOS 4811039565<\/h1>\n\n\n\n<h1 class=\"wp-block-heading\">CREDITO INMEDIATO<\/h1>\n\n\n\n<p><strong>+++++++++<\/strong><\/p>\n\n\n\n<p>LAS ARA\u00d1AS INMOVILIZADORA DE&nbsp; AUTOS&nbsp; SON ILEGALES.<\/p>\n\n\n\n<p>Desde&nbsp; que&nbsp; arbitrariamente&nbsp; un gobierno municipal pasado y su cabildo&nbsp; autorizo arbitrariamente&nbsp; a la&nbsp; empresa&nbsp; Iberparking&nbsp; aplicar&nbsp; la \u201cara\u00f1a&nbsp; inmovilizadora\u201d al&nbsp; autom\u00f3vil que por descuido de&nbsp; su&nbsp; conductor no&nbsp; deposito la&nbsp; cuota&nbsp; monetaria&nbsp; suficiente para cubrir&nbsp; mas&nbsp; tiempo estacionado el veh\u00edculo&nbsp; en un caj\u00f3n con cobro de estaciono metro, los quejosos acudieron a las autoridades del estado&nbsp; y el Congreso que supuestamente&nbsp; avalaba&nbsp; estos atracos, la&nbsp; respuesta&nbsp; fue&nbsp; negativa, hasta&nbsp; que&nbsp; la&nbsp; SCJN hizo p\u00fablico para&nbsp; todo el pa\u00eds; la&nbsp;&nbsp; resoluci\u00f3n en el&nbsp; a\u00f1o 2013&nbsp; que&nbsp; establece; NO ES&nbsp; L E G A L dictamin\u00f3 la inconstitucionalidad del uso de ara\u00f1as inmovilizadores para garantizar el pago de multa por no respetar el \u00e1rea de parqu\u00edmetros o por multas de otro tipo.<\/p>\n\n\n\n<p>En Valles&nbsp; esas&nbsp; multas&nbsp; las&nbsp; cobra&nbsp; el municipio. A partir de&nbsp; este&nbsp; nuevo trienio la ara\u00f1a sigue&nbsp; aplic\u00e1ndose&nbsp; pero&nbsp; ahora es la empresa.<\/p>\n\n\n\n<p><strong>++++++++++<\/strong><\/p>\n\n\n\n<p>CARROCERIAS&nbsp; BUSTOS<\/p>\n\n\n\n<p>Reforma y Lerdo de tejada Col. Altavista.<\/p>\n\n\n\n<p>Cd Valles SLP&nbsp; Tel. 3824777.<\/p>\n\n\n\n<p>En carrocer\u00edas para camiones y camionetas nadie nos compite.<\/p>\n\n\n\n<p>+++++++<\/p>\n\n\n\n<p>PRINCIPALES&nbsp; PUESTOS DEL AYUNTAMIENTO&nbsp;&nbsp; TAMBIEN SE \u201cREELIGIERON\u201d<\/p>\n\n\n\n<p>El Titular del actual ayuntamiento se&nbsp; reeligi\u00f3 para&nbsp;&nbsp; un nuevo periodo pero&nbsp; tambi\u00e9n lo hicieron sus principales&nbsp; funcionarios, falta saber si en el caso de la Codesol&nbsp; ser\u00e1n los mismos&nbsp; consejeros&nbsp; que fueron elegidos al inicio del trienio anterior por vecinos&nbsp; de las colonias&nbsp; que&nbsp; dicen representar ante este organismo.<\/p>\n\n\n\n<p>En efecto, los puestos de mayor importancia seguir\u00e1n &nbsp;ocupados por los mismos del trienio anterior&nbsp; administrativamente&nbsp; hablando, contin\u00faan los mismos, a saber; Anel Coronado Aguilar, qui\u00e9n fue Tesorera los tres a\u00f1os completos del primer trienio&nbsp; del&nbsp; alcalde reelecto,<\/p>\n\n\n\n<p>La contralor\u00eda Interna&nbsp; repite Francisco Rafael Rodr\u00edguez Aguilar, &nbsp;tambi\u00e9n donde&nbsp; se opera&nbsp; la aplicaci\u00f3n supuestamente etiquetada&nbsp; del presupuesto federal&nbsp; la Coordinaci\u00f3n de Desarrollo Social, sigue el mismo Roberto Res\u00e9ndiz Galv\u00e1n, finalmente en la direcci\u00f3n de Recursos Humanos sigue Smirna de la Garza Baldelamar.<\/p>\n\n\n\n<p><strong>\u00b4\u00b4+++++++++++++<\/strong><\/p>\n\n\n\n<h1 class=\"wp-block-heading\">QFB&nbsp; FABIOLA GARCIA ALVAREZ<\/h1>\n\n\n\n<h2 class=\"wp-block-heading\">Perito dictaminador en an\u00e1lisis bacteriol\u00f3gico de agua<\/h2>\n\n\n\n<h2 class=\"wp-block-heading\">Y alimentos con n\u00famero GES-PD 0705<\/h2>\n\n\n\n<h2 class=\"wp-block-heading\">Perito dictaminador en&nbsp; estupefacientes GES-PD0523<\/h2>\n\n\n\n<h2 class=\"wp-block-heading\">Maestr\u00eda&nbsp; en an\u00e1lisis cl\u00ednicos 1301 \u2013 368068<\/h2>\n\n\n\n<p><strong>Ced&nbsp; prof&nbsp; 8664204&nbsp;&nbsp; Tel. AS&nbsp; REGLAS &nbsp;1 66 64<\/strong><\/p>\n\n\n\n<h2 class=\"wp-block-heading\">Asesor\u00eda,&nbsp; auditor\u00eda&nbsp; y gesti\u00f3n ambiental.<\/h2>\n\n\n\n<h2 class=\"wp-block-heading\">G. Victoria No. 8&nbsp; zona centro Cd Valles<\/h2>\n\n\n\n<p><strong>++++++++++++<\/strong><\/p>\n\n\n\n<p><strong>NECESARIO&nbsp; REGLAMENTAR&nbsp; LA VIALIDAD Y RESPETEN&nbsp; REGLAMENTO.<\/strong><\/p>\n\n\n\n<p><strong>C0N&nbsp; parqu\u00edmetros y sin esos&nbsp; aparatos mientras&nbsp; las autoridades&nbsp; no implementen reglas&nbsp; de&nbsp; vialidad, el problema&nbsp; de vialidad y estacionamiento de&nbsp; veh\u00edculos&nbsp; en la zona centro de la urbe Huasteca persistir\u00e1&nbsp; hasta en tanto se&nbsp; instrumenten reglas y sanciones&nbsp; a los automovilistas&nbsp; infractores&nbsp;&nbsp; los mismos comerciantes&nbsp; establecidos en la zona centro,.<\/strong><\/p>\n\n\n\n<p><strong>El gobierno municipal Vallense reci\u00e9n public\u00f3&nbsp; que ser\u00e1 el ayuntamiento la entidad&nbsp; responsable&nbsp; de aplicar los reglamentos de Tr\u00e1nsito y Comercio (obsoletos) para liberar espacios en el centro, que actualmente son apartados por los mismos&nbsp; comerciantes&nbsp; establecidos&nbsp; y el ambulantaje que invaden&nbsp; (separan como estacionamiento exclusivo) con conos, diablitos y toda&nbsp; clase&nbsp; de obst\u00e1culos, en consecuencia los clientes prefieren establecimientos con estacionamientos libres y sin costo. Sus ventas se&nbsp;&nbsp; reducen.<\/strong><\/p>\n\n\n\n<p><strong>Al respecto el&nbsp; alcalde&nbsp;&nbsp; manifest\u00f3 \u201cSe van a definir algunos puntos, el cabildo est\u00e1&nbsp; convocando&nbsp; a una revisi\u00f3n con la S\u00edndico Municipal\u2026 Estamos haciendo lo correcto para que al municipio le vaya bien\u2026\u201d&nbsp; En la misma convocatoria&nbsp; se&nbsp; incluyen&nbsp; representantes de todos los sectores&nbsp; activos de la ciudad&nbsp; y a los mismos&nbsp; comerciantes&nbsp; que&nbsp; dieron origen a&nbsp; esta&nbsp; iniciativa de los&nbsp; estaciono metros hace once a\u00f1os.<\/strong><\/p>\n\n\n\n<p><strong>+++++++++<\/strong><\/p>\n\n\n\n<h1 class=\"wp-block-heading\">\u201cFINCA&nbsp; SAN ISIDRO\u201d<\/h1>\n\n\n\n<h2 class=\"wp-block-heading\">Sal\u00f3n para fiestas de todo tipo.<\/h2>\n\n\n\n<h2 class=\"wp-block-heading\">Carretera Valles \u2013 R\u00edo Verde Km. 8<\/h2>\n\n\n\n<h2 class=\"wp-block-heading\">Contrataciones al Tel. 01 481<\/h2>\n\n\n\n<p><strong>++++++++++++<\/strong><\/p>\n\n\n\n<p><strong>AJUSTES&nbsp; EN EL GABINETE ESTATAL.<\/strong>\u2022<strong><\/strong><\/p>\n\n\n\n<p>Como informamos&nbsp; oportunamente, hubo cambios o enroques&nbsp; en el equipo de primera l\u00ednea&nbsp; del gobierno del estado, tras las evaluaciones permanentes que realiz\u00f3 el Gobernador en todas las dependencias administrativas.<\/p>\n\n\n\n<p>Para mejorar la atenci\u00f3n y brindar m\u00e1s apoyo a los potosinos de las cuatro regiones, el Gobernador de San Luis Potos\u00ed Ricardo Gallardo Cardona, anunci\u00f3 ajustes en el gabinete de la administraci\u00f3n estatal, en la Secretar\u00eda de Desarrollo Agropecuario y Recursos Hidr\u00e1ulicos (Sedarh), el Instituto Potosino de la Juventud (Inpojuve), y el Sistema de Financiamiento para el Desarrollo del Estado (Sifide), El Mandatario Estatal explic\u00f3 que tras las evaluaciones permanentes que realiza el Gobierno del Estado a todas las dependencias, se determin\u00f3 un enroque en la Sedarh,&nbsp; donde se integra como titular Jorge D\u00edaz, mientras que Marcela Quevedo Pati\u00f1o, asumir\u00e1 la titularidad del Inpojuve, con lo que buscar\u00e1n llevar m\u00e1s apoyo a &nbsp;los productores del campo y a la juventud potosina&nbsp; respectivamente. Tambi\u00e9n habr\u00e1 cambios en el Sistema de Financiamiento para el Desarrollo del Estado (Sifide), se inform\u00f3 la integraci\u00f3n de Sonia Mendoza D\u00edaz al gabinete estatal,<\/p>\n\n\n\n<p>Las evaluaciones a &nbsp;los funcionarios del Gobierno del Estado, se realizan mensualmente, para ejercer de manera eficiente los recursos, brindar resultados puntuales en el combate a la corrupci\u00f3n, transparencia y hacer frente al rezago que la maldita herencia, todo con la finalidad de mejorar la calidad de vida y desarrollo de las familias potosinas.<\/p>\n\n\n\n<p>++++++++++++<\/p>\n\n\n\n<p><strong>CORREN A PEDRADAS A POLICIA DE LA&nbsp; GUARDIA CIVIL DEL ESTADO EN EL POBLADO \u201cLA ESCALERA<\/strong><\/p>\n\n\n\n<p><strong>Vecinos&nbsp; de la&nbsp; comunidad&nbsp; La Escalera&nbsp; del municipio de&nbsp; Huehuetl\u00e1n, echaron en corrida a polic\u00edas&nbsp; de&nbsp; la&nbsp; Guardia&nbsp; estatal que&nbsp; estuvo a un tris&nbsp; de llegar a una pedriza, donde&nbsp; estuvieron involucrados el alcalde y el <\/strong><strong>&nbsp;comisario Edgar Mar del \u00c1ngel \u00e9ste&nbsp; orden\u00f3 a su gente revisar&nbsp; un&nbsp; veh\u00edculo \u201csospechoso\u201d estacionado que seg\u00fan insist\u00eda&nbsp; ten\u00eda huellas&nbsp; de&nbsp; balazo y blindada, propiedad&nbsp; del mun\u00edcipe&nbsp; quien se&nbsp; quejaba de abuso de autoridad.<\/strong><\/p>\n\n\n\n<p>El alcalde de Huehuetl\u00e1n Ram\u00f3n Mart\u00ednez Avitud, estaciono su veh\u00edculo&nbsp; a&nbsp;&nbsp; orillas de la carretera 85 para la Guardia Civil Estatal al mando del Comisario Edgar Mar del \u00c1ngel, era&nbsp; un carro sospechoso, &nbsp;cuando&nbsp; sali\u00f3 de su domicilio el alcalde a preguntar &nbsp;porque&nbsp; pretend\u00edan revisar su veh\u00edculo estacionado se&nbsp; origin\u00f3 el altercado de palabras con el jefe policiaco, cuando los vecinos empezaban a&nbsp; reunirse&nbsp; y reclamaban el proceder policiaco,, hubo tensi\u00f3n&nbsp; por&nbsp; algunos segundos y&nbsp; huyeron a bordo de la patrulla circulando en contra sentido por la autopista<strong><\/strong><\/p>\n\n\n\n<p>De&nbsp; acuerdo con el video&nbsp; grabado&nbsp; desde el principio y circulado en el acto en redes sociales, se origin\u00f3&nbsp; por la &nbsp;revisi\u00f3n debido a que viajaba en un veh\u00edculo blindado y &nbsp;presentaba un impacto de bala, sin embargo nunca revisaron la camioneta, luego el altercado y confrontaci\u00f3n verbal.<\/p>\n\n\n\n<p>&nbsp;Esta video grabado como el alcalde&nbsp; exclama: \u201cpor favor ret\u00edrense porque no comet\u00edan ning\u00fan delito, chequen lo que tengan que hacer, yo tambi\u00e9n estoy haciendo mi trabajo y \u00bfporqu\u00e9 tiene que venir a bajar de mi veh\u00edculo. No tiene impactos de bala ch\u00e9quele, no estoy intimidando a nadie, estoy en mi domicilio\u201d.<strong><\/strong><\/p>\n\n\n\n<p><strong>+++++++++++++<\/strong><\/p>\n\n\n\n<p><strong>\u00bfEL PROXIMO DOMINGO 3 DE NOVIEMBRE CAMBIA A HORARIO DE INVIERNO EN M\u00e9xico?<\/strong><\/p>\n\n\n\n<p>El cambio de horario en M\u00e9xico por invierno dar\u00e1 inicio el este pr\u00f3ximo <strong>domingo 03 de noviembre de 2024<\/strong>, hecho por el cual se deber\u00e1 retrasar una hora el reloj.<\/p>\n\n\n\n<p>Esta modificaci\u00f3n iniciar\u00e1 a las <strong>2:00 de la ma\u00f1ana<\/strong>, por lo que, en caso de requerirlo, en ese momento usted deber\u00e1 mover las manecillas a manera de que den la 1:00. A M<\/p>\n\n\n\n<p>Respecto&nbsp; de celulares, tablets y computadoras hacen el cambio de horario en autom\u00e1tico, sin embargo, hay aparatos en los que deber\u00e1s hacerlo <strong>de forma manual<\/strong> porque no est\u00e1n conectados al Wi-Fi.<\/p>\n\n\n\n<p>+++++++++++++++<\/p>\n\n\n\n<h1 class=\"wp-block-heading\">\u201cCAF\u00c9 Y RESTAURANT&nbsp;<\/h1>\n\n\n\n<h1 class=\"wp-block-heading\">EL FAROLITO<\/h1>\n\n\n\n<p><strong>Lo mejor de la cocina Huasteca; el tradicional zacahuil y cazueladas .Atendemos toda clase de&nbsp; festejos. Pedidos al Tel&nbsp; 3821017 Ciudad Valles SLP<\/strong><\/p>\n\n\n\n<p><strong>+++++++++++++<\/strong><\/p>\n\n\n\n<p><strong>D e&nbsp;&nbsp; v o l a d a .-<\/strong><\/p>\n\n\n\n<h2 class=\"wp-block-heading\">Aportacion del<\/h2>\n\n\n\n<h2 class=\"wp-block-heading\">CP Abraham Camarillo Orta.<\/h2>\n\n\n\n<p><strong>LO QUE&nbsp; LA&nbsp; CIUDADANIA&nbsp; NO SABE&nbsp; POR FALTA DE DIVULGACION.<\/strong><\/p>\n\n\n\n<p>R E G I D O R E S<\/p>\n\n\n\n<p><strong>Facultades y Obligaciones<\/strong><\/p>\n\n\n\n<p><strong>\u00bfSABES QUE OBLIGACIONES TIENE UN REGIDOR?<\/strong><\/p>\n\n\n\n<p><strong>A veces leer nos aburre, sin embargo al hacerlo de forma continua nos forma un h\u00e1bito maravilloso porque esta actividad Mejora el Lenguaje, Fortalece la Concentraci\u00f3n, Alimenta La Imaginaci\u00f3n y esto nos permite construir con facilidad nuevos conocimientos, por eso los invito a leer este tema muy importante que sin lugar a dudas nos induce a ser mejores ciudadanos al convertirnos en personas m\u00e1s activas en mejorar nuestro entorno, a entender a los gobernantes y exigirles, tambi\u00e9n conocer y cumplir con nuestras obligaciones, esto es ganar y ganar.<\/strong><\/p>\n\n\n\n<p><strong>En el Municipio de Valles, a partir del 01 de octubre de 2024, con una nueva Administraci\u00f3n Municipal derivada de la pasada elecci\u00f3n, nuestros comentarios se referir\u00e1n en lo particular a una de las partes m\u00e1s importantes del Ayuntamiento, los Regidores, para esto es necesario saber que nuestro Ayuntamiento se compone de 15 integrantes:<\/strong><\/p>\n\n\n\n<p><strong>1. Un Presidente MunicipaL<\/strong><\/p>\n\n\n\n<p><strong>2. Un Regidor de Mayor\u00eda relativa<\/strong><\/p>\n\n\n\n<p><strong>3. Dos S\u00edndicos<\/strong><\/p>\n\n\n\n<p><strong>4. Once Regidores de Representaci\u00f3n Proporcional<\/strong><\/p>\n\n\n\n<p><strong>La Ley Org\u00e1nica del Municipio Libre del Estado de San Luis Potos\u00ed, establece para los Regidores, lo siguiente:<\/strong><\/p>\n\n\n\n<p><strong>ARTICULO 74. Son facultades y obligaciones de los regidores:<\/strong><\/p>\n\n\n\n<p><strong>I.- Asistir puntualmente a las sesiones del, participar en las discusiones con voz y voto.<\/strong><\/p>\n\n\n\n<p><strong>II. Cumplir las comisiones que les encomiende el cabildo, informando a m\u00e1s tardar cada dos meses en sesi\u00f3n ordinaria, del trabajo realizado y de los resultados obtenidos;<\/strong><\/p>\n\n\n\n<p><strong>III. Proponer al cabildo los acuerdos que deban dictarse para la eficaz prestaci\u00f3n de los servicios p\u00fablicos, o el mejor ejercicio de las funciones municipales cuya vigilancia les haya sido encomendada;<\/strong><\/p>\n\n\n\n<p><strong>IV. Vigilar los ramos de la administraci\u00f3n municipal que les correspondan, para lo cual contar\u00e1n con la informaci\u00f3n suficiente y expedita de las dependencias municipales, informando peri\u00f3dicamente de ello al Cabildo;<\/strong><\/p>\n\n\n\n<p><strong>V. Suplir al Presidente en sus faltas temporales en la forma prevista en esta Ley;<\/strong><\/p>\n\n\n\n<p><strong>VI. Concurrir a las ceremonias oficiales y a los dem\u00e1s actos que fueren citados por el Presidente Municipal;<\/strong><\/p>\n\n\n\n<p><strong>VII. Solicitar se convoque a sesiones ordinarias y extraordinarias al Cabildo. Cuando se rehusare el Presidente Municipal a convocar a sesi\u00f3n sin causa justificada, o cuando por cualquier motivo no se encontrare en posibilidad de hacerlo, los regidores podr\u00e1n convocar en los t\u00e9rminos del \u00faltimo p\u00e1rrafo del art\u00edculo 21 de la presente Ley;<\/strong><\/p>\n\n\n\n<p><strong>VIII. Suplir las faltas temporales de los s\u00edndicos suplentes en funciones, cuando para ello fueren designados por el Cabildo;<\/strong><\/p>\n\n\n\n<p><strong>IX. Asistir y acreditar los cursos de inducci\u00f3n, talleres de capacitaci\u00f3n y formaci\u00f3n que instrumente e imparta el Ejecutivo del Estado, por conducto de la dependencia del Ramo correspondiente, o por universidades p\u00fablicas o privadas; y participar en el proceso de entrega-recepci\u00f3n de los recursos p\u00fablicos por cambio de administraci\u00f3n municipal, una vez que cuenten con la constancia de la autoridad electoral que los acredite como tales y antes de tomar posesi\u00f3n de su cargo; as\u00ed como asistir a los cursos de capacitaci\u00f3n y formaci\u00f3n que instrumente e imparta la Auditor\u00eda Superior del Estado, durante el tiempo del ejercicio de la administraci\u00f3n para la cual fue electo, y<\/strong><\/p>\n\n\n\n<p><strong>X. Las dem\u00e1s que les otorguen la Ley y los reglamentos aplicables.<\/strong><\/p>\n\n\n\n<p><strong>Es decir un Regidor tiene mucho trabajo que realizar, independientemente de la responsabilidad que la Ley contempla para ellos en cuanto a las Facultades y Obligaciones mencionadas. Es importante se\u00f1alar que el Ayuntamiento al ser convocado para sesionar se le denomina CABILDO y es all\u00ed donde se presentan, analizan, discuten, debaten y aprueban todos los asuntos de la Presidencia y se toman las determinaciones para que el Presidente las ejecute, para esto el Art\u00edculo 70 de la referida Ley Org\u00e1nica, se\u00f1ala que la persona titular de la Presidencia Municipal, ES LA EJECUTIVA de las DETERMINACIONES DEL AYUNTAMIENTO, esto independientemente de las Facultades y Obligaciones que la misma Ley org\u00e1nica le impone. Queda de forma muy clara que el Presidente no es el jefe, ni propietario, mucho menos el Rey de los Regidores, si no que al integrar el Ayuntamiento, \u00e9l, as\u00ed como cada uno de los Regidores son s\u00f3lo una parte, quiere decir que la Administraci\u00f3n es responsabilidad de todos estos personajes. Por eso los Regidores deben saber para que fueron elegidos, que no vayan s\u00f3lo a Levantar la Mano, no son los empleados del Presidente y esto es lo mismo para los Regidores de su planilla y S\u00edndicos, no le deben ning\u00fan favor por estar en ese cargo, el favor y el compromiso es con los ciudadanos que votaron por ellos, por otra parte, ellos mismo se aprueban sus remuneraciones, esto les hace adquirir una mayor obligaci\u00f3n. Referente al tema de las remuneraciones la Ley Org\u00e1nica contiene la regulaci\u00f3n de \u00e9stas en el Art\u00edculo 31. Facultades y obligaciones del Ayuntamiento. Inciso b), fracci\u00f3n IX, p\u00e1rrafo segundo de la Ley Org\u00e1nica del Municipio.&nbsp; \u2026.Continuara&nbsp; la pr\u00f3xima semana.-<\/strong><\/p>\n\n\n\n<p><strong>&#8212;<\/strong><\/p>\n","protected":false},"excerpt":{"rendered":"<p>&nbsp; HASTA EL 30 DE ENERO NUEVOS&nbsp; ALCALDES&nbsp; PUEDEN&nbsp; DENUNCIAR&nbsp; IRREGULARIDADES. Los alcaldes de la nueva administraci\u00f3n tienen 30 d\u00edas para denunciar anomal\u00edas detectadas &nbsp;en procesos de entrega-recepci\u00f3n, &nbsp;el \u00f3rgano interno de control notificar\u00e1 a los exfuncionarios responsables y \u00e9stos deber\u00e1n comparecer dentro de los &hellip; <\/p>\n","protected":false},"author":1,"featured_media":100356,"comment_status":"open","ping_status":"open","sticky":false,"template":"","format":"standard","meta":{"footnotes":""},"categories":[17,4],"tags":[],"class_list":["post-100354","post","type-post","status-publish","format-standard","has-post-thumbnail","hentry","category-colaboraciones","category-inicio"],"_links":{"self":[{"href":"https:\/\/amanecerhuasteco.com\/portal\/wp-json\/wp\/v2\/posts\/100354","targetHints":{"allow":["GET"]}}],"collection":[{"href":"https:\/\/amanecerhuasteco.com\/portal\/wp-json\/wp\/v2\/posts"}],"about":[{"href":"https:\/\/amanecerhuasteco.com\/portal\/wp-json\/wp\/v2\/types\/post"}],"author":[{"embeddable":true,"href":"https:\/\/amanecerhuasteco.com\/portal\/wp-json\/wp\/v2\/users\/1"}],"replies":[{"embeddable":true,"href":"https:\/\/amanecerhuasteco.com\/portal\/wp-json\/wp\/v2\/comments?post=100354"}],"version-history":[{"count":1,"href":"https:\/\/amanecerhuasteco.com\/portal\/wp-json\/wp\/v2\/posts\/100354\/revisions"}],"predecessor-version":[{"id":100355,"href":"https:\/\/amanecerhuasteco.com\/portal\/wp-json\/wp\/v2\/posts\/100354\/revisions\/100355"}],"wp:featuredmedia":[{"embeddable":true,"href":"https:\/\/amanecerhuasteco.com\/portal\/wp-json\/wp\/v2\/media\/100356"}],"wp:attachment":[{"href":"https:\/\/amanecerhuasteco.com\/portal\/wp-json\/wp\/v2\/media?parent=100354"}],"wp:term":[{"taxonomy":"category","embeddable":true,"href":"https:\/\/amanecerhuasteco.com\/portal\/wp-json\/wp\/v2\/categories?post=100354"},{"taxonomy":"post_tag","embeddable":true,"href":"https:\/\/amanecerhuasteco.com\/portal\/wp-json\/wp\/v2\/tags?post=100354"}],"curies":[{"name":"wp","href":"https:\/\/api.w.org\/{rel}","templated":true}]}}