{"id":100394,"date":"2024-10-23T07:55:22","date_gmt":"2024-10-23T13:55:22","guid":{"rendered":"https:\/\/amanecerhuasteco.com\/portal\/?p=100394"},"modified":"2024-11-04T12:54:03","modified_gmt":"2024-11-04T18:54:03","slug":"indepi-realizo-el-programa-alerta-verde-en-la-comunidad-xiiuy-de-santa-maria-acapulco","status":"publish","type":"post","link":"https:\/\/amanecerhuasteco.com\/portal\/indepi-realizo-el-programa-alerta-verde-en-la-comunidad-xiiuy-de-santa-maria-acapulco\/","title":{"rendered":"INDEPI realiz\u00f3 el Programa Alerta Verde en la comunidad Xi\u2019iuy de Santa Mar\u00eda Acapulco"},"content":{"rendered":"\n<p>-GOBIERNO MUNICIPAL Y ESTATAL LLEVA PROGRAMA ALERTA VERDE A COMUNIDADES ORIGINARIAS<br>\u2022300 personas Xi\u2019iuy de la comunidad de Santa Mar\u00eda Acapulco en Santa Catarina fueron beneficiadas con m\u00f3dulos informativos<\/p>\n\n\n\n<p>En el marco de la conmemoraci\u00f3n del d\u00eda mundial de la prevenci\u00f3n del embarazo no planificado en adolescentes, el Instituto de Desarrollo Humano y Social de los Pueblos y Comunidades Ind\u00edgenas (Indepi), realiz\u00f3 el Programa Alerta Verde en la comunidad Xi\u2019iuy de Santa Mar\u00eda Acapulco, municipio de Santa Catarina, en coordinaci\u00f3n con el Consejo Estatal de Poblaci\u00f3n (Coespo) y otras dependencias, para promover el derecho de la ni\u00f1ez y las juventudes a decidir de forma libre e informada sobre su vida reproductiva.<br>El director de la dependencia, Filem\u00f3n Hilario Flores, dijo que en seguimiento a la encomienda del Gobernador Ricardo Gallardo, se brind\u00f3 m\u00e1s apoyo y atenci\u00f3n a ni\u00f1as, ni\u00f1os y adolescentes, a quienes impartieron pl\u00e1ticas, entregaron materiales impresos, actividades l\u00fadicas, consultas, aplicaci\u00f3n de vacunas; as\u00ed como especial atenci\u00f3n a madres y padres de familia para la prevenci\u00f3n de la violencia y confidencial a quienes lo requirieron, con un total de 300 personas beneficiadas.<br>Finalmente, destac\u00f3 que la prevenci\u00f3n del embarazo no planificado en adolescentes es una labor compartida e integral, por lo que en las comunidades ind\u00edgenas, ser\u00e1n las madres y padres de familia con quienes hemos de trabajar de forma m\u00e1s cercana para garantizar el \u00e9xito de este programa.<\/p>\n","protected":false},"excerpt":{"rendered":"<p>-GOBIERNO MUNICIPAL Y ESTATAL LLEVA PROGRAMA ALERTA VERDE A COMUNIDADES ORIGINARIAS\u2022300 personas Xi\u2019iuy de la comunidad de Santa Mar\u00eda Acapulco en Santa Catarina fueron beneficiadas con m\u00f3dulos informativos En el marco de la conmemoraci\u00f3n del d\u00eda mundial de la prevenci\u00f3n del embarazo no planificado en &hellip; <\/p>\n","protected":false},"author":1,"featured_media":100395,"comment_status":"open","ping_status":"open","sticky":false,"template":"","format":"standard","meta":{"footnotes":""},"categories":[13,14,11,4,73,59],"tags":[],"class_list":["post-100394","post","type-post","status-publish","format-standard","has-post-thumbnail","hentry","category-agropecuaria","category-caneros","category-estado","category-inicio","category-lagunillas","category-santa-catarina"],"_links":{"self":[{"href":"https:\/\/amanecerhuasteco.com\/portal\/wp-json\/wp\/v2\/posts\/100394","targetHints":{"allow":["GET"]}}],"collection":[{"href":"https:\/\/amanecerhuasteco.com\/portal\/wp-json\/wp\/v2\/posts"}],"about":[{"href":"https:\/\/amanecerhuasteco.com\/portal\/wp-json\/wp\/v2\/types\/post"}],"author":[{"embeddable":true,"href":"https:\/\/amanecerhuasteco.com\/portal\/wp-json\/wp\/v2\/users\/1"}],"replies":[{"embeddable":true,"href":"https:\/\/amanecerhuasteco.com\/portal\/wp-json\/wp\/v2\/comments?post=100394"}],"version-history":[{"count":2,"href":"https:\/\/amanecerhuasteco.com\/portal\/wp-json\/wp\/v2\/posts\/100394\/revisions"}],"predecessor-version":[{"id":100712,"href":"https:\/\/amanecerhuasteco.com\/portal\/wp-json\/wp\/v2\/posts\/100394\/revisions\/100712"}],"wp:featuredmedia":[{"embeddable":true,"href":"https:\/\/amanecerhuasteco.com\/portal\/wp-json\/wp\/v2\/media\/100395"}],"wp:attachment":[{"href":"https:\/\/amanecerhuasteco.com\/portal\/wp-json\/wp\/v2\/media?parent=100394"}],"wp:term":[{"taxonomy":"category","embeddable":true,"href":"https:\/\/amanecerhuasteco.com\/portal\/wp-json\/wp\/v2\/categories?post=100394"},{"taxonomy":"post_tag","embeddable":true,"href":"https:\/\/amanecerhuasteco.com\/portal\/wp-json\/wp\/v2\/tags?post=100394"}],"curies":[{"name":"wp","href":"https:\/\/api.w.org\/{rel}","templated":true}]}}