{"id":100397,"date":"2024-10-23T08:10:21","date_gmt":"2024-10-23T14:10:21","guid":{"rendered":"https:\/\/amanecerhuasteco.com\/portal\/?p=100397"},"modified":"2024-10-23T08:10:23","modified_gmt":"2024-10-23T14:10:23","slug":"alcalde-de-tamasopo-da-banderazo-de-la-primer-obra-de-su-administracion","status":"publish","type":"post","link":"https:\/\/amanecerhuasteco.com\/portal\/alcalde-de-tamasopo-da-banderazo-de-la-primer-obra-de-su-administracion\/","title":{"rendered":"Alcalde de Tamasopo da banderazo de la primer obra de su administraci\u00f3n"},"content":{"rendered":"\n<p>Tamasopo.- El Presidente Municipal Mauricio Andrade Merchan, dio el banderazo al arranque de una obra de pavimentaci\u00f3n en la Delegaci\u00f3n de Dami\u00e1n Carmona.<\/p>\n\n\n\n<p>Acompa\u00f1ado de integrantes del cabildo, funcionarios municipales y Rogelio Torres Loredo Comisariado Ejidal de Dami\u00e1n Carmona, el alcalde dio el banderazo de arranque de la primera obra en su gobierno, con recursos federales que corresponden a los \u00faltimos 3 meses del ejercicio fiscal 2024.<\/p>\n\n\n\n<p>Esta obra, hab\u00eda sido solicitada por habitantes del lugar y con ello se cumple uno de los compromisos realizados durante su campa\u00f1a y con la calidad de vida de las personas mejorara, se trata de una pavimentaci\u00f3n de 129 metros lineales con 5 metros de ancho en la calle Juan Escutia en el Barrio el Olvido.<\/p>\n\n\n\n<p> Durante el evento, el presidente enfatiz\u00f3 que esta obra es solo el inicio de un programa de obras que contempla 13 proyectos m\u00e1s en diversas localidades.<\/p>\n\n\n\n<p> Con estas iniciativas, se busca impulsar el progreso y mejorar la infraestructura de Tamasopo.<\/p>\n\n\n\n<p>&#8212;<\/p>\n","protected":false},"excerpt":{"rendered":"<p>Tamasopo.- El Presidente Municipal Mauricio Andrade Merchan, dio el banderazo al arranque de una obra de pavimentaci\u00f3n en la Delegaci\u00f3n de Dami\u00e1n Carmona. Acompa\u00f1ado de integrantes del cabildo, funcionarios municipales y Rogelio Torres Loredo Comisariado Ejidal de Dami\u00e1n Carmona, el alcalde dio el banderazo de &hellip; <\/p>\n","protected":false},"author":1,"featured_media":100399,"comment_status":"open","ping_status":"open","sticky":false,"template":"","format":"standard","meta":{"footnotes":""},"categories":[13,14,28,29,11,15,16,4,21],"tags":[],"class_list":["post-100397","post","type-post","status-publish","format-standard","has-post-thumbnail","hentry","category-agropecuaria","category-caneros","category-cnc","category-cnpr","category-estado","category-ganaderos","category-ingenios","category-inicio","category-tamasopo"],"_links":{"self":[{"href":"https:\/\/amanecerhuasteco.com\/portal\/wp-json\/wp\/v2\/posts\/100397","targetHints":{"allow":["GET"]}}],"collection":[{"href":"https:\/\/amanecerhuasteco.com\/portal\/wp-json\/wp\/v2\/posts"}],"about":[{"href":"https:\/\/amanecerhuasteco.com\/portal\/wp-json\/wp\/v2\/types\/post"}],"author":[{"embeddable":true,"href":"https:\/\/amanecerhuasteco.com\/portal\/wp-json\/wp\/v2\/users\/1"}],"replies":[{"embeddable":true,"href":"https:\/\/amanecerhuasteco.com\/portal\/wp-json\/wp\/v2\/comments?post=100397"}],"version-history":[{"count":1,"href":"https:\/\/amanecerhuasteco.com\/portal\/wp-json\/wp\/v2\/posts\/100397\/revisions"}],"predecessor-version":[{"id":100400,"href":"https:\/\/amanecerhuasteco.com\/portal\/wp-json\/wp\/v2\/posts\/100397\/revisions\/100400"}],"wp:featuredmedia":[{"embeddable":true,"href":"https:\/\/amanecerhuasteco.com\/portal\/wp-json\/wp\/v2\/media\/100399"}],"wp:attachment":[{"href":"https:\/\/amanecerhuasteco.com\/portal\/wp-json\/wp\/v2\/media?parent=100397"}],"wp:term":[{"taxonomy":"category","embeddable":true,"href":"https:\/\/amanecerhuasteco.com\/portal\/wp-json\/wp\/v2\/categories?post=100397"},{"taxonomy":"post_tag","embeddable":true,"href":"https:\/\/amanecerhuasteco.com\/portal\/wp-json\/wp\/v2\/tags?post=100397"}],"curies":[{"name":"wp","href":"https:\/\/api.w.org\/{rel}","templated":true}]}}