{"id":100670,"date":"2024-11-03T11:26:16","date_gmt":"2024-11-03T17:26:16","guid":{"rendered":"https:\/\/amanecerhuasteco.com\/portal\/?p=100670"},"modified":"2024-11-03T11:26:18","modified_gmt":"2024-11-03T17:26:18","slug":"gobierno-promueve-dia-de-muertos-con-encuentro-entre-pueblos-originarios","status":"publish","type":"post","link":"https:\/\/amanecerhuasteco.com\/portal\/gobierno-promueve-dia-de-muertos-con-encuentro-entre-pueblos-originarios\/","title":{"rendered":"Gobierno promueve d\u00eda de muertos con encuentro entre pueblos originarios"},"content":{"rendered":"\n<p><br>\u2022\u00a0 \u00a0 \u00a0 \u00a0En el acercamiento multicultural, participaron personas N\u00e1huatl, T\u00e9nek y Xi\u00b4iuy en el Estado<\/p>\n\n\n\n<figure class=\"wp-block-image size-full\"><img decoding=\"async\" width=\"641\" height=\"960\" src=\"https:\/\/amanecerhuasteco.com\/portal\/wp-content\/uploads\/2024\/11\/WhatsApp-Image-2024-11-02-at-6.12.36-PM.jpeg\" alt=\"\" class=\"wp-image-100672\" srcset=\"https:\/\/amanecerhuasteco.com\/portal\/wp-content\/uploads\/2024\/11\/WhatsApp-Image-2024-11-02-at-6.12.36-PM.jpeg 641w, https:\/\/amanecerhuasteco.com\/portal\/wp-content\/uploads\/2024\/11\/WhatsApp-Image-2024-11-02-at-6.12.36-PM-200x300.jpeg 200w\" sizes=\"(max-width: 641px) 100vw, 641px\" \/><\/figure>\n\n\n\n<p>Dentro de las acciones para preservar y promover la transmisi\u00f3n de costumbres y tradiciones, as\u00ed como exponer la cosmovisi\u00f3n de los pueblos originarios N\u00e1huatl, T\u00e9nek y Xi\u00b4iuy, la Secretar\u00eda de Educaci\u00f3n de Gobierno del Estado (SEGE),&nbsp; realiz\u00f3 un encuentro multicultural en la localidad de Santa Mar\u00eda Acapulco, en Santa Catarina.&nbsp;<br>El secretario de Educaci\u00f3n, Juan Carlos Torres Cedillo reafirm\u00f3 el compromiso del Gobernador Ricardo Gallardo Cardona de impulsar actividades que preserven y reafirmen la identidad de las y las potosinos, fortaleciendo el sentido de pertenencia y la conexi\u00f3n con la historia y las tradiciones de los pueblos originarios de San Luis Potos\u00ed.<br>Tras una demostraci\u00f3n de bailables, altares y expresi\u00f3n literaria sobre el significado del D\u00eda de Muertos para cada etnia ind\u00edgena, Torres Cedillo dijo que este tipo de actividades comunitarias adem\u00e1s de ser espacios de encuentro social, promueven el turismo y la participaci\u00f3n entre integrantes de comunidades ind\u00edgenas para difundir y conservar sus usos y costumbres.<br>Finalmente, el titular de la SEGE reconoci\u00f3 el esfuerzo de la direcci\u00f3n de educaci\u00f3n ind\u00edgena, biling\u00fce e intercultural por impulsar y ofrecer con estas actividades, una oportunidad para educar a las nuevas generaciones sobre la importancia del respeto a los ancestros y las tradiciones y que tiene un impacto profundo en la vida cultural, social y econ\u00f3mica de la regi\u00f3n, contribuyendo a la riqueza y diversidad del patrimonio mexican<\/p>\n","protected":false},"excerpt":{"rendered":"<p>\u2022\u00a0 \u00a0 \u00a0 \u00a0En el acercamiento multicultural, participaron personas N\u00e1huatl, T\u00e9nek y Xi\u00b4iuy en el Estado Dentro de las acciones para preservar y promover la transmisi\u00f3n de costumbres y tradiciones, as\u00ed como exponer la cosmovisi\u00f3n de los pueblos originarios N\u00e1huatl, T\u00e9nek y Xi\u00b4iuy, la Secretar\u00eda &hellip; <\/p>\n","protected":false},"author":1,"featured_media":100671,"comment_status":"open","ping_status":"open","sticky":false,"template":"","format":"standard","meta":{"footnotes":""},"categories":[13,25,67,7,78,62,63,22,56,11,55,4,73,26,74,10,12,60,66,71,30,70,31,24,59,42,21,53,69,20,58,57,32],"tags":[],"class_list":["post-100670","post","type-post","status-publish","format-standard","has-post-thumbnail","hentry","category-agropecuaria","category-aquismon","category-charcas","category-ciudad","category-ciudad-del-maiz","category-ciudad-fernandez","category-coxcatlan","category-ebano","category-el-naranjo","category-estado","category-guadalcazar","category-inicio","category-lagunillas","category-matlapa","category-mexquitic","category-municipios","category-nacional","category-rayon","category-rayon-2","category-real-de-catorce","category-rioverde","category-san-ciro","category-sanluispotosi","category-san-vicente","category-santa-catarina","category-soledad","category-tamasopo","category-tamazunchale","category-tampacan","category-tamuin","category-tancanhuitz","category-tanlajas","category-xilitla"],"_links":{"self":[{"href":"https:\/\/amanecerhuasteco.com\/portal\/wp-json\/wp\/v2\/posts\/100670","targetHints":{"allow":["GET"]}}],"collection":[{"href":"https:\/\/amanecerhuasteco.com\/portal\/wp-json\/wp\/v2\/posts"}],"about":[{"href":"https:\/\/amanecerhuasteco.com\/portal\/wp-json\/wp\/v2\/types\/post"}],"author":[{"embeddable":true,"href":"https:\/\/amanecerhuasteco.com\/portal\/wp-json\/wp\/v2\/users\/1"}],"replies":[{"embeddable":true,"href":"https:\/\/amanecerhuasteco.com\/portal\/wp-json\/wp\/v2\/comments?post=100670"}],"version-history":[{"count":1,"href":"https:\/\/amanecerhuasteco.com\/portal\/wp-json\/wp\/v2\/posts\/100670\/revisions"}],"predecessor-version":[{"id":100673,"href":"https:\/\/amanecerhuasteco.com\/portal\/wp-json\/wp\/v2\/posts\/100670\/revisions\/100673"}],"wp:featuredmedia":[{"embeddable":true,"href":"https:\/\/amanecerhuasteco.com\/portal\/wp-json\/wp\/v2\/media\/100671"}],"wp:attachment":[{"href":"https:\/\/amanecerhuasteco.com\/portal\/wp-json\/wp\/v2\/media?parent=100670"}],"wp:term":[{"taxonomy":"category","embeddable":true,"href":"https:\/\/amanecerhuasteco.com\/portal\/wp-json\/wp\/v2\/categories?post=100670"},{"taxonomy":"post_tag","embeddable":true,"href":"https:\/\/amanecerhuasteco.com\/portal\/wp-json\/wp\/v2\/tags?post=100670"}],"curies":[{"name":"wp","href":"https:\/\/api.w.org\/{rel}","templated":true}]}}