{"id":100739,"date":"2024-11-05T07:02:26","date_gmt":"2024-11-05T13:02:26","guid":{"rendered":"https:\/\/amanecerhuasteco.com\/portal\/?p=100739"},"modified":"2024-11-05T07:02:27","modified_gmt":"2024-11-05T13:02:27","slug":"rinde-protesta-nuevo-rector-de-la-universidad-politecnica","status":"publish","type":"post","link":"https:\/\/amanecerhuasteco.com\/portal\/rinde-protesta-nuevo-rector-de-la-universidad-politecnica\/","title":{"rendered":"Rinde protesta nuevo rector de la Universidad Polit\u00e9cnica"},"content":{"rendered":"\n<p><br>\u2022 N\u00e9stor Garza \u00c1lvarez se comprometi\u00f3 a garantizar una educaci\u00f3n de excelencia<\/p>\n\n\n\n<p>En segunda sesi\u00f3n extraordinaria, la Junta Directiva de la Universidad Polit\u00e9cnica de San Luis Potos\u00ed (UPSLP), que preside la Secretar\u00eda de Educaci\u00f3n de Gobierno del Estado (SEGE), tom\u00f3 protesta a N\u00e9stor Eduardo Garza \u00c1lvarez como rector por un periodo de hasta cuatro a\u00f1os, con opci\u00f3n de reelecci\u00f3n a propuesta del Gobernador de San Luis Potos\u00ed, Ricardo Gallardo Cardona.<br>En su mensaje el titular de la SEGE, Juan Carlos Torres Cedillo, exhort\u00f3 al nuevo rector a desempe\u00f1arse con lealtad y patriotismo, para garantizar una educaci\u00f3n de excelencia y llevar m\u00e1s apoyo a las y los estudiantes de esta casa de estudios, cumpliendo con la demanda de crecimiento que ha logrado el Gobierno del Estado.<br>De conformidad con el art\u00edculo 60 de la Ley Org\u00e1nica de la Administraci\u00f3n P\u00fablica del Estado, la sesi\u00f3n fue encabezada por el titular de la SEGE, en calidad de presidente y cumpliendo con la presencia de las y los integrantes de la Junta Directiva, as\u00ed como autoridades educativas federales a trav\u00e9s de videoconferencia desde la Ciudad de M\u00e9xico.<br>N\u00e9stor Eduardo Garza \u00c1lvarez, es Maestro en las Artes del Derecho Internacional por el Instituto Superior de Derecho y Econom\u00eda de Madrid, Espa\u00f1a, en su experiencia laboral, trabaj\u00f3 como titular de la Secretar\u00eda del Trabajo y Previsi\u00f3n Social del Estado, cuenta con experiencia como asesor legal, y con diferentes cursos y certificaciones en temas jur\u00eddicos y acad\u00e9micos.<\/p>\n","protected":false},"excerpt":{"rendered":"<p>\u2022 N\u00e9stor Garza \u00c1lvarez se comprometi\u00f3 a garantizar una educaci\u00f3n de excelencia En segunda sesi\u00f3n extraordinaria, la Junta Directiva de la Universidad Polit\u00e9cnica de San Luis Potos\u00ed (UPSLP), que preside la Secretar\u00eda de Educaci\u00f3n de Gobierno del Estado (SEGE), tom\u00f3 protesta a N\u00e9stor Eduardo Garza &hellip; <\/p>\n","protected":false},"author":1,"featured_media":100740,"comment_status":"open","ping_status":"open","sticky":false,"template":"","format":"standard","meta":{"footnotes":""},"categories":[7,78,62,22,76,11,4,44,30,31,42],"tags":[],"class_list":["post-100739","post","type-post","status-publish","format-standard","has-post-thumbnail","hentry","category-ciudad","category-ciudad-del-maiz","category-ciudad-fernandez","category-ebano","category-educacion","category-estado","category-inicio","category-matehuala","category-rioverde","category-sanluispotosi","category-soledad"],"_links":{"self":[{"href":"https:\/\/amanecerhuasteco.com\/portal\/wp-json\/wp\/v2\/posts\/100739","targetHints":{"allow":["GET"]}}],"collection":[{"href":"https:\/\/amanecerhuasteco.com\/portal\/wp-json\/wp\/v2\/posts"}],"about":[{"href":"https:\/\/amanecerhuasteco.com\/portal\/wp-json\/wp\/v2\/types\/post"}],"author":[{"embeddable":true,"href":"https:\/\/amanecerhuasteco.com\/portal\/wp-json\/wp\/v2\/users\/1"}],"replies":[{"embeddable":true,"href":"https:\/\/amanecerhuasteco.com\/portal\/wp-json\/wp\/v2\/comments?post=100739"}],"version-history":[{"count":1,"href":"https:\/\/amanecerhuasteco.com\/portal\/wp-json\/wp\/v2\/posts\/100739\/revisions"}],"predecessor-version":[{"id":100741,"href":"https:\/\/amanecerhuasteco.com\/portal\/wp-json\/wp\/v2\/posts\/100739\/revisions\/100741"}],"wp:featuredmedia":[{"embeddable":true,"href":"https:\/\/amanecerhuasteco.com\/portal\/wp-json\/wp\/v2\/media\/100740"}],"wp:attachment":[{"href":"https:\/\/amanecerhuasteco.com\/portal\/wp-json\/wp\/v2\/media?parent=100739"}],"wp:term":[{"taxonomy":"category","embeddable":true,"href":"https:\/\/amanecerhuasteco.com\/portal\/wp-json\/wp\/v2\/categories?post=100739"},{"taxonomy":"post_tag","embeddable":true,"href":"https:\/\/amanecerhuasteco.com\/portal\/wp-json\/wp\/v2\/tags?post=100739"}],"curies":[{"name":"wp","href":"https:\/\/api.w.org\/{rel}","templated":true}]}}