{"id":101004,"date":"2024-11-11T08:04:23","date_gmt":"2024-11-11T14:04:23","guid":{"rendered":"https:\/\/amanecerhuasteco.com\/portal\/?p=101004"},"modified":"2024-11-13T08:06:06","modified_gmt":"2024-11-13T14:06:06","slug":"entre-columnas-634","status":"publish","type":"post","link":"https:\/\/amanecerhuasteco.com\/portal\/entre-columnas-634\/","title":{"rendered":"ENTRE COLUMNAS"},"content":{"rendered":"\n<h1 class=\"wp-block-heading\">&nbsp;<\/h1>\n\n\n\n<p><strong><u>En su visita a la zona centro.<\/u><\/strong><\/p>\n\n\n\n<p><strong>PRESIDENTA&nbsp; CLAUDIA SHEINBAUM REAFIRMA COMPROMISO CON SAN LUIS POTOSI<\/strong><\/p>\n\n\n\n<p><strong>+.-<\/strong><strong> El Gobernador del Estado se&nbsp; reuni\u00f3 con la Presidenta de M\u00e9xico en Santa Mar\u00eda del R\u00edo<\/strong><\/p>\n\n\n\n<p><strong>+.- Sera realidad la s\u00faper carretera 110 Valles-Tampico.<\/strong><\/p>\n\n\n\n<p><strong>El estado de San Luis Potos\u00ed continuar\u00e1 en la senda &nbsp;de la transformaci\u00f3n y progreso gracias&nbsp; al compromiso que&nbsp; reafirm\u00f3 la Presidenta de M\u00e9xico, Claudia Sheinbaum Pardo, durante&nbsp; la reuni\u00f3n que&nbsp; sostuvo el viernes&nbsp; pasado&nbsp; durante su gira&nbsp; de trabajo de la&nbsp; Mandataria por el municipio de Santa Mar\u00eda del R\u00edo, con el Gobernador del Estado<\/strong><\/p>\n\n\n\n<p><strong>&nbsp;la Presidenta de M\u00e9xico, Claudia Sheinbaum Pardo en el museo \u201cCasa del Rebozo\u201d, en el pueblo m\u00e1gico de Santa Mar\u00eda del R\u00edo, lugar donde inici\u00f3 la primera gira como Presidenta de M\u00e9xico por San Luis Potos\u00ed, se llev\u00f3 a cabo una importante e hist\u00f3rica reuni\u00f3n con el objetivo de seguir coordinando esfuerzos para garantizar que San Luis Potos\u00ed contin\u00faen por la ruta del progreso y transformaci\u00f3n en apoyo de las y los potosinos.<br>En este&nbsp; evento el Mandatario Estatal reafirm\u00f3 su compromiso de brindar todo el apoyo a los proyectos que el Gobierno Federal tiene visualizados para San Luis Potos\u00ed como la supercarretera del puerto de Altamira a la Huasteca, la ampliaci\u00f3n del Aeropuerto&nbsp; de las&nbsp; Huastecas&nbsp; en &nbsp;Tamu\u00edn, el nuevo Hospital de Ciudad Valles y obras en la zona metropolitana como el segundo piso de la carretera 57, entre muchas otras.<\/strong><\/p>\n\n\n\n<p><strong>Tambi\u00e9n el Mandatario&nbsp; Potosino , &nbsp;ratifico su apoyo al segundo piso de la cuarta transformaci\u00f3n, al coincidir con los principios del humanismo mexicano que promueve la justicia social, el bienestar y el crecimiento social y econ\u00f3mico, y agradeci\u00f3 los proyectos, algunos incluidos dentro de los primeros cien d\u00edas de trabajo del Gobierno Federal, como el Aeropuerto de Tamu\u00edn que podr\u00eda arrancar en breve, al ser una obra que detonar\u00e1 el crecimiento de la regi\u00f3n.<\/strong><\/p>\n\n\n\n<p><strong>++++++++++++<\/strong><\/p>\n\n\n\n<h1 class=\"wp-block-heading\">PR\u00c9STAMOS\u2026.<\/h1>\n\n\n\n<p><strong>de&nbsp; dinero inmediatos a pensionados<\/strong><\/p>\n\n\n\n<h2 class=\"wp-block-heading\">CFE, ISSSTE.FFCC, SCT, PEMEX,<\/h2>\n\n\n\n<h2 class=\"wp-block-heading\">ACTIVOS Y JUBILADOS&nbsp; IMSS<\/h2>\n\n\n\n<h1 class=\"wp-block-heading\">SIN AFECTAR TARJETON.<\/h1>\n\n\n\n<h2 class=\"wp-block-heading\">Ll\u00e1menos las 24 hrs del d\u00eda<\/h2>\n\n\n\n<h1 class=\"wp-block-heading\">LLAMENOS 4811039565<\/h1>\n\n\n\n<h1 class=\"wp-block-heading\">CREDITO INMEDIATO<\/h1>\n\n\n\n<p><strong>+++++++++<\/strong><\/p>\n\n\n\n<p><strong>POR&nbsp; FIN\u2026\u2026\u2026\u2026<\/strong><\/p>\n\n\n\n<p><strong>LLEGARA&nbsp; LA AUSTERIDAD AL&nbsp; AYUNTAMIENTO D VALLES.<\/strong><\/p>\n\n\n\n<p><strong>Desde&nbsp; un pasado reciente de&nbsp;&nbsp; administraciones municipales&nbsp;&nbsp; han abordado el tema&nbsp; de la&nbsp; feria&nbsp; anual de Valles&nbsp; (que no tiene nada de&nbsp; \u201cnacional\u201d&nbsp; categor\u00edas perdidas&nbsp; desde&nbsp; que&nbsp; fue convertida&nbsp; en un negociazo y megacantina) &nbsp;cambiando de&nbsp; fecha&nbsp; y la sugerencia de fusionarla con el aniversario de Santiago de los Valles de Oxitipa.<\/strong><\/p>\n\n\n\n<p><strong>Seg\u00fan el&nbsp; comentario&nbsp; del alcalde citadino&nbsp; estar\u00eda en <\/strong><strong>an\u00e1lisis Fenahuap 2025 y Aniversario de la Ciudad o Puerta Grande de la Huasteca <\/strong><strong>&nbsp;a efecto de que <\/strong><strong>podr\u00edan realizarse en un solo evento&nbsp; ambas fechas as\u00ed lo coment\u00f3, no lo anunci\u00f3, porque a\u00fan no es un hecho &nbsp;el edil municipal David Medina. De tal suerte&nbsp; que los&nbsp; 9 milloncitos de pesos&nbsp; que inyecta&nbsp; el municipio cada&nbsp; a\u00f1o a&nbsp;&nbsp; su feria anual&nbsp;&nbsp; se fusionar\u00eda al aniversario y HABRIA AHORROS$$$$$$$$$&nbsp; de los&nbsp; fondos$&nbsp; del municipio.<\/strong><strong><\/strong><\/p>\n\n\n\n<p><strong>++++++++++++<\/strong><strong><\/strong><\/p>\n\n\n\n<h1 class=\"wp-block-heading\">CARROCERIAS&nbsp; BUSTOS<\/h1>\n\n\n\n<h2 class=\"wp-block-heading\">Reforma y Lerdo de tejada Col. Altavista.<\/h2>\n\n\n\n<h2 class=\"wp-block-heading\">Cd Valles SLP&nbsp; Tel. 3824777.<\/h2>\n\n\n\n<p><strong>En carrocer\u00edas para camiones y camionetas nadie nos compite.<\/strong><\/p>\n\n\n\n<p><strong>+++++++<\/strong><\/p>\n\n\n\n<p><strong>CUANTAS CALLES&nbsp; FUERON PAVIMENTADAS CON LOS&nbsp; 1500 MDP ANUNCIADOS \u00b4POR&nbsp;&nbsp; D. M. S.?.<\/strong><\/p>\n\n\n\n<p><strong>+.-El &nbsp;Alcalde <\/strong><strong>&nbsp;Independiente&nbsp; seg\u00fan informes de su administraci\u00f3n, pavimento 15 calles.&nbsp; A\u00f1o 2021.<\/strong><\/p>\n\n\n\n<p><strong>Por&nbsp; estos&nbsp; d\u00edas&nbsp; pero hace&nbsp; un a\u00f1o&nbsp; los medios informativos&nbsp; publicaron&nbsp; declaraciones del alcalde&nbsp; Vallense&nbsp; en ese&nbsp; entonces candidato a la reelecci\u00f3n&nbsp; por Ciudad Valles, con bombos y platillos dijo que&nbsp; hab\u00eda logrado una partida de 1500 millones de pesos&nbsp; que ser\u00edan destinados a&nbsp; pavimentar todas calles de la&nbsp; urbe huasteca, despu\u00e9s&nbsp; solo 20MDP&nbsp; del presupuesto fiscal del a\u00f1o 2024. porque se &nbsp;redujo, al final ni siquiera&nbsp; para el relleno de baches&nbsp; provocados por las lluvias,<\/strong><\/p>\n\n\n\n<p><strong>Ahora&nbsp; comparemos lo&nbsp; que ocurri\u00f3&nbsp; m\u00e1s a\u00f1os atr\u00e1s, en el a\u00f1o 2021 por las mismas fechas&nbsp;&nbsp; en el trienio fallido&nbsp; del alcalde Independiente Adri\u00e1n Esper C\u00e1rdenas, &nbsp;dec\u00eda que la administraci\u00f3n p\u00fablica debe estar al servicio de los ciudadanos, son sin duda, la infraestructura social basada en prioridades, en ese sentido se resolvieron problemas como el suministro de agua potable, drenaje y electrificaci\u00f3n que por m\u00e1s de 30 a\u00f1os los ciudadanos padec\u00edan, para ello se perforaron numerosos pozos profundos que dotaron de agua a decenas de ejidos y comunidades; la cabecera municipal no se qued\u00f3 atr\u00e1s y el servicio proporcionado por la Direcci\u00f3n de Agua Potable y Alcantarillado fue fundamental para que la poblaci\u00f3n tuviera el vital l\u00edquido, igualmente se ampli\u00f3 y mejor\u00f3 la electrificaci\u00f3n en el municipio.<\/strong><\/p>\n\n\n\n<p><strong>PAVIMENTACI\u00d3N DE CALLES<\/strong><\/p>\n\n\n\n<p><strong>Aqu\u00ed es&nbsp; donde&nbsp; la&nbsp; siguiente administraci\u00f3n VERDE&nbsp; el tema de la administraci\u00f3n ha sido iniciar pavimentaciones a medias de mala calidad&nbsp; que con las primeras lluvias&nbsp; desaparecieron y&nbsp; las calles&nbsp; ahora&nbsp; est\u00e1n&nbsp; en estado intransitable algunas.<\/strong><\/p>\n\n\n\n<p><strong>Sobre la infraestructura de pavimentaci\u00f3n Adri\u00e1n Esper C\u00e1rdenas ech\u00f3 mano del recurso federal asignado a trav\u00e9s de Codesol.&nbsp; Fue un &nbsp;gobierno municipal al servicio del pueblo y para el pueblo, ya que no se gast\u00f3 dinero en eventos de relumbr\u00f3n, todo se destin\u00f3 directamente a la obra p\u00fablica, el objetivo fue lograr el mayor avance posible en la infraestructura de la ciudad. Y de cobrarse \u201ca lo chino\u201d&nbsp; una&nbsp; deuda&nbsp; personal&nbsp; que&nbsp; la administraci\u00f3n&nbsp; Independiente de&nbsp; la finada&nbsp; Socorro Herrera&nbsp; hab\u00eda dejado, por cierto este asunto&nbsp; la Auditoria Superior ordeno devolver&nbsp; los milloncitos de pesos, no se ha informado si cumpli\u00f3.<\/strong><\/p>\n\n\n\n<p><strong>+++++++++++<\/strong><\/p>\n\n\n\n<p><strong>EJEMPLO DE TRABAJO EN TAMASOPO.<\/strong><\/p>\n\n\n\n<p><strong>+.- Ayuntamiento de Tamasopo, inici\u00f3 obra de pavimentaci\u00f3n en la comunidad de Rinc\u00f3n de Ram\u00edrez<\/strong><strong><\/strong><\/p>\n\n\n\n<p><strong>En representaci\u00f3n del Presidente Municipal, Mauricio Andrade Merchan, el Coordinador de Desarrollo Social Municipal, Oscar Zarate, dio el banderazo de arranque a esta obra que busca mejorar la calidad de vida de sus habitantes.<\/strong><\/p>\n\n\n\n<p><strong>Para&nbsp; Entre Columnas&nbsp;&nbsp; que lleva un historial de obras y acciones&nbsp; de algunos&nbsp; municipios&nbsp; Huastecos, es un hito&nbsp; que&nbsp; un Ayuntamiento&nbsp; a un mes de iniciada su gesti\u00f3n administrativa&nbsp; el alcalde&nbsp; ya arranc\u00f3 con las primeras&nbsp; obras comprometidas en campa\u00f1a, cuando &nbsp;&nbsp;todos los&nbsp; ayuntamientos apenas&nbsp; elaboran el POA y esperan los&nbsp; recursos federales&nbsp; hasta el mes de marzo o abril&nbsp; para&nbsp; empezar&nbsp; con las&nbsp; obras&nbsp; etiquetadas&nbsp; a trav\u00e9s&nbsp; de&nbsp; Codesol.&nbsp;&nbsp; En un sencillo acto con presencia de regidores, consejeros, autoridades de la comunidad, y ante la presencia de habitantes de Rinc\u00f3n de Ram\u00edrez, se dio inicio a una obra de pavimentaci\u00f3n que beneficia a sus habitantes<\/strong><\/p>\n\n\n\n<p><strong>La regidora Norma Granados destac\u00f3 la importancia de este tipo de obras para el desarrollo y bienestar de las localidades rurales, reafirmando el compromiso del gobierno municipal con las necesidades de las comunidades.<\/strong><\/p>\n\n\n\n<p><strong>Juntos, construimos un gobierno de confianza.<\/strong><\/p>\n\n\n\n<p><strong>+++++++++++++<\/strong><\/p>\n\n\n\n<h1 class=\"wp-block-heading\">QFB&nbsp; FABIOLA GARCIA ALVAREZ<\/h1>\n\n\n\n<h2 class=\"wp-block-heading\">Perito dictaminador en an\u00e1lisis bacteriol\u00f3gico de agua<\/h2>\n\n\n\n<h2 class=\"wp-block-heading\">Y alimentos con n\u00famero GES-PD 0705<\/h2>\n\n\n\n<h2 class=\"wp-block-heading\">Perito dictaminador en&nbsp; estupefacientes GES-PD0523<\/h2>\n\n\n\n<h2 class=\"wp-block-heading\">Maestr\u00eda&nbsp; en an\u00e1lisis cl\u00ednicos 1301 \u2013 368068<\/h2>\n\n\n\n<p><strong>Ced&nbsp; prof&nbsp; 8664204&nbsp;&nbsp; Tel. 38 1 66 64<\/strong><\/p>\n\n\n\n<h2 class=\"wp-block-heading\">Asesor\u00eda,&nbsp; auditor\u00eda&nbsp; y gesti\u00f3n ambiental.<\/h2>\n\n\n\n<h2 class=\"wp-block-heading\">G. Victoria No. 8&nbsp; zona centro Cd Valles<\/h2>\n\n\n\n<p><strong>++++++++++++<\/strong><\/p>\n\n\n\n<p><strong>REGIDOR&nbsp; SOLICITARA&nbsp; CUENTAS CLARAS&nbsp; A&nbsp; ORGANISMOS QUE RECIBEN&nbsp; APOYOS&nbsp; DEL MUNCIPIO.<\/strong><\/p>\n\n\n\n<p><strong>Antes&nbsp; de&nbsp; exigir&nbsp; cuentas&nbsp; claras a&nbsp; directivos de&nbsp; organismos&nbsp; de servicio social en&nbsp; esta ciudad&nbsp; que reciben apoyo&nbsp; econ\u00f3mico del municipio, el regidor&nbsp; priista&nbsp; con disfraz&nbsp; de perredista debe&nbsp; exigir&nbsp; tambi\u00e9n a sus compa\u00f1eros&nbsp;&nbsp; del cabildo&nbsp; si&nbsp; cumplen sus funciones cabalmente y cuidan \u201cestrictamente\u201d&nbsp; el manejo del recurso publico&nbsp; asignado&nbsp; a Valles, con el ejemplo&nbsp; tendr\u00edan cara de exigir&nbsp; cuentas claras.<\/strong><\/p>\n\n\n\n<p><strong>Es&nbsp; correcto&nbsp; que&nbsp; el Cabildo&nbsp; solicite&nbsp; informaci\u00f3n financieras a &nbsp;&nbsp;las&nbsp; asociaciones&nbsp;&nbsp; de servicio social&nbsp; que&nbsp; reciben&nbsp; donativo mensual del municipio, esta pr\u00e1ctica&nbsp;&nbsp; se&nbsp; hac\u00eda&nbsp; en trienios anteriores&nbsp; no es&nbsp; una novedad&nbsp; del regidor priista\/perder\u00e9 Jorge Mart\u00ednez Flores quien anuncio ante medios informativos de&nbsp; la localidad que pedir\u00e1 informes a las asociaciones civiles que han recibido en&nbsp; administraciones anteriores&nbsp;&nbsp; apoyo econ\u00f3mico mensual (el nuevo&nbsp; ayuntamiento apenas estar\u00e1 &nbsp;incluyendo en su presupuesto para el ejercicio fiscal 2025&nbsp; hacer&nbsp; estas&nbsp; aportaciones)<\/strong><\/p>\n\n\n\n<p><strong>Cada&nbsp; administraci\u00f3n ha&nbsp; apoyado a organismos como agrupaciones y sociedades civiles, entre ellas<\/strong><\/p>\n\n\n\n<p><strong>&nbsp;la Casa Hogar, Somos Amigos de los Animales, Bomberos o Cruz Roja, y otros.<\/strong><\/p>\n\n\n\n<p><strong>Por su parte la regidora de Derechos Humanos&nbsp; del&nbsp; cabildo Vallense Ma. Guadalupe Mendiola dijo que entregar\u00e1&nbsp; este&nbsp; documento a regidores &nbsp;(debe ser&nbsp; al Cabildo.&nbsp;<\/strong><\/p>\n\n\n\n<p><strong>+++++++++<\/strong><strong><\/strong><\/p>\n\n\n\n<h1 class=\"wp-block-heading\">\u201cFINCA&nbsp; SAN ISIDRO\u201d<\/h1>\n\n\n\n<h2 class=\"wp-block-heading\">Sal\u00f3n para fiestas de todo tipo.<\/h2>\n\n\n\n<h2 class=\"wp-block-heading\">Carretera Valles \u2013 R\u00edo Verde Km. 8<\/h2>\n\n\n\n<h2 class=\"wp-block-heading\">Contrataciones al Tel. 01 481<\/h2>\n\n\n\n<p><strong>++++++++++++<\/strong><\/p>\n\n\n\n<p><strong>EL GOBERNADOR DIJO QUE&nbsp; ESTA DEPENDENCIA SE QUEDA&nbsp; EN VALLE ALTO Y PUNTO.<\/strong><\/p>\n\n\n\n<p><strong>+.-&nbsp; El edil molesto&nbsp; por el&nbsp; \u201cportazo\u201d&nbsp; al problema de los vecinos clasistas.<\/strong><\/p>\n\n\n\n<p><strong>El pasado a\u00f1o&nbsp; algunos vecinos NO TODOS&nbsp; del fraccionamiento&nbsp; Valle Alto&nbsp; manifestaron su inconformidad&nbsp; e hicieron manifestaciones p\u00fablicas&nbsp; por la instalaci\u00f3n de las oficinas&nbsp; en una&nbsp; residencia del sector &nbsp;del Tribunal Agrario, no lograron nada y recurrieron ante el alcalde&nbsp; que&nbsp; tampoco resolvi\u00f3&nbsp; este&nbsp; \u201cproblema\u201d&nbsp;&nbsp; no estaban de acuerdo los&nbsp; protestantes \u201cfif\u00eds\u201d&nbsp; que funcionara&nbsp; una&nbsp; dependencia publica en su exclusivo fraccionamiento.<\/strong><\/p>\n\n\n\n<p><strong>Recientemente el&nbsp; regidor de MORENA &nbsp;C\u00e9sar Ramos declar\u00f3&nbsp; que los residentes de \u00abValle Alto\u00bb siguen inconformes con la ubicaci\u00f3n del Tribunal Agrario en ese&nbsp; rumbo de la ciudad.<\/strong><\/p>\n\n\n\n<p><strong>El referido regidor &nbsp;de MORENA C\u00e9sar Ramos, en este caso ya cerrado habl\u00f3 a nombre de algunos vecinos propietarios de residencias&nbsp; e inmuebles catalogados en su tiempo como \u201cadinerados\u201d (fif\u00eds) que siguen molestas por el funcionamiento &nbsp;del Tribunal Agrario en su \u201ccolonia exclusiva\u201d&nbsp;&nbsp; por lo que&nbsp; el Tribunal Unitario Agrario, ubicado en el calle Circuito Tercer Mundo esquina con Tanzania&nbsp;&nbsp; paga el arrendamiento de 30 mil pesos.<\/strong><\/p>\n\n\n\n<p><strong>A&nbsp; ver\u2026.&nbsp; A&nbsp; ver\u2026.seg\u00fan la declaraci\u00f3n del regidor dijo&nbsp; que \u201chay gente que no est\u00e1 de acuerdo con la ubicaci\u00f3n, de hecho cuando lo hicieron la primera vez hubo una manifestaci\u00f3n y creo que no les tomaron en cuenta la palabra, no se si podemos <em>checar el reubicar y darle la atenci\u00f3n a los vecinos de ese sector<\/em>\u2026\u201d&nbsp; en&nbsp; opini\u00f3n de&nbsp; sus compa\u00f1eros, el&nbsp; regidor no est\u00e1 enterado, que en su momento se abord\u00f3 el tema y se hicieron mesas de trabajo, donde se dialog\u00f3 con unos cuantos vecinos del sector, porque&nbsp; no quisieron presentarse a dialogar con las autoridades estatales y municipales, se habl\u00f3 del tema de vialidad, estacionamientos, comercios y otros asuntos que ellos plantearon, y se llegaron a acuerdos.&nbsp;&nbsp; \u2026.Continuar\u00e1.<\/strong><\/p>\n\n\n\n<p><strong>++++++++++++<\/strong><\/p>\n\n\n\n<p><strong>La vida es un reto.<\/strong><\/p>\n\n\n\n<p><strong>V\u00edvela, siente, ama, r\u00ede, llora,<\/strong><\/p>\n\n\n\n<p><strong>&nbsp;juega, gana, pierde, tropieza,<\/strong><\/p>\n\n\n\n<p><strong>pero siempre \u00a1Lev\u00e1ntate y sigue!<\/strong><\/p>\n\n\n\n<p><strong>\u00a1Felicidades<\/strong><\/p>\n\n\n\n<p><strong>+++++++++++++<\/strong><\/p>\n\n\n\n<h1 class=\"wp-block-heading\">&nbsp;\u201cCAF\u00c9 Y RESTAURANT&nbsp;<\/h1>\n\n\n\n<h1 class=\"wp-block-heading\">EL FAROLITO<\/h1>\n\n\n\n<p><strong>Lo mejor de la cocina Huasteca; el tradicional zacahuil y cazueladas .Atendemos toda clase de&nbsp; festejos. Pedidos al Tel&nbsp; 3821017 Ciudad Valles SLP<\/strong><\/p>\n\n\n\n<p><strong>+++++++++++++<\/strong><\/p>\n\n\n\n<p><strong>D e&nbsp;&nbsp; v o l a d a .-<\/strong><\/p>\n\n\n\n<p><strong>RELOJ DEL JUICIO FINAL&nbsp; A&nbsp; 90&nbsp; SEGUNDOS DE&nbsp; LA MEDIA NOCHE.<\/strong><\/p>\n\n\n\n<p><strong>*Pandemias, cambio clim\u00e1tico y guerra entre naciones orillan al mundo cada vez m\u00e1s a la cat\u00e1strofe<\/strong><\/p>\n\n\n\n<p><strong>Publicado enredes<\/strong><\/p>\n\n\n\n<p><strong>junio 9, 2023<\/strong><\/p>\n\n\n\n<p><strong>El llamado reloj del juicio final ha tenido su uso en el colectivo mundial y comunidad cient\u00edfica desde 1947, su historia tuvo lugar gracias al Bolet\u00edn de Cient\u00edficos at\u00f3micos de la universidad de Chicago, como parte de la crisis mundial que atravesaba el mundo por la crisis mundial y guerra fr\u00eda que azotaba al mundo con el miedo de una guerra nuclear que parec\u00eda estar a nada de acabar con todo. Con esta crisis ahogando al mundo, el Bolet\u00edn de Cient\u00edficos at\u00f3micos se dio la tarea de realizar un conteo o dispositivo que pudiera mostrar el estado del mundo ante una inminente cat\u00e1strofe mundial.<\/strong><\/p>\n\n\n\n<p><strong>Fue entonces cuando el grupo de la Universidad de Chicago dej\u00f3 el encargo en manos de Martyl Langdorf, quien tuvo la idea de plasmarlo en un reloj, que diera la sensaci\u00f3n en todo momento de un peligro inminente, situando el reloj a 7 minutos de la media noche en ese momento. Siendo que cada vez que se acerca m\u00e1s a la media noche cuando el final de la humanidad est\u00e1 m\u00e1s cerca de ocurrir.<\/strong><\/p>\n\n\n\n<p><strong>Este reloj se ha ido modificando con el paso de los a\u00f1os, quedando a merced de los acontecimientos que acontecen en nuestro mundo, siendo pandemias, guerras, cambios clim\u00e1ticos, sobre poblaci\u00f3n y as\u00ed como los avances tecnol\u00f3gicos que pudieran ocasionar en el mundo un da\u00f1o irreversible lo que ocasiona que el reloj aleje o acerque sus manecillas&nbsp; a la media noche.<\/strong><\/p>\n\n\n\n<p><strong>Desde que tuvo su creaci\u00f3n en el a\u00f1o de 1947, este a\u00f1o 2023 el reloj se encuentra en el punto m\u00e1s cerca de la media noche en toda su historia, encontrando a 90 segundos de la temida medianoche, todo esto por las tensiones acumuladas, que desde el 2010 el reloj solo ha ido aumentando, en contadas ocasiones desciendo pero siempre avanzando hacia adelante. Este a\u00f1o el mundo afronta la guerra y tensiones pol\u00edticas entre Ucrania y Rusia, as\u00ed como los da\u00f1os y desestabilizaci\u00f3n que la pandemia del Covid dej\u00f3 en el mundo, sumando ya a este complicado panorama el avance de las IA as\u00ed como la cada vez mayor dependencia de la sociedad en la tecnolog\u00eda, as\u00ed como el cambio clim\u00e1tico que se convierte en la mayor probabilidad de terminar con el mundo seg\u00fan diversos estudios cient\u00edficos. Dejando el panorama para la seguridad mundial pendiendo de un hilo en este momento. Estando en el punto m\u00e1s cr\u00edtico de toda su historia.<\/strong><\/p>\n\n\n\n<p><strong>++++++++++++++++++&nbsp;<\/strong><\/p>\n","protected":false},"excerpt":{"rendered":"<p>&nbsp; En su visita a la zona centro. PRESIDENTA&nbsp; CLAUDIA SHEINBAUM REAFIRMA COMPROMISO CON SAN LUIS POTOSI +.- El Gobernador del Estado se&nbsp; reuni\u00f3 con la Presidenta de M\u00e9xico en Santa Mar\u00eda del R\u00edo +.- Sera realidad la s\u00faper carretera 110 Valles-Tampico. El estado de &hellip; <\/p>\n","protected":false},"author":1,"featured_media":100530,"comment_status":"open","ping_status":"open","sticky":false,"template":"","format":"standard","meta":{"footnotes":""},"categories":[17,4],"tags":[],"class_list":["post-101004","post","type-post","status-publish","format-standard","has-post-thumbnail","hentry","category-colaboraciones","category-inicio"],"_links":{"self":[{"href":"https:\/\/amanecerhuasteco.com\/portal\/wp-json\/wp\/v2\/posts\/101004","targetHints":{"allow":["GET"]}}],"collection":[{"href":"https:\/\/amanecerhuasteco.com\/portal\/wp-json\/wp\/v2\/posts"}],"about":[{"href":"https:\/\/amanecerhuasteco.com\/portal\/wp-json\/wp\/v2\/types\/post"}],"author":[{"embeddable":true,"href":"https:\/\/amanecerhuasteco.com\/portal\/wp-json\/wp\/v2\/users\/1"}],"replies":[{"embeddable":true,"href":"https:\/\/amanecerhuasteco.com\/portal\/wp-json\/wp\/v2\/comments?post=101004"}],"version-history":[{"count":1,"href":"https:\/\/amanecerhuasteco.com\/portal\/wp-json\/wp\/v2\/posts\/101004\/revisions"}],"predecessor-version":[{"id":101005,"href":"https:\/\/amanecerhuasteco.com\/portal\/wp-json\/wp\/v2\/posts\/101004\/revisions\/101005"}],"wp:featuredmedia":[{"embeddable":true,"href":"https:\/\/amanecerhuasteco.com\/portal\/wp-json\/wp\/v2\/media\/100530"}],"wp:attachment":[{"href":"https:\/\/amanecerhuasteco.com\/portal\/wp-json\/wp\/v2\/media?parent=101004"}],"wp:term":[{"taxonomy":"category","embeddable":true,"href":"https:\/\/amanecerhuasteco.com\/portal\/wp-json\/wp\/v2\/categories?post=101004"},{"taxonomy":"post_tag","embeddable":true,"href":"https:\/\/amanecerhuasteco.com\/portal\/wp-json\/wp\/v2\/tags?post=101004"}],"curies":[{"name":"wp","href":"https:\/\/api.w.org\/{rel}","templated":true}]}}