{"id":101019,"date":"2024-11-14T07:18:47","date_gmt":"2024-11-14T13:18:47","guid":{"rendered":"https:\/\/amanecerhuasteco.com\/portal\/?p=101019"},"modified":"2024-11-14T07:18:49","modified_gmt":"2024-11-14T13:18:49","slug":"el-derecho-y-responsabilidad-ambiental-corporativa-area-atipica-poco-explotada-dr-oscar-solorio-de-la-universidad-de-colima","status":"publish","type":"post","link":"https:\/\/amanecerhuasteco.com\/portal\/el-derecho-y-responsabilidad-ambiental-corporativa-area-atipica-poco-explotada-dr-oscar-solorio-de-la-universidad-de-colima\/","title":{"rendered":"El derecho y responsabilidad ambiental corporativa, \u00e1rea at\u00edpica, poco explotada: Dr. \u00d3scar Solorio, de la Universidad de Colima"},"content":{"rendered":"\n<p><\/p>\n\n\n\n<p>Con la charla \u201cEl derecho y la responsabilidad ambiental corporativa\u201d, el doctor \u00d3scar Javier Solorio P\u00e9rez, director general de Vinculaci\u00f3n de la Universidad de Colima, ofreci\u00f3 a estudiantes de la Facultad de Derecho Abogado Ponciano Arriaga de la Universidad Aut\u00f3noma de San Luis Potos\u00ed (UASLP) un acercamiento a esta \u00e1rea de oportunidad de la actividad profesional que ha sido poco explorada.<\/p>\n\n\n\n<p>Reconoci\u00f3 que, en la abogac\u00eda, existen espacios y estudios que convergen en una serie de factores, demandantes profesionalmente, t\u00e9cnicamente complejos, pero tambi\u00e9n econ\u00f3micamente rentables y que pueden llevar a brindar servicios, en algunos casos, en otros pa\u00edses y en M\u00e9xico, pues el mercado laboral de los abogados es de los m\u00e1s competidos.<\/p>\n\n\n\n<p>\u201cHay una enorme cantidad de egresados, ya no es un tema de inquietud poblacional, sino un tema de supervivencia en cuanto a una estrategia de generaci\u00f3n de valor en nichos donde por esa complejidad e interdisciplinariedad puedan ser de la mayor\u00eda de los abogados\u201d, dijo ante los alumnos.<\/p>\n\n\n\n<p>Una de esas \u00e1reas de oportunidad es la responsabilidad ambiental corporativa, mencion\u00f3 el docente de la Universidad de Colima, quien consider\u00f3 importante entenderla, sobre todo en un contexto donde cada vez es m\u00e1s apremiante que, desde la iniciativa privada, se pueda invertir en acciones de mitigaci\u00f3n del cambio clim\u00e1tico y de minimizar los da\u00f1os a la naturaleza, a otras especies y a las generaciones futuras.<\/p>\n\n\n\n<p>Dijo que uno de los prop\u00f3sitos principales de toda empresa o sociedad mercantil es generar ganancias para los socios, sin embargo, tambi\u00e9n existe una obligaci\u00f3n con el medio ambiente para conservar algunos aspectos e invertir en esas acciones.<\/p>\n\n\n\n<p>\u201cEsto tiene un costo y sale de los prop\u00f3sitos de la empresa, entonces ah\u00ed se desprenden una serie de interrogantes respecto si esto corresponde a las actividades del negocio, en cuyo caso si no fuera as\u00ed no podr\u00edan ser deducibles, y al no ser deducibles estamos menoscabando la rentabilidad de la empresa y yendo en contra de los intereses de los accionistas\u201d, explic\u00f3.<\/p>\n\n\n\n<p>\u00d3scar Javier Solorio dio a conocer que, actualmente, existe una discusi\u00f3n en M\u00e9xico sobre en qui\u00e9n recaen estas acciones, si se le deja al gobierno de manera directa e indirecta. \u201cAqu\u00ed nos vamos a centrar en lo que hace de manera indirecta, que es generar los incentivos para que a las empresas les resulte atractivo invertir en este tipo de operaciones, ya sea para buscar un beneficio o eludir una responsabilidad\u201d, coment\u00f3.Finalmente, hizo hincapi\u00e9 en el tema y llam\u00f3 a los j\u00f3venes en formaci\u00f3n aprender, sobre todo, de experiencias de otros pa\u00edses adelantados, espec\u00edficamente de Estados Unidos.<\/p>\n","protected":false},"excerpt":{"rendered":"<p>Con la charla \u201cEl derecho y la responsabilidad ambiental corporativa\u201d, el doctor \u00d3scar Javier Solorio P\u00e9rez, director general de Vinculaci\u00f3n de la Universidad de Colima, ofreci\u00f3 a estudiantes de la Facultad de Derecho Abogado Ponciano Arriaga de la Universidad Aut\u00f3noma de San Luis Potos\u00ed (UASLP) &hellip; <\/p>\n","protected":false},"author":1,"featured_media":101020,"comment_status":"open","ping_status":"open","sticky":false,"template":"","format":"standard","meta":{"footnotes":""},"categories":[13,25,14,67,7,77,56,11,15,55,16,4,73,44,26,12,66,60,71,30,31,59,42,21,53,69,20,57,64,43,72,32],"tags":[],"class_list":["post-101019","post","type-post","status-publish","format-standard","has-post-thumbnail","hentry","category-agropecuaria","category-aquismon","category-caneros","category-charcas","category-ciudad","category-el-campo","category-el-naranjo","category-estado","category-ganaderos","category-guadalcazar","category-ingenios","category-inicio","category-lagunillas","category-matehuala","category-matlapa","category-nacional","category-rayon-2","category-rayon","category-real-de-catorce","category-rioverde","category-sanluispotosi","category-santa-catarina","category-soledad","category-tamasopo","category-tamazunchale","category-tampacan","category-tamuin","category-tanlajas","category-villa-de-pozos","category-villa-de-reyes","category-villa-hidalgo","category-xilitla"],"_links":{"self":[{"href":"https:\/\/amanecerhuasteco.com\/portal\/wp-json\/wp\/v2\/posts\/101019","targetHints":{"allow":["GET"]}}],"collection":[{"href":"https:\/\/amanecerhuasteco.com\/portal\/wp-json\/wp\/v2\/posts"}],"about":[{"href":"https:\/\/amanecerhuasteco.com\/portal\/wp-json\/wp\/v2\/types\/post"}],"author":[{"embeddable":true,"href":"https:\/\/amanecerhuasteco.com\/portal\/wp-json\/wp\/v2\/users\/1"}],"replies":[{"embeddable":true,"href":"https:\/\/amanecerhuasteco.com\/portal\/wp-json\/wp\/v2\/comments?post=101019"}],"version-history":[{"count":1,"href":"https:\/\/amanecerhuasteco.com\/portal\/wp-json\/wp\/v2\/posts\/101019\/revisions"}],"predecessor-version":[{"id":101021,"href":"https:\/\/amanecerhuasteco.com\/portal\/wp-json\/wp\/v2\/posts\/101019\/revisions\/101021"}],"wp:featuredmedia":[{"embeddable":true,"href":"https:\/\/amanecerhuasteco.com\/portal\/wp-json\/wp\/v2\/media\/101020"}],"wp:attachment":[{"href":"https:\/\/amanecerhuasteco.com\/portal\/wp-json\/wp\/v2\/media?parent=101019"}],"wp:term":[{"taxonomy":"category","embeddable":true,"href":"https:\/\/amanecerhuasteco.com\/portal\/wp-json\/wp\/v2\/categories?post=101019"},{"taxonomy":"post_tag","embeddable":true,"href":"https:\/\/amanecerhuasteco.com\/portal\/wp-json\/wp\/v2\/tags?post=101019"}],"curies":[{"name":"wp","href":"https:\/\/api.w.org\/{rel}","templated":true}]}}