{"id":101056,"date":"2024-11-16T08:43:33","date_gmt":"2024-11-16T14:43:33","guid":{"rendered":"https:\/\/amanecerhuasteco.com\/portal\/?p=101056"},"modified":"2024-11-16T08:44:26","modified_gmt":"2024-11-16T14:44:26","slug":"sesiona-comision-de-seguridad-en-instalaciones-de-la-coordinacion-especializada-en-justicia-penal-para-adolescentes","status":"publish","type":"post","link":"https:\/\/amanecerhuasteco.com\/portal\/sesiona-comision-de-seguridad-en-instalaciones-de-la-coordinacion-especializada-en-justicia-penal-para-adolescentes\/","title":{"rendered":"Sesiona comisi\u00f3n de seguridad en instalaciones de la coordinaci\u00f3n especializada en justicia penal para adolescentes"},"content":{"rendered":"\n<p><\/p>\n\n\n\n<p><strong>APRUEBAN DICTAMEN PARA QUE EMPRESAS DE SEGURIDAD PRIVADA CAPACITEN A SU PERSONAL EN LA ACADEMIA DE SEGURIDAD P\u00daBLICA<\/strong><\/p>\n\n\n\n<p>La Comisi\u00f3n de Seguridad P\u00fablica, Prevenci\u00f3n y Reinserci\u00f3n Social de la LXIV Legislatura, aprob\u00f3 por unanimidad el dictamen de la iniciativa para la Protecci\u00f3n de Personas que Intervienen en el Proceso Penal en el Estado, la iniciativa de reforma a Ley de Servicios de Seguridad Privada y la iniciativa de reforma a la Ley de Acceso de las Mujeres a una Vida Libre de Violencia.<\/p>\n\n\n\n<p>La sesi\u00f3n de trabajo de las y los diputados se desarroll\u00f3 en las instalaciones de la Coordinaci\u00f3n Especializada en Justicia Penal para Adolescentes en la que particip\u00f3 el director general David Silva Cruz.<\/p>\n\n\n\n<p>Durante los trabajos de an\u00e1lisis, discusi\u00f3n y aprobaci\u00f3n de los dict\u00e1menes estuvieron el presidente de la Comisi\u00f3n de Seguridad P\u00fablica, Prevenci\u00f3n y Reinserci\u00f3n Social diputado Cuauhtli Fernando Badillo Moreno, la vicepresidenta diputada Mar\u00eda Leticia V\u00e1zquez Hern\u00e1ndez, el secretario diputado Marco Antonio Gama Basarte y la vocal diputada Nancy Jeanine Garc\u00eda Mart\u00ednez.<\/p>\n\n\n\n<p>Se analiz\u00f3 y aprob\u00f3 el dictamen de la iniciativa de reforma a la Ley para la Protecci\u00f3n de Personas que Intervienen en el Proceso Penal en el Estado de San Luis Potos\u00ed, presentada por la entonces Legisladora Lidia Nallely Vargas Hern\u00e1ndez; surge de la necesidad de atender y brindar a las y los potosinos el seguimiento a las medidas de protecci\u00f3n son aprobadas por el Ministerio Publico.<\/p>\n\n\n\n<p>Uno de los objetivos de esta iniciativa es elevar a Direcci\u00f3n de Cumplimiento de las Medidas de Protecci\u00f3n el actual Centro de Protecci\u00f3n, estipulado en dicha ley, como un \u00f3rgano permanente de la Fiscal\u00eda General del Estado.<\/p>\n\n\n\n<p>Fue aprobado el dictamen que reforma la Ley de Servicios de Seguridad Privada para el Estado de San Luis Potos\u00ed, presentada por el diputado Rub\u00e9n Guajardo Barrera, para que los prestadores de servicios capaciten a su personal operativo en la Academia de Seguridad P\u00fablica del Estado o en los centros educativos con validez oficial, que deber\u00e1n ser autorizados y revalidados anualmente por la Secretar\u00eda. El reglamento establecer\u00e1 los tiempos, formas y plazos para ello.<\/p>\n\n\n\n<p>La capacitaci\u00f3n que se imparta ser\u00e1 acorde a las modalidades en que se autorice el servicio, y tendr\u00e1 como fin que los elementos se conduzcan bajo los principios de legalidad, objetividad, eficiencia, profesionalismo, honradez y respeto a los derechos humanos se\u00f1alados en la Ley General del Sistema Nacional de Seguridad P\u00fablica.<\/p>\n\n\n\n<p>Se aprob\u00f3 una iniciativa ciudadana para regular las acciones de coordinaci\u00f3n interinstitucional, del Estado con la Federaci\u00f3n, y los municipios, para prevenir, atender, sancionar y erradicar la violencia contra las mujeres, as\u00ed como establecer los principios y criterios que, desde la perspectiva de g\u00e9nero, orienten la elaboraci\u00f3n de presupuestos p\u00fablicos, las pol\u00edticas p\u00fablicas.<\/p>\n\n\n\n<p>Al t\u00e9rmino de la sesi\u00f3n de trabajo de la Comisi\u00f3n de Seguridad P\u00fablica, Prevenci\u00f3n y Reinserci\u00f3n Social del Congreso del Estado, las y los diputados realizaron un recorrido por las distintas \u00e1reas de la Coordinaci\u00f3n Especializada en Justicia Penal para Adolescentes encabezada por su director general David Silva Cruz.<\/p>\n\n\n\n<p>Se les inform\u00f3 que existen nueve adolescentes internados por cometer delitos de alto impacto y que ahora realizan una serie de actividades para su rehabilitaci\u00f3n y reinserci\u00f3n a la sociedad, mientras que 174 adolescentes cumplen sus penas en libertad, bajo la premisa de cumplir con una serie de obligaciones debidamente vigiladas y establecidas en la ley, que los obliga a estudiar, trabajar, realizar deportes y evitar las juntas que los puedan llevar a cometer de nueva cuenta un delito en perjuicio de la sociedad.<\/p>\n","protected":false},"excerpt":{"rendered":"<p>APRUEBAN DICTAMEN PARA QUE EMPRESAS DE SEGURIDAD PRIVADA CAPACITEN A SU PERSONAL EN LA ACADEMIA DE SEGURIDAD P\u00daBLICA La Comisi\u00f3n de Seguridad P\u00fablica, Prevenci\u00f3n y Reinserci\u00f3n Social de la LXIV Legislatura, aprob\u00f3 por unanimidad el dictamen de la iniciativa para la Protecci\u00f3n de Personas que &hellip; <\/p>\n","protected":false},"author":1,"featured_media":101060,"comment_status":"open","ping_status":"open","sticky":false,"template":"","format":"standard","meta":{"footnotes":""},"categories":[13,23,4],"tags":[],"class_list":["post-101056","post","type-post","status-publish","format-standard","has-post-thumbnail","hentry","category-agropecuaria","category-congreso","category-inicio"],"_links":{"self":[{"href":"https:\/\/amanecerhuasteco.com\/portal\/wp-json\/wp\/v2\/posts\/101056","targetHints":{"allow":["GET"]}}],"collection":[{"href":"https:\/\/amanecerhuasteco.com\/portal\/wp-json\/wp\/v2\/posts"}],"about":[{"href":"https:\/\/amanecerhuasteco.com\/portal\/wp-json\/wp\/v2\/types\/post"}],"author":[{"embeddable":true,"href":"https:\/\/amanecerhuasteco.com\/portal\/wp-json\/wp\/v2\/users\/1"}],"replies":[{"embeddable":true,"href":"https:\/\/amanecerhuasteco.com\/portal\/wp-json\/wp\/v2\/comments?post=101056"}],"version-history":[{"count":1,"href":"https:\/\/amanecerhuasteco.com\/portal\/wp-json\/wp\/v2\/posts\/101056\/revisions"}],"predecessor-version":[{"id":101058,"href":"https:\/\/amanecerhuasteco.com\/portal\/wp-json\/wp\/v2\/posts\/101056\/revisions\/101058"}],"wp:featuredmedia":[{"embeddable":true,"href":"https:\/\/amanecerhuasteco.com\/portal\/wp-json\/wp\/v2\/media\/101060"}],"wp:attachment":[{"href":"https:\/\/amanecerhuasteco.com\/portal\/wp-json\/wp\/v2\/media?parent=101056"}],"wp:term":[{"taxonomy":"category","embeddable":true,"href":"https:\/\/amanecerhuasteco.com\/portal\/wp-json\/wp\/v2\/categories?post=101056"},{"taxonomy":"post_tag","embeddable":true,"href":"https:\/\/amanecerhuasteco.com\/portal\/wp-json\/wp\/v2\/tags?post=101056"}],"curies":[{"name":"wp","href":"https:\/\/api.w.org\/{rel}","templated":true}]}}