{"id":101134,"date":"2024-11-18T19:35:45","date_gmt":"2024-11-19T01:35:45","guid":{"rendered":"https:\/\/amanecerhuasteco.com\/portal\/?p=101134"},"modified":"2024-11-19T09:24:04","modified_gmt":"2024-11-19T15:24:04","slug":"entre-columnas-635","status":"publish","type":"post","link":"https:\/\/amanecerhuasteco.com\/portal\/entre-columnas-635\/","title":{"rendered":"ENTRE COLUMNAS"},"content":{"rendered":"\n<p><strong>En la&nbsp; urbe Huasteca.-<\/strong><\/p>\n\n\n\n<p><strong>EX DIRECTOR DE&nbsp; POLICIA MUNICIPAL, VUELVE AL CARGO.<\/strong><\/p>\n\n\n\n<p><strong>+.- Dice&nbsp; que \u201cmoralizar\u00e1\u201d&nbsp; las filas&nbsp; policiacas&nbsp; terror de la ciudadan\u00eda.<\/strong><\/p>\n\n\n\n<p><strong>Quien fuera&nbsp; director de polic\u00eda y tr\u00e1nsito municipal del&nbsp; actual alcalde en su primer trienio, vuelve Jos\u00e9 Juan Herrera Sierra como director de la Polic\u00eda Municipal, quien ya es conocido del mun\u00edcipe<\/strong><\/p>\n\n\n\n<p><strong>puesto que ocup\u00f3 al principio de la pasada administraci\u00f3n en los primeros ocho meses (2021-2024), de octubre de 2021 a junio de 2022.<\/strong><\/p>\n\n\n\n<p><strong>Herrera Sierra llega en un momento de crisis en seguridad por &nbsp;robos domiciliarios en colonias,&nbsp; delincuencia&nbsp; com\u00fan y&nbsp; lo peor; la&nbsp; ciudadan\u00eda&nbsp; tiene mas temor&nbsp; a la polic\u00eda uniformada&nbsp; que a los delincuentes&nbsp; que siguen en las filas debido a que debido a la lentitud de las denuncias ante la Fiscal\u00eda&nbsp; no han determinado la&nbsp; culpabilidad&nbsp; penal de los&nbsp; autores&nbsp; de atracos y abusos de autoridad,&nbsp; el municipio no tiene autoridad para darlos de baja en n\u00f3mina y siguen&nbsp; en las filas&nbsp; como si nada.<\/strong><\/p>\n\n\n\n<h1 class=\"wp-block-heading\">+++++++++++<\/h1>\n\n\n\n<h1 class=\"wp-block-heading\">PR\u00c9STAMOS\u2026.<\/h1>\n\n\n\n<p><strong>de&nbsp; dinero inmediatos a pensionados<\/strong><\/p>\n\n\n\n<h2 class=\"wp-block-heading\">CFE, ISSSTE.FFCC, SCT, PEMEX,<\/h2>\n\n\n\n<h2 class=\"wp-block-heading\">ACTIVOS Y JUBILADOS&nbsp; IMSS<\/h2>\n\n\n\n<h1 class=\"wp-block-heading\">SIN AFECTAR TARJETON.<\/h1>\n\n\n\n<h2 class=\"wp-block-heading\">Ll\u00e1menos las 24 hrs del d\u00eda<\/h2>\n\n\n\n<h1 class=\"wp-block-heading\">LLAMENOS 4811039565<\/h1>\n\n\n\n<h1 class=\"wp-block-heading\">CREDITO INMEDIATO<\/h1>\n\n\n\n<p><strong>+++++++++<\/strong><\/p>\n\n\n\n<p><strong>OCTAVIO MORQUECHO MENDEZ&nbsp; RECIBIO RECONOCIMIENTO NACIONAL.<\/strong><\/p>\n\n\n\n<p><strong>MERECIDO RECONOCIMIENTO AL EMPRESARIO Y PROMOTOR DEPORTIVO &nbsp;OCTAVIO MORQUECHO MENDEZ&#8230;<\/strong><\/p>\n\n\n\n<p><strong>Recibe Octavio Morquecho Mendez reconocimiento por sus 50 a\u00f1os de trayectoria en el softbol mexicano.<\/strong><\/p>\n\n\n\n<p><strong>La entrega se&nbsp; OCURRI\u00d3 durante la ceremonia de inauguraci\u00f3n del Campeonato Nacional de Bola Puesta que se celebra&nbsp; EN La Puerta Grande de la Huasteca<\/strong><\/p>\n\n\n\n<p><strong>por el Presidente de la Federaci\u00f3n Mexicana de Softbol, Cruz Rolando Guerrero Castilla.<\/strong><\/p>\n\n\n\n<p><strong>En&nbsp; horabuena&nbsp; Gordo&nbsp; como llaman a este personaje&nbsp; sus amistades.<\/strong><\/p>\n\n\n\n<p><strong>+++++++++++++++<\/strong><\/p>\n\n\n\n<p><strong>MAS&nbsp;&nbsp; DENUNCIAS CONTRA POLICIA CIVIL DEL ESTADO POR ABUSOS DE AUTORIDAD,&nbsp; ROBO Y&nbsp; OTROS.<\/strong><\/p>\n\n\n\n<p><strong>No&nbsp; bien se&nbsp; aclara&nbsp; el incidente&nbsp; provocado&nbsp; por&nbsp; el&nbsp; evidente abuso&nbsp; policiaco&nbsp; en el&nbsp; que&nbsp; se vi\u00f3&nbsp; involucrado&nbsp; el alcalde de&nbsp; Huehuetl\u00e1n y&nbsp; un ex&nbsp; comandante&nbsp; de la polic\u00eda municipal de Valles&nbsp; y actual&nbsp; jefe&nbsp; de operaciones&nbsp; de la &nbsp;&nbsp;guardia civil del estado en Valles,&nbsp; y en menos de una semana&nbsp; dos casos&nbsp; mas se suman&nbsp;&nbsp; en la Fiscal\u00eda&nbsp; del&nbsp; Estado, donde&nbsp; existen&nbsp; otros&nbsp; 5&nbsp; expedientes&nbsp; con&nbsp; situaciones&nbsp;&nbsp; similares&nbsp; del orden penal.<\/strong><\/p>\n\n\n\n<p><strong>En solo una semana&nbsp; dos&nbsp; denuncias&nbsp; ante la Fiscal\u00eda del Estado&nbsp; contra&nbsp; elementos&nbsp; de la Guardia Civil del estadio por&nbsp; abusos de autoridad, lesiones, robo y otros&nbsp; fueron presentadas&nbsp; por&nbsp; ciudadanos&nbsp; victimas&nbsp; concretamente de&nbsp; un jefe de&nbsp; operaciones&nbsp; identificado como&nbsp; H\u00e9ctor Mar del&nbsp; \u00c1ngel, hechos&nbsp; tipificados como delitos penales ocurridos en Valles y el poblado Tampaon&nbsp; municipio de Tamuin, <\/strong><strong><\/strong><\/p>\n\n\n\n<p><strong>, En ambos casos se presentaron denuncias ante la Fiscal\u00eda General del Estado, &nbsp;los&nbsp; afectados &nbsp;&nbsp;declararon que &nbsp;adem\u00e1s de amenazarlos, fueron v\u00edctimas del robo de sus pertenencias como celulares, dinero y enseres &nbsp;del hogar.<\/strong><\/p>\n\n\n\n<p><strong>Uno de&nbsp; ellos&nbsp; es del matrimonio conformado por la se\u00f1ora Mar\u00eda del Carmen y Jos\u00e9 Alberto, declararon al Fiscal que los agentes iban al mando de un jefe&nbsp; que se&nbsp;&nbsp; identific\u00f3&nbsp; como H\u00e9ctor Mar del \u00c1ngel irrumpieron el pasado viernes por la tarde &nbsp;a su domicilio en Nuevo Tampa\u00f3n en el municipio de Tamu\u00edn, ella fue agredida f\u00edsicamente por una &nbsp;mujer uniformada, que con una manopla la golpeo en el pecho, costillas y la cabeza; mientras su pareja recibi\u00f3 el mismo trato&nbsp; y a un menor de edad tambi\u00e9n fue v\u00edctima del cobarde ataque &nbsp;encubierto&nbsp; como operativo&nbsp; contra el narco.<\/strong><\/p>\n\n\n\n<p><strong>JOVEN&nbsp; ATRACADO POR LA GUARDIA CIVIL ABANDONADO EN LA ZONA TENEK.<\/strong><\/p>\n\n\n\n<p><strong>Otro de los afectados fue el&nbsp;&nbsp; joven trabajador de nombre Jes\u00fas Alberto, manifest\u00f3 ante&nbsp; el Fiscal&nbsp; que caminaba por la tarde noche a su casa, despu\u00e9s&nbsp; de salir de laborar con el monto de su&nbsp; salario&nbsp; de la semana; sin embargo, al transitar por la colonia Altavista fue interceptado por uniformados&nbsp; de la Guardia Civil, con violencia fue tratado&nbsp; y&nbsp; a bordo de&nbsp;&nbsp; una de las&nbsp; patrullas se lo llevaron hacia la zona t\u00e9nek, despu\u00e9s de \u201cinterrogarlo\u201d y explicarles, reiteradamente, que no portaba armas ni droga, y decir a que laboraba en&nbsp; un herbario del mercado , lo amarraron &nbsp;de las mu\u00f1ecas de las manos y en un lugar despoblado, lo &nbsp;golpearon; las huellas est\u00e1n visibles en sus manos brazos y costillas, cicatrices y moretones son testimonio del&nbsp; abuso&nbsp; policiaco<\/strong><\/p>\n\n\n\n<p><strong>Eso&nbsp; no fue todo \u2013refiere&nbsp; &#8211; lo dejaron abandonado en despoblado en &nbsp;la zona ind\u00edgena, logr\u00f3&nbsp; ubicarse&nbsp; y sali\u00f3 a la carretera donde&nbsp; ocupantes&nbsp; de una camioneta&nbsp; de transporte lo auxili\u00f3&nbsp; traslad\u00e1ndolo hasta&nbsp; su domicilio.&nbsp; En Ambos casos&nbsp; el fiscal&nbsp; del estado tiene&nbsp; sendas&nbsp; denuncias.&nbsp; Sobre el caso del alcalde de&nbsp; Huehuetlan nada se sabe.<\/strong><\/p>\n\n\n\n<p><strong>++++++++++++++<\/strong><strong><\/strong><\/p>\n\n\n\n<p><strong>MAS&nbsp; DE&nbsp; 2MDP META DEL VALLESTON VALLENSE 2024.<\/strong><\/p>\n\n\n\n<p><strong>+.- Con la&nbsp; venta de la chatarra&nbsp; en m\u00e1s de 1.3 mdp&nbsp; f\u00e1cilmente superara el objetivo.<\/strong><\/p>\n\n\n\n<p><strong>La&nbsp; direcci\u00f3n del&nbsp; comit\u00e9 municipal del DIF conf\u00eda&nbsp; reunir con&nbsp; la&nbsp; celebraci\u00f3n del Vallest\u00f3n 2024&nbsp; y&nbsp; un evento social,&nbsp; casi&nbsp; DOS MILLONES DE PESOS que&nbsp; ser\u00e1n destinados a la construcci\u00f3n de las nuevas instalaciones del CRI sumados a&nbsp; los recursos recaudados el pasado&nbsp; a\u00f1o 2023.&nbsp; No&nbsp; se&nbsp; toc\u00f3 el tema&nbsp; de los&nbsp; 1.3 MDP&nbsp;&nbsp; que&nbsp; el municipio&nbsp; obtendr\u00eda&nbsp; de la&nbsp; venta de maquinaria&nbsp; y equipo&nbsp; chatarra&nbsp; que&nbsp;&nbsp;&nbsp; tambi\u00e9n anuncio el alcalde se&nbsp;&nbsp;&nbsp; sumarian al Valleston.<\/strong><\/p>\n\n\n\n<p><strong>El Vallest\u00f3n 2023 report\u00f3 un ingreso de &nbsp;un mill\u00f3n 800 mil pesos por lo&nbsp; que se&nbsp; intent\u00f3&nbsp; superarlo en este a\u00f1o, lo m\u00e1s deseado es llegar a los dos millones de pesos, que servir\u00e1 para seguir construyendo las nuevas instalaciones del Centro de Rehabilitaci\u00f3n Integral.<\/strong><\/p>\n\n\n\n<p><strong>La Presidenta Ena Avenda\u00f1o Uscanga inform\u00f3 que con&nbsp; la ampliaci\u00f3n del CRI,&nbsp; contempla las siguientes \u00e1reas mayor amplitud en el m\u00f3dulo gimnasio nueva \u00e1rea para la impartici\u00f3n de electroterapia d\u00f3nde se contar\u00e1 con 10 camillas nueva \u00e1rea de hidroterapia la cual tendr\u00e1 una conexi\u00f3n con el \u00e1rea de hidroterapia existente m\u00e1s m\u00f3dulos sanitario y regaderas, un comedor y m\u00f3dulo de sanitarios para el personal.<\/strong><\/p>\n\n\n\n<p><strong>Se adquiri\u00f3 una nueva unidad de transporte &nbsp;para el traslado de personas con discapacidad para recibir sus terapias, este servicio les ayuda mucho para que no pierdan sus tratamientos y puedan mejorar su calidad de vida.<\/strong><\/p>\n\n\n\n<p><strong>+++++++++++++<\/strong><\/p>\n\n\n\n<p><strong>LLAMADO DE&nbsp; CONGRESISTA A REHABILITAR CICLOVIAS.<\/strong><\/p>\n\n\n\n<p><strong>+.- La dip. Jacquelinn J\u00e1uregui exhorta a las autoridades municipales.<\/strong><\/p>\n\n\n\n<p><strong>La&nbsp; Metr\u00f3poli Huasteca \u2013 Ciudad Valles-&nbsp; tiene&nbsp; su&nbsp; ciclo v\u00eda, seg\u00fan la \u201cherencia maldita\u201d&nbsp;&nbsp; fueron millones de&nbsp; pesos&nbsp; invertidos, a los que se sumaron&nbsp; los maceteros polvorones&nbsp; (destruidos o desaparecidos) y&nbsp; los miles de arbolitos&nbsp; plantados&nbsp; que solo sobreviven un centenar de ellos, actualmente&nbsp; esta&nbsp; obra&nbsp;&nbsp; de seguridad&nbsp; y&nbsp; embellecimiento de la&nbsp; ciudad&nbsp; no recibe la m\u00ednima atenci\u00f3n del gobierno municipal en turno.<\/strong><\/p>\n\n\n\n<p><strong>Sin embargo, es&nbsp; plausible&nbsp; la iniciativa de la <\/strong><strong>&nbsp;presidenta de la Comisi\u00f3n de Movilidad, Comunicaciones y Transportes del Congreso del Estado, diputada Jacquelinn J\u00e1uregui Mendoza, exhort\u00f3 &nbsp;a las autoridades municipales para que inviertan recursos en la rehabilitaci\u00f3n y mantenimiento de las ciclov\u00edas que existen en la ciudad.&nbsp; (se&nbsp; refiri\u00f3 a la ciudad capital) para que adem\u00e1s se construyan nuevas ciclov\u00edas, se\u00f1al\u00f3 que \u201cvamos a hacer un an\u00e1lisis para que realmente esto se lleve a cabo, porque adem\u00e1s se est\u00e1 exigiendo la reparaci\u00f3n de las que ya est\u00e1n en funcionamiento\u201d.<\/strong><\/p>\n\n\n\n<p><strong>&nbsp;Consider\u00f3 que \u201cSan Luis Potos\u00ed es muy grande, nos hace falta mucha infraestructura, porque se ha estado invirtiendo en puentes por parte del Gobierno del Estado, pero necesariamente se requieren otras obras como son precisamente las ciclov\u00edas que son muy necesarias\u201d.<\/strong><\/p>\n\n\n\n<p><strong>Puntualiz\u00f3 que \u201cpor ello hacemos un llamado al Ayuntamiento de la Capital &nbsp;y tambi\u00e9n debe&nbsp; atenderlo&nbsp; el gobierno de Valles&nbsp; (ocurre&nbsp; que la&nbsp; diputada&nbsp; QUIZAS&nbsp; IGNORA&nbsp; QUE&nbsp; NUESTRA URBE&nbsp; TUVO O TIENE&nbsp; VESTIGIOS DE&nbsp; UNA&nbsp; CICLOVIA) para que se aplique en invertir en nuevas ciclov\u00edas y rehabilitar las ya existentes, porque cada vez son m\u00e1s las motos y veh\u00edculos que circulan por las calles y se necesita que existan otras alternativas de transporte\u201d.<\/strong><\/p>\n\n\n\n<p><strong>++++++++++++<\/strong><strong><\/strong><\/p>\n\n\n\n<h1 class=\"wp-block-heading\">CARROCERIAS&nbsp; BUSTOS<\/h1>\n\n\n\n<h2 class=\"wp-block-heading\">Reforma y Lerdo de tejada Col. Altavista.<\/h2>\n\n\n\n<h2 class=\"wp-block-heading\">Cd Valles SLP&nbsp; Tel. 3824777.<\/h2>\n\n\n\n<p><strong>En carrocer\u00edas para camiones y camionetas nadie nos compite.<\/strong><\/p>\n\n\n\n<p><strong>+++++++<\/strong><\/p>\n\n\n\n<p><strong>Va IFSE por exalcaldes con observaciones en auditor\u00eda 2023<\/strong><\/p>\n\n\n\n<p><strong>EX&nbsp; ALCALDES DE LA&nbsp; PASADA&nbsp; ADMINISTRACION&nbsp; EN LA MIRA DE&nbsp; LA&nbsp;&nbsp; IESE.<\/strong><\/p>\n\n\n\n<p><strong>Por&nbsp; en\u00e9sima&nbsp; ocasi\u00f3n el auditor superior del Estado, Rodrigo Lecourtois, asegur\u00f3 que no se podr\u00e1n deslindar de sus responsabilidades ante la ley&nbsp;&nbsp; los ex funcionarios municipales que en el&nbsp; pasado reciente concluyeron sus encargos, no podr\u00e1n eludir&nbsp; ni deslindarse de sus responsabilidades para aclarar y desahogar las observaciones que contienen los Informes Finales de Auditor\u00eda 2023, son de su&nbsp; total responsabilidad, reiter\u00f3 el Auditor Superior del Estado, Rodrigo Joaqu\u00edn Lecourtois L\u00f3pez, al dar a conocer que venci\u00f3 el plazo legal para solventar los resultados preliminares de la fiscalizaci\u00f3n correspondiente a ese&nbsp; ejercicio.<\/strong><\/p>\n\n\n\n<p><strong>Recientemente el &nbsp;titular del Instituto de Fiscalizaci\u00f3n Superior del Estado advirti\u00f3&nbsp; sobre el plazo&nbsp; por&nbsp; concluir para&nbsp; que los&nbsp; ex&nbsp; alcaldes y sus&nbsp; funcionarios&nbsp; \u201cobservados\u201d&nbsp; por la&nbsp; Auditor\u00eda,&nbsp; ahora por las &nbsp;irregularidades no&nbsp; desahogadas en que incurrieron en el desempe\u00f1o de su funci\u00f3n durante el ejercicio 2023&nbsp; ser\u00e1n sabcionados.<\/strong><\/p>\n\n\n\n<p><strong>Este Pliego de Observaciones forma parte de las acciones y previsiones que el organismo fiscalizador emite y su valor radica en que contiene la cuantificaci\u00f3n en pesos, del da\u00f1o causado al patrimonio de los entes p\u00fablicos; sin embargo, el IFSE tambi\u00e9n formula solicitudes de aclaraci\u00f3n, informes de presunta responsabilidad administrativa, promociones del ejercicio de la facultad de comprobaci\u00f3n fiscal, promociones de responsabilidad administrativa sancionatoria, denuncias de hechos ante la Fiscal\u00eda Especializada, denuncias de juicio pol\u00edtico ante el Congreso del Estado y recomendaciones.<\/strong><\/p>\n\n\n\n<p><strong>En este sentido, Rodrigo Lecourtois puntualiz\u00f3 que en breve los auditores entregar\u00e1n los resultados de su trabajo y notificar\u00e1n el cierre de auditor\u00eda a los entes fiscalizados, de tal modo que el Instituto se encuentre en condiciones de entregar los informes General e Individuales a la Comisi\u00f3n de Vigilancia, apenas inicie el mes de diciembre. Una vez hecho lo anterior, se notificar\u00e1n los Informes Individuales a cada ente auditado, con lo que quedar\u00e1n formalmente promovidas las acciones y recomendaciones que integran dichos informes.<\/strong><\/p>\n\n\n\n<p><strong>Asimismo, es importante reiterar que el desahogo de las observaciones a las Cuentas P\u00fablicas 2023, corresponde en su totalidad a los hoy exfuncionarios p\u00fablicos, quienes deber\u00e1n solicitar el ingreso a los archivos municipales en caso de requerir consultar documentos bajo resguardo de la nueva administraci\u00f3n, lo que podr\u00eda complicarse \u201csi los anteriores no se portaron bien con los nuevos durante el proceso de Entrega \u2013 Recepci\u00f3n\u201d, finaliz\u00f3 el titular del IFSE.<\/strong><\/p>\n\n\n\n<p><strong>+++++++++++++<\/strong><\/p>\n\n\n\n<h1 class=\"wp-block-heading\">QFB&nbsp; FABIOLA GARCIA ALVAREZ<\/h1>\n\n\n\n<h2 class=\"wp-block-heading\">Perito dictaminador en an\u00e1lisis bacteriol\u00f3gico de agua<\/h2>\n\n\n\n<h2 class=\"wp-block-heading\">Y alimentos con n\u00famero GES-PD 0705<\/h2>\n\n\n\n<h2 class=\"wp-block-heading\">Perito dictaminador en&nbsp; estupefacientes GES-PD0523<\/h2>\n\n\n\n<h2 class=\"wp-block-heading\">Maestr\u00eda&nbsp; en an\u00e1lisis cl\u00ednicos 1301 \u2013 368068<\/h2>\n\n\n\n<p><strong>Ced&nbsp; prof&nbsp; 8664204&nbsp;&nbsp; Tel. 38 1 66 64<\/strong><\/p>\n\n\n\n<h2 class=\"wp-block-heading\">Asesor\u00eda,&nbsp; auditor\u00eda&nbsp; y gesti\u00f3n ambiental.<\/h2>\n\n\n\n<h2 class=\"wp-block-heading\">G. Victoria No. 8&nbsp; zona centro Cd Valles<\/h2>\n\n\n\n<p><strong>++++++++++++<\/strong><\/p>\n\n\n\n<p><strong>ESPERANZA DE CA\u00d1EROS&nbsp; EN OBTENER&nbsp; APOYO PRESIDENCIAL A&nbsp; SU DIFICIL SITUACION ECONOMICA.<\/strong><\/p>\n\n\n\n<p><strong>+.- Repercusi\u00f3n por&nbsp; prolongada sequ\u00eda&nbsp; e intereses&nbsp; por cr\u00e9ditos que arrastran.<\/strong><a href=\"https:\/\/amanecerhuasteco.com\/portal\/wp-content\/uploads\/2024\/10\/UNPC-AC.jpg\"><\/a><strong><\/strong><\/p>\n\n\n\n<p><strong>Los&nbsp; productores de ca\u00f1a&nbsp; de&nbsp; az\u00facar&nbsp; de&nbsp; esta zona&nbsp; del Golfo, conf\u00edan en su dirigente&nbsp; de&nbsp; la UNPC AC &nbsp;Javier S\u00e1nchez Ch\u00e1vez, Presidente de la Uni\u00f3n Nacional de Productores de Ca\u00f1a AC, quien dijo&nbsp; a&nbsp; Amanecer&nbsp; Huasteco&nbsp; en una entrevista que en los pr\u00f3ximos d\u00edas en la&nbsp; agenda&nbsp; oficial tiene &nbsp;una reuni\u00f3n con la Presidenta de M\u00e9xico, Claudia Sheinbaum Pardo ante quien presentara la&nbsp; situaci\u00f3n que&nbsp; prevalece&nbsp; tras&nbsp; la prolongada&nbsp; sequ\u00eda&nbsp; que padecieron los ca\u00f1eros y diversos proyectos de apoyo a este sector que a sido golpeado en los \u00faltimos a\u00f1os por fen\u00f3menos naturales.<\/strong><\/p>\n\n\n\n<p><strong>El l\u00edder reconoci\u00f3 que en el Estado de San Luis Potos\u00ed, los Ingenios Azucareros de Beta San Miguel en el Naranjo, Plan de San Luis y Plan de Ayala en Ciudad Valles y el Ingenio Alianza Popular en el municipio de Tamasopo, sufrieron p\u00e9rdidas de 18 000 hect\u00e1reas de cultivo de ca\u00f1a y muchos productores perdieron todo y necesitan de apoyos del gobierno y financiamientos para seguir cultivando la ca\u00f1a de az\u00facar de las 60 000 hect\u00e1reas de ca\u00f1a perdidas en todo el pa\u00eds,&nbsp; 18 000 hect\u00e1reas corresponden a esta regi\u00f3n.<\/strong><\/p>\n\n\n\n<p><strong>+++++++++++++<\/strong><\/p>\n\n\n\n<p><strong>&nbsp;\u201cFINCA&nbsp; SAN ISIDRO\u201d <\/strong><strong><\/strong><\/p>\n\n\n\n<h2 class=\"wp-block-heading\">Sal\u00f3n para fiestas de todo tipo.<\/h2>\n\n\n\n<h2 class=\"wp-block-heading\">Carretera Valles \u2013 R\u00edo Verde Km. 8<\/h2>\n\n\n\n<h2 class=\"wp-block-heading\">Contrataciones al Tel. 01 481<\/h2>\n\n\n\n<p><strong>++++++++++++<\/strong><\/p>\n\n\n\n<p><strong>DAPAS&nbsp;&nbsp; OCULTA&nbsp; ESTADOS FINANCIEROS A SUS MAS DE 55 MIL USUARIOS QUE LA MANTIENEN.<\/strong><\/p>\n\n\n\n<p><strong>En Valles no existe&nbsp; alguna&nbsp; organizaci\u00f3n o grupo que&nbsp; represente&nbsp; a&nbsp; los mas de 55&nbsp; mil usuarios&nbsp; de la&nbsp; DAPAS, si bien&nbsp; funciona&nbsp; una Junta&nbsp; con su consejo&nbsp; e&nbsp; gobierno que&nbsp; preside el alcalde en turno, de&nbsp; forma&nbsp; un tanto ilegible se convoca a elegir representantes&nbsp;&nbsp;&nbsp; populares, inclusive&nbsp; hasta un regidor&nbsp; comisionado del cabildo, ninguno&nbsp; cumple con su responsabilidad&nbsp; de&nbsp; informar a sus representados&nbsp; sobre&nbsp; el funcionamiento&nbsp; o&nbsp; requerimientos&nbsp; econ\u00f3micos&nbsp; anuales&nbsp; en las tarifas s&nbsp; que&nbsp; las impone a&nbsp; su arbitrio los&nbsp; directivos&nbsp; avalados por&nbsp; los&nbsp; diputados&nbsp; de la&nbsp;&nbsp; comisi\u00f3n de aguas del Congreso del estado. As\u00ed cada&nbsp; a\u00f1o se con suma e atraco a los&nbsp; usuarios.<\/strong><\/p>\n\n\n\n<p><strong>Seg\u00fan publican en redes sociales datos&nbsp; generalizados del \u201cinforme del estado anal\u00edtico de la Deuda y Otros Pasivos\u201d en el periodo comprendido de\/agosto 2024, <u>la actual&nbsp; administraci\u00f3n&nbsp; del organismo reporta <\/u>&nbsp;un total de deuda p\u00fablica y otros pasivos por la cantidad de $62,449,008.55 (SESENTA Y DOS MILLONES, CUATROCIENTOS CUARENTA Y NUEVE MIL OCHO PESOS 55\/100 MN),&nbsp; cantidad&nbsp; que&nbsp; corresponden a&nbsp; pendientes&nbsp; dejados&nbsp; por&nbsp; anteriores&nbsp; administraciones&nbsp; y la&nbsp; reciente de Paco G\u00f3mez&nbsp; que \u201ctir\u00f3 el arpa\u201d&nbsp; sin convocar a una asamblea del consejo, resulta que cuando abandon\u00f3 el cargo, hacia mas de dos meses&nbsp; que hab\u00eda renunciado. De esto tampoco la Junta de gobierno&nbsp; no informo oportunamente&nbsp; o si la&nbsp; renuncia&nbsp; fue motivada por esa autoridad&nbsp; para dar paso a&nbsp; un recomendado allegado al alcalde.<\/strong><\/p>\n\n\n\n<p><strong>++++++++++++<\/strong><\/p>\n\n\n\n<p><strong>EL TRIBUNAL&nbsp; AGRARIO SE&nbsp; QUEDA DONDE ESTA&nbsp; Y PUNTO.<\/strong><\/p>\n\n\n\n<p><strong>El&nbsp; cabildo&nbsp; aprob\u00f3&nbsp; que&nbsp; con recursos del municipio&nbsp; se&nbsp; cubra&nbsp; el arrendamiento del&nbsp; edificio que&nbsp; el Tribunal Agrario&nbsp; Federal ocupa&nbsp; en&nbsp; el que fuera&nbsp; \u201cexclusivo\u201d&nbsp; fraccionamiento residencia al Norte&nbsp; de&nbsp; la ciudad.<\/strong><\/p>\n\n\n\n<p><strong>Como&nbsp; aqu\u00ed&nbsp; comentamos la semana anterior el regidor de&nbsp; Morena que oficiosamente&nbsp; expuso&nbsp; la&nbsp; molestia de los&nbsp; residente en Valle Alto dijo&nbsp; que \u201chay gente que no est\u00e1 de acuerdo con la ubicaci\u00f3n, de hecho cuando lo hicieron la primera vez hubo una manifestaci\u00f3n y &nbsp;no les tomaron en cuenta no se si podemos <em>checar el reubicar y darle la atenci\u00f3n a los vecinos de ese sector<\/em>\u2026\u201d&nbsp; en&nbsp; opini\u00f3n de&nbsp; sus compa\u00f1eros, el&nbsp; regidor no est\u00e1 enterado, que en su momento se abord\u00f3 el tema y se hicieron mesas de trabajo, donde se dialog\u00f3 con unos cuantos vecinos del sector, porque&nbsp; no quisieron presentarse a dialogar con las autoridades estatales y municipales, se habl\u00f3 del tema de vialidad, estacionamientos, comercios y otros asuntos que ellos plantearon, y se llegaron a acuerdos.&nbsp;&nbsp; . Ahora seguramente&nbsp;&nbsp; que&nbsp; para el siguiente a\u00f1o&nbsp; el municipio contribuir\u00e1 con el estado&nbsp; cubriendo el importe del&nbsp; arrendamiento en el mismo sitio.<\/strong><\/p>\n\n\n\n<p><strong>+++++++++++++<\/strong><\/p>\n\n\n\n<h1 class=\"wp-block-heading\">&nbsp;\u201cCAF\u00c9 Y RESTAURANT&nbsp;<\/h1>\n\n\n\n<h1 class=\"wp-block-heading\">EL FAROLITO<\/h1>\n\n\n\n<p><strong>Lo mejor de la cocina Huasteca; el tradicional zacahuil y cazueladas .Atendemos toda clase de&nbsp; festejos. Pedidos al Tel&nbsp; 3821017 Ciudad Valles SLP<\/strong><\/p>\n\n\n\n<p><strong>+++++++++++++<\/strong><\/p>\n\n\n\n<p><strong>D e&nbsp;&nbsp; v o l a d a .-<\/strong><\/p>\n\n\n\n<p><strong>ATENCION SE\u00d1ORES&nbsp;&nbsp; REGIDORES&nbsp;&nbsp; A desquitar el&nbsp; SUPERSUELDO.<\/strong><\/p>\n\n\n\n<p>El d\u00eda 11 de Noviembre pasado se cumplieron los 30 d\u00edas h\u00e1biles del plazo que contempla la Ley de entrega- recepci\u00f3n para que los funcionarios y autoridades municipales realizaran la revisi\u00f3n ocasionada por la entrega- recepci\u00f3n del d\u00eda 01 de octubre y bueno no han informado nada ning\u00fan miembro del Ayuntamiento, ser\u00eda conveniente transparentaran dicho proceso para saber si hubo observaciones a los funcionarios que Entregaron y ya fueron Notificados para efectuar aclaraciones, el plazo que se les otorga es de 15 d\u00edas h\u00e1biles. Seguramente los regidores actuales y S\u00edndicos ya tienen conocimiento de este tema por ser integrantes de la Comisi\u00f3n de Recepci\u00f3n. Ups&#8230; querr\u00e1n informar?&#8230;es su obligaci\u00f3n por ser nuestros representantes populares y adem\u00e1s reciben una remuneraci\u00f3n por su trabajo, m\u00e1s porque en el Presidente Municipal recaen dos figuras por la reelecci\u00f3n, \u00abel que entrega y el que recibe\u00bb y tambi\u00e9n en algunos funcionarios que repiten en sus cargos. Ser\u00e1n capaces de tener la integridad para se\u00f1alarse sus irregularidades?.<\/p>\n\n\n\n<p>C\u00f3mo dijo la abuelita: Cuentas claras y el chocolate espeso.<\/p>\n\n\n\n<p>Ustedes que opinan?<\/p>\n\n\n\n<p>Colaboraci\u00f3n del CP&nbsp; Abraham Camarillo Orta.<\/p>\n\n\n\n<p><strong>Davidfores095@gmail.com<\/strong><\/p>\n\n\n\n<p><strong>&#8212;<\/strong><\/p>\n","protected":false},"excerpt":{"rendered":"<p>En la&nbsp; urbe Huasteca.- EX DIRECTOR DE&nbsp; POLICIA MUNICIPAL, VUELVE AL CARGO. +.- Dice&nbsp; que \u201cmoralizar\u00e1\u201d&nbsp; las filas&nbsp; policiacas&nbsp; terror de la ciudadan\u00eda. Quien fuera&nbsp; director de polic\u00eda y tr\u00e1nsito municipal del&nbsp; actual alcalde en su primer trienio, vuelve Jos\u00e9 Juan Herrera Sierra como director &hellip; <\/p>\n","protected":false},"author":1,"featured_media":100530,"comment_status":"open","ping_status":"open","sticky":false,"template":"","format":"standard","meta":{"footnotes":""},"categories":[17,4],"tags":[],"class_list":["post-101134","post","type-post","status-publish","format-standard","has-post-thumbnail","hentry","category-colaboraciones","category-inicio"],"_links":{"self":[{"href":"https:\/\/amanecerhuasteco.com\/portal\/wp-json\/wp\/v2\/posts\/101134","targetHints":{"allow":["GET"]}}],"collection":[{"href":"https:\/\/amanecerhuasteco.com\/portal\/wp-json\/wp\/v2\/posts"}],"about":[{"href":"https:\/\/amanecerhuasteco.com\/portal\/wp-json\/wp\/v2\/types\/post"}],"author":[{"embeddable":true,"href":"https:\/\/amanecerhuasteco.com\/portal\/wp-json\/wp\/v2\/users\/1"}],"replies":[{"embeddable":true,"href":"https:\/\/amanecerhuasteco.com\/portal\/wp-json\/wp\/v2\/comments?post=101134"}],"version-history":[{"count":1,"href":"https:\/\/amanecerhuasteco.com\/portal\/wp-json\/wp\/v2\/posts\/101134\/revisions"}],"predecessor-version":[{"id":101135,"href":"https:\/\/amanecerhuasteco.com\/portal\/wp-json\/wp\/v2\/posts\/101134\/revisions\/101135"}],"wp:featuredmedia":[{"embeddable":true,"href":"https:\/\/amanecerhuasteco.com\/portal\/wp-json\/wp\/v2\/media\/100530"}],"wp:attachment":[{"href":"https:\/\/amanecerhuasteco.com\/portal\/wp-json\/wp\/v2\/media?parent=101134"}],"wp:term":[{"taxonomy":"category","embeddable":true,"href":"https:\/\/amanecerhuasteco.com\/portal\/wp-json\/wp\/v2\/categories?post=101134"},{"taxonomy":"post_tag","embeddable":true,"href":"https:\/\/amanecerhuasteco.com\/portal\/wp-json\/wp\/v2\/tags?post=101134"}],"curies":[{"name":"wp","href":"https:\/\/api.w.org\/{rel}","templated":true}]}}