{"id":101183,"date":"2024-11-20T07:21:29","date_gmt":"2024-11-20T13:21:29","guid":{"rendered":"https:\/\/amanecerhuasteco.com\/portal\/?p=101183"},"modified":"2024-11-20T07:21:31","modified_gmt":"2024-11-20T13:21:31","slug":"entrega-de-programas-de-alimentacion-escolar-en-tamasopo-un-compromiso-con-la-nutricion-y-el-bienestar-estudiantil","status":"publish","type":"post","link":"https:\/\/amanecerhuasteco.com\/portal\/entrega-de-programas-de-alimentacion-escolar-en-tamasopo-un-compromiso-con-la-nutricion-y-el-bienestar-estudiantil\/","title":{"rendered":"Entrega de Programas de Alimentaci\u00f3n Escolar en Tamasopo: Un Compromiso con la Nutrici\u00f3n y el Bienestar Estudiantil"},"content":{"rendered":"\n<p><\/p>\n\n\n\n<figure class=\"wp-block-image size-full\"><img decoding=\"async\" width=\"856\" height=\"400\" src=\"https:\/\/amanecerhuasteco.com\/portal\/wp-content\/uploads\/2024\/11\/467879360_122108066468614873_375188928403254163_n.jpg\" alt=\"\" class=\"wp-image-101185\" srcset=\"https:\/\/amanecerhuasteco.com\/portal\/wp-content\/uploads\/2024\/11\/467879360_122108066468614873_375188928403254163_n.jpg 856w, https:\/\/amanecerhuasteco.com\/portal\/wp-content\/uploads\/2024\/11\/467879360_122108066468614873_375188928403254163_n-300x140.jpg 300w, https:\/\/amanecerhuasteco.com\/portal\/wp-content\/uploads\/2024\/11\/467879360_122108066468614873_375188928403254163_n-768x359.jpg 768w\" sizes=\"(max-width: 856px) 100vw, 856px\" \/><\/figure>\n\n\n\n<p>El Gobierno Municipal de Tamasopo encabezado por el alcalde <a href=\"https:\/\/www.facebook.com\/profile.php?id=100080627962994&amp;__cft__[0]=AZWDUQEH_G91vY_XnhMsUdJmL8vLJHnQlQ-DAc16zx8fwM7gg0rEe-O7Yw7Ay8Ywi7UbZ9QoF40W_l4V7wRhzMoSTqJwnGgLmPcCScUPCmiAg8eulUoS_2YyhMqGe-XDYFJfk-tUP8rm7KcVIDTme3l9EFZ1joiP0Ii5T0AUpDAwjLBd6--XWkzXAcCylf7bFB8NKeB__oaQbiwlEPrLcNgf&amp;__tn__=-]K-R\">Mauricio Andrade<\/a>, en colaboraci\u00f3n con el Sistema para el Desarrollo Integral de la Familia (DIF) de Tamasopo , presidido por Wendy Zu\u00f1iga, en coordinaci\u00f3n con el Sistema Estatal DIF, dirigido por la Lic. Ruth Gonz\u00e1lez Silva, junto con el Distrito XII C\u00e1rdenas, a cargo del Lic. Roberto \u00c1valos Contreras, llev\u00f3 a cabo una significativa jornada de entrega de programas de alimentaci\u00f3n escolar en su modalidad caliente, beneficiando a diversas instituciones educativas como preescolares y el CAM Benem\u00e9rito de las Am\u00e9ricas en Tamasopo.<\/p>\n\n\n\n<p>Este esfuerzo tiene como objetivo garantizar el acceso de los estudiantes a una dieta equilibrada y adecuada que favorezca su rendimiento acad\u00e9mico y desarrollo f\u00edsico. Durante la entrega, se subray\u00f3 la importancia de una alimentaci\u00f3n sana para el crecimiento y el bienestar de los ni\u00f1os y ni\u00f1as que asisten a las escuelas locales.<\/p>\n\n\n\n<p>El Gobierno del Estado, bajo la administraci\u00f3n del Lic. Ricardo Gallardo y Mauricio Andrade reafirman su compromiso de llevar apoyos y acciones que mejoren la calidad de vida y el futuro de la poblaci\u00f3n.<\/p>\n\n\n\n<p>Juntos, construimos un gobierno de confianza<\/p>\n","protected":false},"excerpt":{"rendered":"<p>El Gobierno Municipal de Tamasopo encabezado por el alcalde Mauricio Andrade, en colaboraci\u00f3n con el Sistema para el Desarrollo Integral de la Familia (DIF) de Tamasopo , presidido por Wendy Zu\u00f1iga, en coordinaci\u00f3n con el Sistema Estatal DIF, dirigido por la Lic. Ruth Gonz\u00e1lez Silva, &hellip; <\/p>\n","protected":false},"author":1,"featured_media":101184,"comment_status":"open","ping_status":"open","sticky":false,"template":"","format":"standard","meta":{"footnotes":""},"categories":[13,14,28,29,11,15,16,4,21],"tags":[],"class_list":["post-101183","post","type-post","status-publish","format-standard","has-post-thumbnail","hentry","category-agropecuaria","category-caneros","category-cnc","category-cnpr","category-estado","category-ganaderos","category-ingenios","category-inicio","category-tamasopo"],"_links":{"self":[{"href":"https:\/\/amanecerhuasteco.com\/portal\/wp-json\/wp\/v2\/posts\/101183","targetHints":{"allow":["GET"]}}],"collection":[{"href":"https:\/\/amanecerhuasteco.com\/portal\/wp-json\/wp\/v2\/posts"}],"about":[{"href":"https:\/\/amanecerhuasteco.com\/portal\/wp-json\/wp\/v2\/types\/post"}],"author":[{"embeddable":true,"href":"https:\/\/amanecerhuasteco.com\/portal\/wp-json\/wp\/v2\/users\/1"}],"replies":[{"embeddable":true,"href":"https:\/\/amanecerhuasteco.com\/portal\/wp-json\/wp\/v2\/comments?post=101183"}],"version-history":[{"count":1,"href":"https:\/\/amanecerhuasteco.com\/portal\/wp-json\/wp\/v2\/posts\/101183\/revisions"}],"predecessor-version":[{"id":101186,"href":"https:\/\/amanecerhuasteco.com\/portal\/wp-json\/wp\/v2\/posts\/101183\/revisions\/101186"}],"wp:featuredmedia":[{"embeddable":true,"href":"https:\/\/amanecerhuasteco.com\/portal\/wp-json\/wp\/v2\/media\/101184"}],"wp:attachment":[{"href":"https:\/\/amanecerhuasteco.com\/portal\/wp-json\/wp\/v2\/media?parent=101183"}],"wp:term":[{"taxonomy":"category","embeddable":true,"href":"https:\/\/amanecerhuasteco.com\/portal\/wp-json\/wp\/v2\/categories?post=101183"},{"taxonomy":"post_tag","embeddable":true,"href":"https:\/\/amanecerhuasteco.com\/portal\/wp-json\/wp\/v2\/tags?post=101183"}],"curies":[{"name":"wp","href":"https:\/\/api.w.org\/{rel}","templated":true}]}}