{"id":101207,"date":"2024-11-21T07:30:13","date_gmt":"2024-11-21T13:30:13","guid":{"rendered":"https:\/\/amanecerhuasteco.com\/portal\/?p=101207"},"modified":"2024-11-21T07:30:15","modified_gmt":"2024-11-21T13:30:15","slug":"ayuntamiento-de-santa-catarina-conmemoro-el-114-aniversario-de-la-revolucion-mexicana","status":"publish","type":"post","link":"https:\/\/amanecerhuasteco.com\/portal\/ayuntamiento-de-santa-catarina-conmemoro-el-114-aniversario-de-la-revolucion-mexicana\/","title":{"rendered":"Ayuntamiento de Santa Catarina, conmemoro el 114 aniversario de la Revoluci\u00f3n Mexicana."},"content":{"rendered":"\n<p><\/p>\n\n\n\n<p>El d\u00eda de hoy conmemoramos con orgullo el 114 aniversario de la Revoluci\u00f3n Mexicana, uno de los acontecimientos m\u00e1s trascendentales en la historia de nuestro pa\u00eds.<\/p>\n\n\n\n<p>En este marco, se llev\u00f3 a cabo un solemne y colorido desfile en la cabecera municipal de Santa Catarina, S.L.P.<\/p>\n\n\n\n<p>El <a><\/a>evento fue encabezado por el Presidente Municipal, Juan Carlos Ramos Moreno, y Karen Skarleth Manr\u00edquez Mart\u00ednez, Presidenta del SMDIF, quienes, junto con directores, trabajadores del Gobierno Municipal e instituciones educativas, reafirmaron su compromiso con el fortalecimiento de nuestras tradiciones y el legado hist\u00f3rico que nos une como sociedad.<\/p>\n\n\n\n<p>Este tipo de actividades nos permiten rendir homenaje a los h\u00e9roes que forjaron el M\u00e9xico que hoy conocemos, mientras fortalecemos los lazos de unidad y colaboraci\u00f3n en nuestra comunidad.<\/p>\n","protected":false},"excerpt":{"rendered":"<p>El d\u00eda de hoy conmemoramos con orgullo el 114 aniversario de la Revoluci\u00f3n Mexicana, uno de los acontecimientos m\u00e1s trascendentales en la historia de nuestro pa\u00eds. En este marco, se llev\u00f3 a cabo un solemne y colorido desfile en la cabecera municipal de Santa Catarina, &hellip; <\/p>\n","protected":false},"author":1,"featured_media":101208,"comment_status":"open","ping_status":"open","sticky":false,"template":"","format":"standard","meta":{"footnotes":""},"categories":[13,14,77,15,4,59],"tags":[],"class_list":["post-101207","post","type-post","status-publish","format-standard","has-post-thumbnail","hentry","category-agropecuaria","category-caneros","category-el-campo","category-ganaderos","category-inicio","category-santa-catarina"],"_links":{"self":[{"href":"https:\/\/amanecerhuasteco.com\/portal\/wp-json\/wp\/v2\/posts\/101207","targetHints":{"allow":["GET"]}}],"collection":[{"href":"https:\/\/amanecerhuasteco.com\/portal\/wp-json\/wp\/v2\/posts"}],"about":[{"href":"https:\/\/amanecerhuasteco.com\/portal\/wp-json\/wp\/v2\/types\/post"}],"author":[{"embeddable":true,"href":"https:\/\/amanecerhuasteco.com\/portal\/wp-json\/wp\/v2\/users\/1"}],"replies":[{"embeddable":true,"href":"https:\/\/amanecerhuasteco.com\/portal\/wp-json\/wp\/v2\/comments?post=101207"}],"version-history":[{"count":1,"href":"https:\/\/amanecerhuasteco.com\/portal\/wp-json\/wp\/v2\/posts\/101207\/revisions"}],"predecessor-version":[{"id":101209,"href":"https:\/\/amanecerhuasteco.com\/portal\/wp-json\/wp\/v2\/posts\/101207\/revisions\/101209"}],"wp:featuredmedia":[{"embeddable":true,"href":"https:\/\/amanecerhuasteco.com\/portal\/wp-json\/wp\/v2\/media\/101208"}],"wp:attachment":[{"href":"https:\/\/amanecerhuasteco.com\/portal\/wp-json\/wp\/v2\/media?parent=101207"}],"wp:term":[{"taxonomy":"category","embeddable":true,"href":"https:\/\/amanecerhuasteco.com\/portal\/wp-json\/wp\/v2\/categories?post=101207"},{"taxonomy":"post_tag","embeddable":true,"href":"https:\/\/amanecerhuasteco.com\/portal\/wp-json\/wp\/v2\/tags?post=101207"}],"curies":[{"name":"wp","href":"https:\/\/api.w.org\/{rel}","templated":true}]}}