{"id":101219,"date":"2024-11-21T07:39:45","date_gmt":"2024-11-21T13:39:45","guid":{"rendered":"https:\/\/amanecerhuasteco.com\/portal\/?p=101219"},"modified":"2024-11-21T07:39:48","modified_gmt":"2024-11-21T13:39:48","slug":"rgc-asiste-al-desfile-conmemorativo-de-la-revolucion","status":"publish","type":"post","link":"https:\/\/amanecerhuasteco.com\/portal\/rgc-asiste-al-desfile-conmemorativo-de-la-revolucion\/","title":{"rendered":"RGC asiste al desfile conmemorativo de la revoluci\u00f3n"},"content":{"rendered":"\n<p><br>\u2022 Gobernador del Estado reconoce la participaci\u00f3n de la comunidad educativa, los cuerpos de seguridad y deportistas<\/p>\n\n\n\n<p>El Gobernador de San Luis Potos\u00ed Ricardo Gallardo Cardona, encabez\u00f3 este mi\u00e9rcoles el desfile c\u00edvico-deportivo conmemorativo del 114 aniversario del inicio de la Revoluci\u00f3n Mexicana, donde participaron cientos de potosinas y potosinos, pertenecientes a diferentes cuerpos de seguridad y militares, planteles educativos, deportistas y charros, que marcharon por la emblem\u00e1tica avenida Venustiano Carranza, en un ambiente festivo y patri\u00f3tico.<br>En punto de las 10:30 horas, el Mandatario Estatal dio banderazo de salida al desfile conmemorativo, en la intersecci\u00f3n de Carranza y Uresti, acompa\u00f1ado de representantes de los poderes Legislativo y Judicial y otras autoridades, y salud\u00f3 a los contingentes que continuaban su marcha, entre toque militares, bandas y m\u00fasica mexicana, hasta el museo Francisco Coss\u00edo.<br>Cientos de familias, ni\u00f1as, ni\u00f1os, j\u00f3venes y adultos mayores disfrutaron de la festividad, al admirar carros aleg\u00f3ricos, adelitas y soldaderas, infantes vestidos de revolucionarios, docentes, bandas de guerra, grupos folkl\u00f3ricos de baile, tablas gimn\u00e1sticas y r\u00edtmicas, y veh\u00edculos operativos de cuerpos de seguridad, entre la alegr\u00eda y el sentimiento de orgullo por los valores patrios: la bandera, el escudo y el himno nacional, as\u00ed como el respeto por las hero\u00ednas y los h\u00e9roes revolucionarios, para reforzar el sentido de pertenencia a nuestra naci\u00f3n y consolidar nuestra identidad como M\u00e9xico.<br>El despliegue del desfile incluy\u00f3 motociclistas de los cuerpos de seguridad estatal y municipal de la capital, agrupamientos de planteles educativos de la Secretar\u00eda de Educaci\u00f3n del gobierno del Estado (SEGE), el Sistema Educativo Estatal Regular (SEER), el Pentatl\u00f3n Deportivo Universitario, las y los medallistas ol\u00edmpicos y de Comisi\u00f3n Nacional del Deporte (Conade), como F\u00e1tima Herrera y Jorge Iga, y representantes de diferentes disciplinas deportivas, artistas y j\u00f3venes destacados, un agrupamiento del Ej\u00e9rcito Mexicano, la Guardia Nacional, Guardia Civil Estatal, Defensas Rurales y charros.<\/p>\n","protected":false},"excerpt":{"rendered":"<p>\u2022 Gobernador del Estado reconoce la participaci\u00f3n de la comunidad educativa, los cuerpos de seguridad y deportistas El Gobernador de San Luis Potos\u00ed Ricardo Gallardo Cardona, encabez\u00f3 este mi\u00e9rcoles el desfile c\u00edvico-deportivo conmemorativo del 114 aniversario del inicio de la Revoluci\u00f3n Mexicana, donde participaron cientos &hellip; <\/p>\n","protected":false},"author":1,"featured_media":101220,"comment_status":"open","ping_status":"open","sticky":false,"template":"","format":"standard","meta":{"footnotes":""},"categories":[13,25,14,29,67,7,78,62,22,56,11,55,4,73,44,26,74,12,66,60,71,30,70,31,24,59,42,21,53,69,20,58,57,68,43],"tags":[],"class_list":["post-101219","post","type-post","status-publish","format-standard","has-post-thumbnail","hentry","category-agropecuaria","category-aquismon","category-caneros","category-cnpr","category-charcas","category-ciudad","category-ciudad-del-maiz","category-ciudad-fernandez","category-ebano","category-el-naranjo","category-estado","category-guadalcazar","category-inicio","category-lagunillas","category-matehuala","category-matlapa","category-mexquitic","category-nacional","category-rayon-2","category-rayon","category-real-de-catorce","category-rioverde","category-san-ciro","category-sanluispotosi","category-san-vicente","category-santa-catarina","category-soledad","category-tamasopo","category-tamazunchale","category-tampacan","category-tamuin","category-tancanhuitz","category-tanlajas","category-tanquian","category-villa-de-reyes"],"_links":{"self":[{"href":"https:\/\/amanecerhuasteco.com\/portal\/wp-json\/wp\/v2\/posts\/101219","targetHints":{"allow":["GET"]}}],"collection":[{"href":"https:\/\/amanecerhuasteco.com\/portal\/wp-json\/wp\/v2\/posts"}],"about":[{"href":"https:\/\/amanecerhuasteco.com\/portal\/wp-json\/wp\/v2\/types\/post"}],"author":[{"embeddable":true,"href":"https:\/\/amanecerhuasteco.com\/portal\/wp-json\/wp\/v2\/users\/1"}],"replies":[{"embeddable":true,"href":"https:\/\/amanecerhuasteco.com\/portal\/wp-json\/wp\/v2\/comments?post=101219"}],"version-history":[{"count":1,"href":"https:\/\/amanecerhuasteco.com\/portal\/wp-json\/wp\/v2\/posts\/101219\/revisions"}],"predecessor-version":[{"id":101221,"href":"https:\/\/amanecerhuasteco.com\/portal\/wp-json\/wp\/v2\/posts\/101219\/revisions\/101221"}],"wp:featuredmedia":[{"embeddable":true,"href":"https:\/\/amanecerhuasteco.com\/portal\/wp-json\/wp\/v2\/media\/101220"}],"wp:attachment":[{"href":"https:\/\/amanecerhuasteco.com\/portal\/wp-json\/wp\/v2\/media?parent=101219"}],"wp:term":[{"taxonomy":"category","embeddable":true,"href":"https:\/\/amanecerhuasteco.com\/portal\/wp-json\/wp\/v2\/categories?post=101219"},{"taxonomy":"post_tag","embeddable":true,"href":"https:\/\/amanecerhuasteco.com\/portal\/wp-json\/wp\/v2\/tags?post=101219"}],"curies":[{"name":"wp","href":"https:\/\/api.w.org\/{rel}","templated":true}]}}