{"id":101231,"date":"2024-11-22T06:55:05","date_gmt":"2024-11-22T12:55:05","guid":{"rendered":"https:\/\/amanecerhuasteco.com\/portal\/?p=101231"},"modified":"2024-11-22T06:55:07","modified_gmt":"2024-11-22T12:55:07","slug":"rinde-protesta-integrantes-de-lo-que-sera-el-consejo-municipal-de-transporte-publico","status":"publish","type":"post","link":"https:\/\/amanecerhuasteco.com\/portal\/rinde-protesta-integrantes-de-lo-que-sera-el-consejo-municipal-de-transporte-publico\/","title":{"rendered":"Rinde protesta, integrantes de lo que ser\u00e1 el Consejo Municipal de Transporte P\u00fablico"},"content":{"rendered":"\n<p><\/p>\n\n\n\n<p>Ciudad Valles.- En un acto realizado en el Sal\u00f3n de Cabildo, se instal\u00f3 la tarde de este jueves el Consejo Municipal de Transporte P\u00fablico, siendo el Presidente Municipal David Armando Medina Salazar quien rindi\u00f3 protesta a los integrantes del mismo, con la presencia de la Secretaria de Comunicaciones y Transportes (SCT), Araceli Mart\u00ednez Acosta.<\/p>\n\n\n\n<p>En el uso de la palabra, el alcalde David Medina agradeci\u00f3 la presencia de la titular de la SCT en un d\u00eda muy significativo, ya que se da un paso firme hacia la mejora del transporte, con el compromiso de construir un municipio m\u00e1s conectado, accesible y eficiente. Tambi\u00e9n resalt\u00f3 el apoyo que ha otorgado el Gobernador del Estado, Ricardo Gallardo Cardona, para impulsar el desarrollo en materia de movilidad del municipio.<\/p>\n\n\n\n<p>Por su parte, la Secretaria Araceli Mart\u00ednez se\u00f1al\u00f3 que la tarea ser\u00e1 seguir garantizando el derecho humano a la movilidad de todas y todos los vallenses, trabajo que deber\u00e1 realizarse en conjunto los gobiernos municipal y estatal. Refiri\u00f3 que con la instalaci\u00f3n del Consejo comenzar\u00e1n las mesas de trabajo para trabajar en un proyecto que tenga el objetivo de seguir dignificando el transporte que se ofrece a la ciudadan\u00eda.<\/p>\n\n\n\n<p>De esta forma queda constituido el Consejo, en el que participar\u00e1n regidores, autoridades municipales, educativas, representantes del sector empresarial, transportistas y colectivos taxistas.<\/p>\n","protected":false},"excerpt":{"rendered":"<p>Ciudad Valles.- En un acto realizado en el Sal\u00f3n de Cabildo, se instal\u00f3 la tarde de este jueves el Consejo Municipal de Transporte P\u00fablico, siendo el Presidente Municipal David Armando Medina Salazar quien rindi\u00f3 protesta a los integrantes del mismo, con la presencia de la &hellip; <\/p>\n","protected":false},"author":1,"featured_media":101232,"comment_status":"open","ping_status":"open","sticky":false,"template":"","format":"standard","meta":{"footnotes":""},"categories":[13,14,7,15,16,4],"tags":[],"class_list":["post-101231","post","type-post","status-publish","format-standard","has-post-thumbnail","hentry","category-agropecuaria","category-caneros","category-ciudad","category-ganaderos","category-ingenios","category-inicio"],"_links":{"self":[{"href":"https:\/\/amanecerhuasteco.com\/portal\/wp-json\/wp\/v2\/posts\/101231","targetHints":{"allow":["GET"]}}],"collection":[{"href":"https:\/\/amanecerhuasteco.com\/portal\/wp-json\/wp\/v2\/posts"}],"about":[{"href":"https:\/\/amanecerhuasteco.com\/portal\/wp-json\/wp\/v2\/types\/post"}],"author":[{"embeddable":true,"href":"https:\/\/amanecerhuasteco.com\/portal\/wp-json\/wp\/v2\/users\/1"}],"replies":[{"embeddable":true,"href":"https:\/\/amanecerhuasteco.com\/portal\/wp-json\/wp\/v2\/comments?post=101231"}],"version-history":[{"count":1,"href":"https:\/\/amanecerhuasteco.com\/portal\/wp-json\/wp\/v2\/posts\/101231\/revisions"}],"predecessor-version":[{"id":101233,"href":"https:\/\/amanecerhuasteco.com\/portal\/wp-json\/wp\/v2\/posts\/101231\/revisions\/101233"}],"wp:featuredmedia":[{"embeddable":true,"href":"https:\/\/amanecerhuasteco.com\/portal\/wp-json\/wp\/v2\/media\/101232"}],"wp:attachment":[{"href":"https:\/\/amanecerhuasteco.com\/portal\/wp-json\/wp\/v2\/media?parent=101231"}],"wp:term":[{"taxonomy":"category","embeddable":true,"href":"https:\/\/amanecerhuasteco.com\/portal\/wp-json\/wp\/v2\/categories?post=101231"},{"taxonomy":"post_tag","embeddable":true,"href":"https:\/\/amanecerhuasteco.com\/portal\/wp-json\/wp\/v2\/tags?post=101231"}],"curies":[{"name":"wp","href":"https:\/\/api.w.org\/{rel}","templated":true}]}}