{"id":101258,"date":"2024-11-22T07:23:23","date_gmt":"2024-11-22T13:23:23","guid":{"rendered":"https:\/\/amanecerhuasteco.com\/portal\/?p=101258"},"modified":"2024-11-22T07:24:14","modified_gmt":"2024-11-22T13:24:14","slug":"alcalde-de-tamasopo-inaugura-su-primer-obra-de-pavimentacion-en-damian-carmona","status":"publish","type":"post","link":"https:\/\/amanecerhuasteco.com\/portal\/alcalde-de-tamasopo-inaugura-su-primer-obra-de-pavimentacion-en-damian-carmona\/","title":{"rendered":"Alcalde de Tamasopo, Inaugura su primer Obra de Pavimentaci\u00f3n en Dami\u00e1n Carmona"},"content":{"rendered":"\n<p><\/p>\n\n\n\n<p>Tamasopo.- El Presidente Municipal <a href=\"https:\/\/www.facebook.com\/profile.php?id=100080627962994&amp;__cft__[0]=AZWt8gEJPFuodwXq9RFV-PAJ4Q3rA2kbfz8lmSaZGb1rnNHKaQEhNOfzD0TBAU-07xCcLhYyf75l4Vo0awO20DSOO0hB5FSO1Aj5dE0im--Oi8CKsHTFzfchBkpu4m9myTXWd4KbvbxOBNU_NEMvaC8dHcISU_QikofHQdAbYZ2Ry55rdUR3iHsF_vhFa3rxUiRXjY0kiakZI5T2dC_37b8C&amp;__tn__=-]K-R\">Mauricio Andrade Merchan,<\/a> llev\u00f3 a cabo la inauguraci\u00f3n de la obra de pavimentaci\u00f3n con concreto hidr\u00e1ulico en el Barrio el Olvido de la Delegaci\u00f3n de Dami\u00e1n Carmona, una iniciativa que busca mejorar la infraestructura vial y la calidad de vida de los habitantes de la comunidad.<\/p>\n\n\n\n<p>El evento cont\u00f3 con la participaci\u00f3n del director de CODESOL, regidora, comisariado ejidal, el delegado municipal, la consejera municipal y sociedad en general, quienes se dieron cita para ser testigos de este importante avance.<\/p>\n\n\n\n<p> Durante su intervenci\u00f3n, el presidente destac\u00f3 la importancia de trabajar en equipo para fortalecer el desarrollo de la regi\u00f3n, subrayando que esta obra responde a las demandas ciudadanas y contribuir\u00e1 a una movilidad m\u00e1s segura y eficiente.<\/p>\n\n\n\n<p>Con esta acci\u00f3n, el gobierno municipal reafirma su compromiso con la mejora continua de los servicios e infraestructura en beneficio de sus habitantes.<\/p>\n\n\n\n<p>juntos, construimos un gobierno de confianza<\/p>\n","protected":false},"excerpt":{"rendered":"<p>Tamasopo.- El Presidente Municipal Mauricio Andrade Merchan, llev\u00f3 a cabo la inauguraci\u00f3n de la obra de pavimentaci\u00f3n con concreto hidr\u00e1ulico en el Barrio el Olvido de la Delegaci\u00f3n de Dami\u00e1n Carmona, una iniciativa que busca mejorar la infraestructura vial y la calidad de vida de &hellip; <\/p>\n","protected":false},"author":1,"featured_media":101259,"comment_status":"open","ping_status":"open","sticky":false,"template":"","format":"standard","meta":{"footnotes":""},"categories":[13,14,28,11,15,16,4,21],"tags":[],"class_list":["post-101258","post","type-post","status-publish","format-standard","has-post-thumbnail","hentry","category-agropecuaria","category-caneros","category-cnc","category-estado","category-ganaderos","category-ingenios","category-inicio","category-tamasopo"],"_links":{"self":[{"href":"https:\/\/amanecerhuasteco.com\/portal\/wp-json\/wp\/v2\/posts\/101258","targetHints":{"allow":["GET"]}}],"collection":[{"href":"https:\/\/amanecerhuasteco.com\/portal\/wp-json\/wp\/v2\/posts"}],"about":[{"href":"https:\/\/amanecerhuasteco.com\/portal\/wp-json\/wp\/v2\/types\/post"}],"author":[{"embeddable":true,"href":"https:\/\/amanecerhuasteco.com\/portal\/wp-json\/wp\/v2\/users\/1"}],"replies":[{"embeddable":true,"href":"https:\/\/amanecerhuasteco.com\/portal\/wp-json\/wp\/v2\/comments?post=101258"}],"version-history":[{"count":2,"href":"https:\/\/amanecerhuasteco.com\/portal\/wp-json\/wp\/v2\/posts\/101258\/revisions"}],"predecessor-version":[{"id":101262,"href":"https:\/\/amanecerhuasteco.com\/portal\/wp-json\/wp\/v2\/posts\/101258\/revisions\/101262"}],"wp:featuredmedia":[{"embeddable":true,"href":"https:\/\/amanecerhuasteco.com\/portal\/wp-json\/wp\/v2\/media\/101259"}],"wp:attachment":[{"href":"https:\/\/amanecerhuasteco.com\/portal\/wp-json\/wp\/v2\/media?parent=101258"}],"wp:term":[{"taxonomy":"category","embeddable":true,"href":"https:\/\/amanecerhuasteco.com\/portal\/wp-json\/wp\/v2\/categories?post=101258"},{"taxonomy":"post_tag","embeddable":true,"href":"https:\/\/amanecerhuasteco.com\/portal\/wp-json\/wp\/v2\/tags?post=101258"}],"curies":[{"name":"wp","href":"https:\/\/api.w.org\/{rel}","templated":true}]}}