{"id":101282,"date":"2024-11-22T07:36:18","date_gmt":"2024-11-22T13:36:18","guid":{"rendered":"https:\/\/amanecerhuasteco.com\/portal\/?p=101282"},"modified":"2024-11-23T07:54:44","modified_gmt":"2024-11-23T13:54:44","slug":"gobierno-de-santa-caterina-felicita-a-todos-los-musicos","status":"publish","type":"post","link":"https:\/\/amanecerhuasteco.com\/portal\/gobierno-de-santa-caterina-felicita-a-todos-los-musicos\/","title":{"rendered":"GOBIERNO DE SANTA CATERINA, FELICITA A TODOS LOS M\u00daSICOS"},"content":{"rendered":"\n<p>El Gobierno Municipal de Santa Catarina, S.L.P.<\/p>\n\n\n\n<p>Extiende su m\u00e1s calurosa felicitaci\u00f3n a todas y todos los m\u00fasicos en su d\u00eda, reconociendo su invaluable labor como portadores de nuestra cultura, identidad y tradiciones.<\/p>\n\n\n\n<p>Gracias por llenar nuestras vidas de armon\u00eda, emociones y por ser el alma de nuestras celebraciones y encuentros comunitarios. Su talento y dedicaci\u00f3n son una fuente de orgullo para nuestro municipio y un pilar esencial en la preservaci\u00f3n de nuestro patrimonio <a><\/a>cultural.<\/p>\n\n\n\n<p>\u00a1Feliz D\u00eda del M\u00fasico!<\/p>\n\n\n\n<p>Sigamos celebrando con alegr\u00eda el arte que une corazones y trasciende fronteras.<\/p>\n\n\n\n<p><a href=\"https:\/\/www.facebook.com\/hashtag\/conesperanzayamorporsantacatarina?__eep__=6&amp;__cft__[0]=AZWtean2cUotucypeR7IX-5r7QPoPVv7aom4KmgsKr3zfJ5FO6vdmS3nGQMyflpabQIRdCwHVXdjQRYTnBZBXu3BIL_Dq-HipWuIpxXcDxfbgC01lU2KvsGc-aUhOoDtrmJZv6PHXdR3JtsnDByq5ciahK55TIz-1W2UNlUy5BfOswQbE_CtXeR4LPkUDnNX51JL0m9bVUpjVr-n9atFlzZQ&amp;__tn__=*NK-R\">#conesperanzayamorporsantacatarina<\/a><\/p>\n\n\n\n<p><a href=\"https:\/\/www.facebook.com\/hashtag\/santacatarinaslp?__eep__=6&amp;__cft__[0]=AZWtean2cUotucypeR7IX-5r7QPoPVv7aom4KmgsKr3zfJ5FO6vdmS3nGQMyflpabQIRdCwHVXdjQRYTnBZBXu3BIL_Dq-HipWuIpxXcDxfbgC01lU2KvsGc-aUhOoDtrmJZv6PHXdR3JtsnDByq5ciahK55TIz-1W2UNlUy5BfOswQbE_CtXeR4LPkUDnNX51JL0m9bVUpjVr-n9atFlzZQ&amp;__tn__=*NK-R\">#SantaCatarinaSLP<\/a><\/p>\n\n\n\n<p><a href=\"https:\/\/www.facebook.com\/hashtag\/diadelmusico?__eep__=6&amp;__cft__[0]=AZWtean2cUotucypeR7IX-5r7QPoPVv7aom4KmgsKr3zfJ5FO6vdmS3nGQMyflpabQIRdCwHVXdjQRYTnBZBXu3BIL_Dq-HipWuIpxXcDxfbgC01lU2KvsGc-aUhOoDtrmJZv6PHXdR3JtsnDByq5ciahK55TIz-1W2UNlUy5BfOswQbE_CtXeR4LPkUDnNX51JL0m9bVUpjVr-n9atFlzZQ&amp;__tn__=*NK-R\">#DiaDelMusico<\/a><\/p>\n","protected":false},"excerpt":{"rendered":"<p>El Gobierno Municipal de Santa Catarina, S.L.P. Extiende su m\u00e1s calurosa felicitaci\u00f3n a todas y todos los m\u00fasicos en su d\u00eda, reconociendo su invaluable labor como portadores de nuestra cultura, identidad y tradiciones. Gracias por llenar nuestras vidas de armon\u00eda, emociones y por ser el &hellip; <\/p>\n","protected":false},"author":1,"featured_media":101283,"comment_status":"open","ping_status":"open","sticky":false,"template":"","format":"standard","meta":{"footnotes":""},"categories":[13,14,77,15,4,59],"tags":[],"class_list":["post-101282","post","type-post","status-publish","format-standard","has-post-thumbnail","hentry","category-agropecuaria","category-caneros","category-el-campo","category-ganaderos","category-inicio","category-santa-catarina"],"_links":{"self":[{"href":"https:\/\/amanecerhuasteco.com\/portal\/wp-json\/wp\/v2\/posts\/101282","targetHints":{"allow":["GET"]}}],"collection":[{"href":"https:\/\/amanecerhuasteco.com\/portal\/wp-json\/wp\/v2\/posts"}],"about":[{"href":"https:\/\/amanecerhuasteco.com\/portal\/wp-json\/wp\/v2\/types\/post"}],"author":[{"embeddable":true,"href":"https:\/\/amanecerhuasteco.com\/portal\/wp-json\/wp\/v2\/users\/1"}],"replies":[{"embeddable":true,"href":"https:\/\/amanecerhuasteco.com\/portal\/wp-json\/wp\/v2\/comments?post=101282"}],"version-history":[{"count":1,"href":"https:\/\/amanecerhuasteco.com\/portal\/wp-json\/wp\/v2\/posts\/101282\/revisions"}],"predecessor-version":[{"id":101284,"href":"https:\/\/amanecerhuasteco.com\/portal\/wp-json\/wp\/v2\/posts\/101282\/revisions\/101284"}],"wp:featuredmedia":[{"embeddable":true,"href":"https:\/\/amanecerhuasteco.com\/portal\/wp-json\/wp\/v2\/media\/101283"}],"wp:attachment":[{"href":"https:\/\/amanecerhuasteco.com\/portal\/wp-json\/wp\/v2\/media?parent=101282"}],"wp:term":[{"taxonomy":"category","embeddable":true,"href":"https:\/\/amanecerhuasteco.com\/portal\/wp-json\/wp\/v2\/categories?post=101282"},{"taxonomy":"post_tag","embeddable":true,"href":"https:\/\/amanecerhuasteco.com\/portal\/wp-json\/wp\/v2\/tags?post=101282"}],"curies":[{"name":"wp","href":"https:\/\/api.w.org\/{rel}","templated":true}]}}