{"id":101294,"date":"2024-11-24T08:47:00","date_gmt":"2024-11-24T14:47:00","guid":{"rendered":"https:\/\/amanecerhuasteco.com\/portal\/?p=101294"},"modified":"2024-11-24T08:47:02","modified_gmt":"2024-11-24T14:47:02","slug":"ejecutivo-realiza-foro-sobre-perspectiva-de-genero-y-envejecimiento","status":"publish","type":"post","link":"https:\/\/amanecerhuasteco.com\/portal\/ejecutivo-realiza-foro-sobre-perspectiva-de-genero-y-envejecimiento\/","title":{"rendered":"Ejecutivo realiza foro sobre perspectiva de g\u00e9nero y envejecimiento"},"content":{"rendered":"\n<p><br>\u2022 La Oficial\u00eda Mayor se suma a la jornada por el 25N con actividades para las y los trabajadores del Estado<\/p>\n\n\n\n<p>En el marco del D\u00eda Internacional de la Eliminaci\u00f3n de la Violencia contra la Mujer, que se conmemora el 25 de noviembre, la Oficial\u00eda Mayor realiz\u00f3 el foro \u00abPerspectiva de G\u00e9nero y Envejecimiento: Desaf\u00edos y Oportunidades para las Mujeres Adultas Mayores\u00bb, para las y los servidores p\u00fablicos de las cuatro regiones.<br>El oficial mayor, No\u00e9 Lara Enr\u00edquez encabez\u00f3 la inauguraci\u00f3n del foro, d\u00f3nde explic\u00f3 que, para el Gobernador del Estado Ricardo Gallardo Cardona, es una prioridad fortalecer una pol\u00edtica de cero tolerancia a la violencia contra las mujeres, as\u00ed como acercar herramientas de sensibilizaci\u00f3n sobre la igualdad y perspectiva de g\u00e9nero, adem\u00e1s del envejecimiento.<br>Durante el evento, las y los asistentes tuvieron la oportunidad de reflexionar sobre los retos que enfrentan las mujeres al llegar a los 60 a\u00f1os y m\u00e1s, y formar parte de un grupo poblacional poco estudiado en t\u00e9rminos de perspectiva de g\u00e9nero, donde las mujeres suelen sufrir desigualdades y una mayor carga de labores; que por medio de la difusi\u00f3n y prevenci\u00f3n se busca lograr un envejecimiento activo y saludable.<br>La oficial\u00eda mayor refrenda su compromiso con las mujeres adultas mayores y la igualdad de g\u00e9nero a trav\u00e9s de las constantes actividades, capacitaciones y foros que la subdirecci\u00f3n de Desarrollo Humano y la Unidad para la Igualdad de G\u00e9nero gestionan para todas y todos los colaboradores del Estado.<\/p>\n","protected":false},"excerpt":{"rendered":"<p>\u2022 La Oficial\u00eda Mayor se suma a la jornada por el 25N con actividades para las y los trabajadores del Estado En el marco del D\u00eda Internacional de la Eliminaci\u00f3n de la Violencia contra la Mujer, que se conmemora el 25 de noviembre, la Oficial\u00eda &hellip; <\/p>\n","protected":false},"author":1,"featured_media":101295,"comment_status":"open","ping_status":"open","sticky":false,"template":"","format":"standard","meta":{"footnotes":""},"categories":[25,7,11,4,30,31,59,42,53],"tags":[],"class_list":["post-101294","post","type-post","status-publish","format-standard","has-post-thumbnail","hentry","category-aquismon","category-ciudad","category-estado","category-inicio","category-rioverde","category-sanluispotosi","category-santa-catarina","category-soledad","category-tamazunchale"],"_links":{"self":[{"href":"https:\/\/amanecerhuasteco.com\/portal\/wp-json\/wp\/v2\/posts\/101294","targetHints":{"allow":["GET"]}}],"collection":[{"href":"https:\/\/amanecerhuasteco.com\/portal\/wp-json\/wp\/v2\/posts"}],"about":[{"href":"https:\/\/amanecerhuasteco.com\/portal\/wp-json\/wp\/v2\/types\/post"}],"author":[{"embeddable":true,"href":"https:\/\/amanecerhuasteco.com\/portal\/wp-json\/wp\/v2\/users\/1"}],"replies":[{"embeddable":true,"href":"https:\/\/amanecerhuasteco.com\/portal\/wp-json\/wp\/v2\/comments?post=101294"}],"version-history":[{"count":1,"href":"https:\/\/amanecerhuasteco.com\/portal\/wp-json\/wp\/v2\/posts\/101294\/revisions"}],"predecessor-version":[{"id":101296,"href":"https:\/\/amanecerhuasteco.com\/portal\/wp-json\/wp\/v2\/posts\/101294\/revisions\/101296"}],"wp:featuredmedia":[{"embeddable":true,"href":"https:\/\/amanecerhuasteco.com\/portal\/wp-json\/wp\/v2\/media\/101295"}],"wp:attachment":[{"href":"https:\/\/amanecerhuasteco.com\/portal\/wp-json\/wp\/v2\/media?parent=101294"}],"wp:term":[{"taxonomy":"category","embeddable":true,"href":"https:\/\/amanecerhuasteco.com\/portal\/wp-json\/wp\/v2\/categories?post=101294"},{"taxonomy":"post_tag","embeddable":true,"href":"https:\/\/amanecerhuasteco.com\/portal\/wp-json\/wp\/v2\/tags?post=101294"}],"curies":[{"name":"wp","href":"https:\/\/api.w.org\/{rel}","templated":true}]}}