{"id":101311,"date":"2024-11-25T07:44:10","date_gmt":"2024-11-25T13:44:10","guid":{"rendered":"https:\/\/amanecerhuasteco.com\/portal\/?p=101311"},"modified":"2024-11-25T07:44:12","modified_gmt":"2024-11-25T13:44:12","slug":"retoman-con-exito-los-sabados-culturales-en-ciudad-valles","status":"publish","type":"post","link":"https:\/\/amanecerhuasteco.com\/portal\/retoman-con-exito-los-sabados-culturales-en-ciudad-valles\/","title":{"rendered":"Retoman con \u00e9xito los s\u00e1bados culturales en Ciudad Valles"},"content":{"rendered":"\n<p><\/p>\n\n\n\n<p>El H. Ayuntamiento de Ciudad Valles, a trav\u00e9s de la Direcci\u00f3n de Cultura y Eventos Especiales, retom\u00f3 los S\u00e1bados Culturales con la celebraci\u00f3n del 29 aniversario del grupo folcl\u00f3rico \u00abXochipilli\u00bb, evento que se llev\u00f3 a cabo en un ambiente lleno de alegr\u00eda, reafirmando el compromiso del Presidente Municipal David Armando Medina Salazar, de rescatar y promover los espacios p\u00fablicos como puntos de convivencia para las familias vallenses.<\/p>\n\n\n\n<p>La celebraci\u00f3n, realizada en la explanada principal a partir de las 6:00 p.m., reuni\u00f3 a muchas personas que disfrutaron de una noche cultural protagonizada por la destacada participaci\u00f3n de tr\u00edos huapangueros y parejas de baile regional. Entre los autoridades se encontraban Esmeralda Zumaya Mart\u00ednez, directora de Cultura; el regidor C\u00e9sar Ramos y el profesor Gil S\u00e1nchez Z\u00e1rate, coordinador general de la Galer\u00eda \u00abArte y Tradici\u00f3n\u00bb.<\/p>\n\n\n\n<p>El grupo folcl\u00f3rico \u00abXochipilli\u00bb, bajo la direcci\u00f3n art\u00edstica del profesor Ejinio Leiva Oviedo, fue fundado el 19 de febrero de 1995 en la Escuela Secundaria T\u00e9cnica No. 47, con una trayectoria que lo ha llevado a escenarios como Monclova y Cuatro Ci\u00e9negas, Coahuila; Quer\u00e9taro; la Feria Nacional de la Huasteca Potosina (FENAHUAP); la Feria Nacional Potosina; y diversos festivales de Ciudad Valles y la Huasteca Potosina.<\/p>\n","protected":false},"excerpt":{"rendered":"<p>El H. Ayuntamiento de Ciudad Valles, a trav\u00e9s de la Direcci\u00f3n de Cultura y Eventos Especiales, retom\u00f3 los S\u00e1bados Culturales con la celebraci\u00f3n del 29 aniversario del grupo folcl\u00f3rico \u00abXochipilli\u00bb, evento que se llev\u00f3 a cabo en un ambiente lleno de alegr\u00eda, reafirmando el compromiso &hellip; <\/p>\n","protected":false},"author":1,"featured_media":101312,"comment_status":"open","ping_status":"open","sticky":false,"template":"","format":"standard","meta":{"footnotes":""},"categories":[13,14,28,7,4],"tags":[],"class_list":["post-101311","post","type-post","status-publish","format-standard","has-post-thumbnail","hentry","category-agropecuaria","category-caneros","category-cnc","category-ciudad","category-inicio"],"_links":{"self":[{"href":"https:\/\/amanecerhuasteco.com\/portal\/wp-json\/wp\/v2\/posts\/101311","targetHints":{"allow":["GET"]}}],"collection":[{"href":"https:\/\/amanecerhuasteco.com\/portal\/wp-json\/wp\/v2\/posts"}],"about":[{"href":"https:\/\/amanecerhuasteco.com\/portal\/wp-json\/wp\/v2\/types\/post"}],"author":[{"embeddable":true,"href":"https:\/\/amanecerhuasteco.com\/portal\/wp-json\/wp\/v2\/users\/1"}],"replies":[{"embeddable":true,"href":"https:\/\/amanecerhuasteco.com\/portal\/wp-json\/wp\/v2\/comments?post=101311"}],"version-history":[{"count":1,"href":"https:\/\/amanecerhuasteco.com\/portal\/wp-json\/wp\/v2\/posts\/101311\/revisions"}],"predecessor-version":[{"id":101313,"href":"https:\/\/amanecerhuasteco.com\/portal\/wp-json\/wp\/v2\/posts\/101311\/revisions\/101313"}],"wp:featuredmedia":[{"embeddable":true,"href":"https:\/\/amanecerhuasteco.com\/portal\/wp-json\/wp\/v2\/media\/101312"}],"wp:attachment":[{"href":"https:\/\/amanecerhuasteco.com\/portal\/wp-json\/wp\/v2\/media?parent=101311"}],"wp:term":[{"taxonomy":"category","embeddable":true,"href":"https:\/\/amanecerhuasteco.com\/portal\/wp-json\/wp\/v2\/categories?post=101311"},{"taxonomy":"post_tag","embeddable":true,"href":"https:\/\/amanecerhuasteco.com\/portal\/wp-json\/wp\/v2\/tags?post=101311"}],"curies":[{"name":"wp","href":"https:\/\/api.w.org\/{rel}","templated":true}]}}