{"id":101518,"date":"2024-12-03T08:52:36","date_gmt":"2024-12-03T14:52:36","guid":{"rendered":"https:\/\/amanecerhuasteco.com\/portal\/?p=101518"},"modified":"2024-12-03T08:52:38","modified_gmt":"2024-12-03T14:52:38","slug":"mas-apoyo-a-las-familias-y-transformacion-de-slp-con-el-tren-de-pasajeros","status":"publish","type":"post","link":"https:\/\/amanecerhuasteco.com\/portal\/mas-apoyo-a-las-familias-y-transformacion-de-slp-con-el-tren-de-pasajeros\/","title":{"rendered":"M\u00e1s apoyo a las familias y transformaci\u00f3n de SLP con el tren de pasajeros"},"content":{"rendered":"\n<p><br>\u2022 El tren de pasajeros regresar\u00e1 a San Luis Potos\u00ed y mejorar\u00e1 la movilidad de las y los potosinos<\/p>\n\n\n\n<p>San Luis Potos\u00ed tendr\u00e1 un salto hist\u00f3rico con la llegada del tren de pasajeros, un proyecto estrat\u00e9gico que conectar\u00e1 al Estado como parte del plan ferroviario nacional impulsado por la presidenta Claudia Sheinbaum, con el apoyo del Gobernador del Estado, Ricardo Gallardo Cardona, que revolucionar\u00e1 la movilidad en la regi\u00f3n, y que detonar\u00e1 un crecimiento econ\u00f3mico sin precedentes.<br>Al resaltar lo anterior, la titular de la Secretar\u00eda de Comunicaciones y Transportes (SCT), Araceli Mart\u00ednez Acosta, dio a conocer que particip\u00f3 en la Primera Sesi\u00f3n Extraordinaria del Sistema Nacional de Movilidad y Seguridad Vial en Tlaxcala, donde sostuvo reuniones con autoridades federales y estatales para dar seguimiento puntual a los avances del tren de pasajeros, donde reafirm\u00f3 el compromiso de la administraci\u00f3n estatal con este proyecto emblem\u00e1tico<br>La titular de la dependencia afirm\u00f3 que, por encomienda del Gobernador Ricardo Gallardo, la Administraci\u00f3n Estatal trabaja con el Gobierno Federal para garantizar que este proyecto se traduzca en beneficios tangibles para las y los potosinos, al ser un parteaguas en la calidad de vida, la movilidad y el desarrollo econ\u00f3mico de nuestro Estado.<br>Destac\u00f3 que, el Gobierno del Estado desarrolla un plan integral de movilidad que posicionar\u00e1 a San Luis Potos\u00ed como un referente nacional en innovaci\u00f3n tecnol\u00f3gica y sustentabilidad que contempla la modernizaci\u00f3n de infraestructura, la diversificaci\u00f3n de opciones de transporte y la atracci\u00f3n de inversiones extranjeras, consolidando al Estado como una metr\u00f3polis de avance, que sumado con el tren de pasajeros como columna vertebral, no solo fortalece su conexi\u00f3n con otras regiones, sino que liderar\u00e1 en competitividad, modernidad y calidad de vida, convirti\u00e9ndose en un modelo a seguir.<\/p>\n","protected":false},"excerpt":{"rendered":"<p>\u2022 El tren de pasajeros regresar\u00e1 a San Luis Potos\u00ed y mejorar\u00e1 la movilidad de las y los potosinos San Luis Potos\u00ed tendr\u00e1 un salto hist\u00f3rico con la llegada del tren de pasajeros, un proyecto estrat\u00e9gico que conectar\u00e1 al Estado como parte del plan ferroviario &hellip; <\/p>\n","protected":false},"author":1,"featured_media":101519,"comment_status":"open","ping_status":"open","sticky":false,"template":"","format":"standard","meta":{"footnotes":""},"categories":[25,82,7,78,62,22,56,11,55,81,4,73,44,26,74,10,12,60,66,71,30,70,31,80,24,59,42,21,53,69,20,58,57,68,43,32],"tags":[],"class_list":["post-101518","post","type-post","status-publish","format-standard","has-post-thumbnail","hentry","category-aquismon","category-axtla","category-ciudad","category-ciudad-del-maiz","category-ciudad-fernandez","category-ebano","category-el-naranjo","category-estado","category-guadalcazar","category-huehuetlan","category-inicio","category-lagunillas","category-matehuala","category-matlapa","category-mexquitic","category-municipios","category-nacional","category-rayon","category-rayon-2","category-real-de-catorce","category-rioverde","category-san-ciro","category-sanluispotosi","category-san-martin","category-san-vicente","category-santa-catarina","category-soledad","category-tamasopo","category-tamazunchale","category-tampacan","category-tamuin","category-tancanhuitz","category-tanlajas","category-tanquian","category-villa-de-reyes","category-xilitla"],"_links":{"self":[{"href":"https:\/\/amanecerhuasteco.com\/portal\/wp-json\/wp\/v2\/posts\/101518","targetHints":{"allow":["GET"]}}],"collection":[{"href":"https:\/\/amanecerhuasteco.com\/portal\/wp-json\/wp\/v2\/posts"}],"about":[{"href":"https:\/\/amanecerhuasteco.com\/portal\/wp-json\/wp\/v2\/types\/post"}],"author":[{"embeddable":true,"href":"https:\/\/amanecerhuasteco.com\/portal\/wp-json\/wp\/v2\/users\/1"}],"replies":[{"embeddable":true,"href":"https:\/\/amanecerhuasteco.com\/portal\/wp-json\/wp\/v2\/comments?post=101518"}],"version-history":[{"count":1,"href":"https:\/\/amanecerhuasteco.com\/portal\/wp-json\/wp\/v2\/posts\/101518\/revisions"}],"predecessor-version":[{"id":101520,"href":"https:\/\/amanecerhuasteco.com\/portal\/wp-json\/wp\/v2\/posts\/101518\/revisions\/101520"}],"wp:featuredmedia":[{"embeddable":true,"href":"https:\/\/amanecerhuasteco.com\/portal\/wp-json\/wp\/v2\/media\/101519"}],"wp:attachment":[{"href":"https:\/\/amanecerhuasteco.com\/portal\/wp-json\/wp\/v2\/media?parent=101518"}],"wp:term":[{"taxonomy":"category","embeddable":true,"href":"https:\/\/amanecerhuasteco.com\/portal\/wp-json\/wp\/v2\/categories?post=101518"},{"taxonomy":"post_tag","embeddable":true,"href":"https:\/\/amanecerhuasteco.com\/portal\/wp-json\/wp\/v2\/tags?post=101518"}],"curies":[{"name":"wp","href":"https:\/\/api.w.org\/{rel}","templated":true}]}}