{"id":101551,"date":"2024-12-04T12:43:33","date_gmt":"2024-12-04T18:43:33","guid":{"rendered":"https:\/\/amanecerhuasteco.com\/portal\/?p=101551"},"modified":"2024-12-04T12:43:36","modified_gmt":"2024-12-04T18:43:36","slug":"ejecutivo-estatal-fortalece-acciones-en-favor-de-la-inclusion","status":"publish","type":"post","link":"https:\/\/amanecerhuasteco.com\/portal\/ejecutivo-estatal-fortalece-acciones-en-favor-de-la-inclusion\/","title":{"rendered":"Ejecutivo estatal fortalece acciones en favor de la inclusi\u00f3n"},"content":{"rendered":"\n<p><\/p>\n\n\n\n<p>\u2022&nbsp; &nbsp; &nbsp; &nbsp;El Inpode y el DIF Estatal realizar\u00e1n un Festival Deportivo Inclusivo para concientizar a la ciudadan\u00eda<\/p>\n\n\n\n<p>Para seguir promoviendo el deporte en todos los sectores de la poblaci\u00f3n y en el marco de la conmemoraci\u00f3n del D\u00eda Internacional de las Personas con Discapacidad, el Instituto Potosino de Cultura F\u00edsica y Deporte (Inpode), y el Sistema Estatal para el Desarrollo Integral de la Familia (DIF) realizar\u00e1n durante diciembre un festival deportivo inclusivo.<\/p>\n\n\n\n<p>Lo anterior, lo inform\u00f3 el director del Inpode, Joaqu\u00edn Garc\u00eda Mart\u00ednez, quien destac\u00f3 que la instrucci\u00f3n del Gobernador Ricardo Gallardo Cardona es trabajar por un San Luis Potos\u00ed para las personas con discapacidad, mediante la generaci\u00f3n de acuerdos y actuando de manera conjunta. Por ello, a trav\u00e9s del deporte se busca impactar positivamente en la salud f\u00edsica y mental, pero tambi\u00e9n en el tejido social, llevando m\u00e1s apoyo a las familias potosinas.<\/p>\n\n\n\n<p>El evento para todas y todos dar\u00e1 arranque el 6 de diciembre con una inauguraci\u00f3n, activaci\u00f3n f\u00edsica y competencias de atletismo abiertas a personas con discapacidad de todas las edades; mientras que el 9 de diciembre se realizar\u00e1 un torneo de b\u00e1squetbol 3&#215;3, uno de GolBol y una conferencia con sede en el Instituto Potosino de la Juventud.&nbsp;<\/p>\n\n\n\n<p>Finalmente, el cierre tendr\u00e1 lugar el 14 de diciembre con un marat\u00f3n de nataci\u00f3n abierto a deportistas convencionales y con discapacidad a partir de los 11 a\u00f1os en la alberca Mariano Arista. Las inscripciones se pueden realizar en las instalaciones del Inpode en Himno Nacional 4000 o v\u00eda telef\u00f3nica al 444 128 8462 extensiones 102 y 103.<\/p>\n","protected":false},"excerpt":{"rendered":"<p>\u2022&nbsp; &nbsp; &nbsp; &nbsp;El Inpode y el DIF Estatal realizar\u00e1n un Festival Deportivo Inclusivo para concientizar a la ciudadan\u00eda Para seguir promoviendo el deporte en todos los sectores de la poblaci\u00f3n y en el marco de la conmemoraci\u00f3n del D\u00eda Internacional de las Personas con &hellip; <\/p>\n","protected":false},"author":1,"featured_media":101552,"comment_status":"open","ping_status":"open","sticky":false,"template":"","format":"standard","meta":{"footnotes":""},"categories":[13,25,82,67,7,78,62,56,11,55,81,4,73,44,26,74,10,12,60,30,70,31,80,24,59,42,53,69,20,58,57,68,43,32],"tags":[],"class_list":["post-101551","post","type-post","status-publish","format-standard","has-post-thumbnail","hentry","category-agropecuaria","category-aquismon","category-axtla","category-charcas","category-ciudad","category-ciudad-del-maiz","category-ciudad-fernandez","category-el-naranjo","category-estado","category-guadalcazar","category-huehuetlan","category-inicio","category-lagunillas","category-matehuala","category-matlapa","category-mexquitic","category-municipios","category-nacional","category-rayon","category-rioverde","category-san-ciro","category-sanluispotosi","category-san-martin","category-san-vicente","category-santa-catarina","category-soledad","category-tamazunchale","category-tampacan","category-tamuin","category-tancanhuitz","category-tanlajas","category-tanquian","category-villa-de-reyes","category-xilitla"],"_links":{"self":[{"href":"https:\/\/amanecerhuasteco.com\/portal\/wp-json\/wp\/v2\/posts\/101551","targetHints":{"allow":["GET"]}}],"collection":[{"href":"https:\/\/amanecerhuasteco.com\/portal\/wp-json\/wp\/v2\/posts"}],"about":[{"href":"https:\/\/amanecerhuasteco.com\/portal\/wp-json\/wp\/v2\/types\/post"}],"author":[{"embeddable":true,"href":"https:\/\/amanecerhuasteco.com\/portal\/wp-json\/wp\/v2\/users\/1"}],"replies":[{"embeddable":true,"href":"https:\/\/amanecerhuasteco.com\/portal\/wp-json\/wp\/v2\/comments?post=101551"}],"version-history":[{"count":1,"href":"https:\/\/amanecerhuasteco.com\/portal\/wp-json\/wp\/v2\/posts\/101551\/revisions"}],"predecessor-version":[{"id":101553,"href":"https:\/\/amanecerhuasteco.com\/portal\/wp-json\/wp\/v2\/posts\/101551\/revisions\/101553"}],"wp:featuredmedia":[{"embeddable":true,"href":"https:\/\/amanecerhuasteco.com\/portal\/wp-json\/wp\/v2\/media\/101552"}],"wp:attachment":[{"href":"https:\/\/amanecerhuasteco.com\/portal\/wp-json\/wp\/v2\/media?parent=101551"}],"wp:term":[{"taxonomy":"category","embeddable":true,"href":"https:\/\/amanecerhuasteco.com\/portal\/wp-json\/wp\/v2\/categories?post=101551"},{"taxonomy":"post_tag","embeddable":true,"href":"https:\/\/amanecerhuasteco.com\/portal\/wp-json\/wp\/v2\/tags?post=101551"}],"curies":[{"name":"wp","href":"https:\/\/api.w.org\/{rel}","templated":true}]}}