{"id":101571,"date":"2024-12-05T07:51:43","date_gmt":"2024-12-05T13:51:43","guid":{"rendered":"https:\/\/amanecerhuasteco.com\/portal\/?p=101571"},"modified":"2024-12-05T07:51:45","modified_gmt":"2024-12-05T13:51:45","slug":"tamasopo-celebra-con-exito-el-dia-internacional-de-la-discapacidad","status":"publish","type":"post","link":"https:\/\/amanecerhuasteco.com\/portal\/tamasopo-celebra-con-exito-el-dia-internacional-de-la-discapacidad\/","title":{"rendered":"Tamasopo celebra con \u00e9xito el D\u00eda Internacional de la Discapacidad"},"content":{"rendered":"\n<p><\/p>\n\n\n\n<p>En un ambiente de inclusi\u00f3n y solidaridad, el municipio de Tamasopo celebr\u00f3 el D\u00eda Internacional de la Discapacidad en la plaza municipal. El evento fue encabezado por el DIF municipal bajo la direcci\u00f3n de Wendy Z\u00fa\u00f1iga, quien reafirm\u00f3 el compromiso de la administraci\u00f3n con las personas con discapacidad.<\/p>\n\n\n\n<p>Durante la ceremonia, se realiz\u00f3 la entrega de herramientas dise\u00f1adas para facilitar la movilidad de quienes <a><\/a>enfrentan barreras f\u00edsicas, con el prop\u00f3sito de mejorar su calidad de vida y fomentar su integraci\u00f3n en la comunidad, siendo tambi\u00e9n el cierre del UBRTON de la unidad b\u00e1sica de rehabilitaci\u00f3n.<\/p>\n\n\n\n<p>La celebraci\u00f3n cont\u00f3 con la presencia de regidoras, el director de salud municipal y diversos miembros de la sociedad, quienes se unieron para conmemorar esta importante fecha. En su discurso, Wendy Z\u00fa\u00f1iga destac\u00f3 la importancia de trabajar de manera conjunta para construir un entorno m\u00e1s inclusivo y accesible para todos.<\/p>\n\n\n\n<p>El evento fue un \u00e9xito, dejando un mensaje claro de unidad y empat\u00eda hacia las personas con discapacidad, y fortaleciendo los lazos entre las autoridades y la comunidad tamasopense.<\/p>\n\n\n\n<p>\u00abJuntos, construimos un gobierno de confianza\u00bb<\/p>\n","protected":false},"excerpt":{"rendered":"<p>En un ambiente de inclusi\u00f3n y solidaridad, el municipio de Tamasopo celebr\u00f3 el D\u00eda Internacional de la Discapacidad en la plaza municipal. El evento fue encabezado por el DIF municipal bajo la direcci\u00f3n de Wendy Z\u00fa\u00f1iga, quien reafirm\u00f3 el compromiso de la administraci\u00f3n con las &hellip; <\/p>\n","protected":false},"author":1,"featured_media":101572,"comment_status":"open","ping_status":"open","sticky":false,"template":"","format":"standard","meta":{"footnotes":""},"categories":[13,14,28,29,15,16,4,21],"tags":[],"class_list":["post-101571","post","type-post","status-publish","format-standard","has-post-thumbnail","hentry","category-agropecuaria","category-caneros","category-cnc","category-cnpr","category-ganaderos","category-ingenios","category-inicio","category-tamasopo"],"_links":{"self":[{"href":"https:\/\/amanecerhuasteco.com\/portal\/wp-json\/wp\/v2\/posts\/101571","targetHints":{"allow":["GET"]}}],"collection":[{"href":"https:\/\/amanecerhuasteco.com\/portal\/wp-json\/wp\/v2\/posts"}],"about":[{"href":"https:\/\/amanecerhuasteco.com\/portal\/wp-json\/wp\/v2\/types\/post"}],"author":[{"embeddable":true,"href":"https:\/\/amanecerhuasteco.com\/portal\/wp-json\/wp\/v2\/users\/1"}],"replies":[{"embeddable":true,"href":"https:\/\/amanecerhuasteco.com\/portal\/wp-json\/wp\/v2\/comments?post=101571"}],"version-history":[{"count":1,"href":"https:\/\/amanecerhuasteco.com\/portal\/wp-json\/wp\/v2\/posts\/101571\/revisions"}],"predecessor-version":[{"id":101573,"href":"https:\/\/amanecerhuasteco.com\/portal\/wp-json\/wp\/v2\/posts\/101571\/revisions\/101573"}],"wp:featuredmedia":[{"embeddable":true,"href":"https:\/\/amanecerhuasteco.com\/portal\/wp-json\/wp\/v2\/media\/101572"}],"wp:attachment":[{"href":"https:\/\/amanecerhuasteco.com\/portal\/wp-json\/wp\/v2\/media?parent=101571"}],"wp:term":[{"taxonomy":"category","embeddable":true,"href":"https:\/\/amanecerhuasteco.com\/portal\/wp-json\/wp\/v2\/categories?post=101571"},{"taxonomy":"post_tag","embeddable":true,"href":"https:\/\/amanecerhuasteco.com\/portal\/wp-json\/wp\/v2\/tags?post=101571"}],"curies":[{"name":"wp","href":"https:\/\/api.w.org\/{rel}","templated":true}]}}