{"id":1016,"date":"2011-11-24T14:43:29","date_gmt":"2011-11-24T20:43:29","guid":{"rendered":"http:\/\/amanecerhuasteco.com\/portal\/2011\/11\/24\/la-democracia-en-mexico-a-101-anos-de-la-lucha-de-madero\/"},"modified":"2011-11-24T14:43:29","modified_gmt":"2011-11-24T20:43:29","slug":"la-democracia-en-mexico-a-101-anos-de-la-lucha-de-madero","status":"publish","type":"post","link":"https:\/\/amanecerhuasteco.com\/portal\/la-democracia-en-mexico-a-101-anos-de-la-lucha-de-madero\/","title":{"rendered":"LA DEMOCRACIA EN MEXICO A 101 A\u00d1OS DE LA LUCHA DE MADERO"},"content":{"rendered":"<p><strong>&#8211; Vasconcelos, Luis Cabrera y Filomeno Mata ide\u00f3logos y periodistas<\/strong><\/p>\n<div align=\"justify\">Fue fundamental en la gestaci\u00f3n de la Revoluci\u00f3n Mexicana el periodismo de la \u00e9poca Porfiriana, que dirig\u00eda Don Jos\u00e9 Vasconcelos al frente del peri\u00f3dico Anti &#8211; reelecionista, as\u00ed Madero es el iniciador del cambio democr\u00e1tico de\u00a0 M\u00e9xico, el periodismo\u00a0 desempe\u00f1\u00f3 un papel trascendental pese a sus carencias y persecuci\u00f3n, desde aqu\u00ed un reconocimientos a esos valientes informadores.\u00a0 \u00a0<br \/>En una\u00a0 entrevista para con el ex secretario del ayuntamiento y ex notario p\u00fablico adjunto abogado Hugo Armando Hermosillo, diserta sobre este episodio de la historia\u00a0 de M\u00e9xico, aqu\u00ed reproducimos\u00a0 este trabajo:<br \/>\u201cA\u00a0 101 a\u00f1os de haberse iniciado la Revoluci\u00f3n Mexicana, debemos recordar a Don Francisco I. Madero, como la persona\u00a0 que dentro de su filosof\u00eda Pol\u00edtica difunde a partir de 1908, en una de sus obras\u00a0 \u201cLa Sucesi\u00f3n Presidencial de 1910\u201d, lleg\u00f3 a la conclusi\u00f3n que el Poder corrompe incluso a los mejores hombres, cuando lo tienen demasiado tiempo, y trat\u00e1ndose un Poder absoluto, corrompe a los individuos y a los Pueblos, porque se acostumbran al yugo y son presa de la decadencia por el miedo\u201d<br \/>\u00a0 \u201cAnaliz\u00f3 que el Gobierno de Porfirio D\u00edaz se dej\u00f3 seducir por las delicias del Poder y la adulaci\u00f3n de quienes lo rodeaban; que los Ciudadanos hab\u00edan perdido el derecho a expresarse y a elegir sus Gobernantes; que la gente ya se hab\u00eda olvidado de sus libertades; que se trataba de un Pueblo d\u00e9bil e indiferente por falta de Democracia.<br \/>Por ello al celebrarse 101 a\u00f1os del inicio de la Revoluci\u00f3n debemos recordar a Don Francisco I Madero, quien a base de incansable trabajo forma junto con destacados personajes como Jos\u00e9 Vasconcelos, Luis Cabrera, Filomeno Mata entre otros una fuerza opositora con miras a las elecciones de 1910, y funda el Club Central Anti-reeleccionista, siendo fundamental el Periodismo de la Organizaci\u00f3n que dirigi\u00f3 Don Jos\u00e9 Vasconcelos al frente del Peri\u00f3dico Anti-reeleccionista. Fue definitivamente Don Francisco I Madero el iniciador del cambio Democr\u00e1tico de nuestro Pa\u00eds; y no obstante haber estado cautivo en San Luis Potos\u00ed, por incitar a la rebeli\u00f3n, traza el Plan de San Luis en donde se reconoce la voluntad del Pueblo para la conquista de sus derechos por la v\u00eda pac\u00edfica; establece derechos fundamentales como restituir las tierras a sus antiguos due\u00f1os y convoca al Pueblo a levantarse en armas por el fraude cometido durante las elecciones y para salvar a la Patria del provenir sombr\u00edo que entonces prevalec\u00eda bajo la dictadura y el Gobierno de Porfirio D\u00edaz.<\/p>\n<p>SOLO PERSIGUEN POSICIONARSE EN POLITICA, AL PUEBLO SOLO LO UTILIZAN.<br \/>Muy lamentablemente ahora todav\u00eda prevalece en muchos Pueblos, criterios de ego\u00edsmo en el actuar de los Gobiernos, quienes debieran inspirarse en el ideal y continuar con la obra de quien inici\u00f3 el cambio democr\u00e1tico en M\u00e9xico, Don Francisco I Madero;\u00a0 en lugar de lo cual,\u00a0 el af\u00e1n de obtener\u00a0 lucimiento y adulaci\u00f3n, se afanan para participar en actitudes de protagonismo que degrada el buen actuar de la Autoridad; al grado tal de adjudicarse triunfos que no les corresponden, y de saludar con sombrero ajeno cuando se trata de la realizaci\u00f3n de obras materiales de beneficio colectivo que no son elaboradas con dinero propio de quien ejerce el Poder, si no de la Hacienda P\u00fablica.<\/div>\n","protected":false},"excerpt":{"rendered":"<p>&#8211; Vasconcelos, Luis Cabrera y Filomeno Mata ide\u00f3logos y periodistas Fue fundamental en la gestaci\u00f3n de la Revoluci\u00f3n Mexicana el periodismo de la \u00e9poca Porfiriana, que dirig\u00eda Don Jos\u00e9 Vasconcelos al frente del peri\u00f3dico Anti &#8211; reelecionista, as\u00ed Madero es el iniciador del cambio democr\u00e1tico &hellip; <\/p>\n","protected":false},"author":1,"featured_media":1015,"comment_status":"open","ping_status":"open","sticky":false,"template":"","format":"standard","meta":{"footnotes":""},"categories":[17],"tags":[],"class_list":["post-1016","post","type-post","status-publish","format-standard","has-post-thumbnail","hentry","category-colaboraciones"],"_links":{"self":[{"href":"https:\/\/amanecerhuasteco.com\/portal\/wp-json\/wp\/v2\/posts\/1016","targetHints":{"allow":["GET"]}}],"collection":[{"href":"https:\/\/amanecerhuasteco.com\/portal\/wp-json\/wp\/v2\/posts"}],"about":[{"href":"https:\/\/amanecerhuasteco.com\/portal\/wp-json\/wp\/v2\/types\/post"}],"author":[{"embeddable":true,"href":"https:\/\/amanecerhuasteco.com\/portal\/wp-json\/wp\/v2\/users\/1"}],"replies":[{"embeddable":true,"href":"https:\/\/amanecerhuasteco.com\/portal\/wp-json\/wp\/v2\/comments?post=1016"}],"version-history":[{"count":0,"href":"https:\/\/amanecerhuasteco.com\/portal\/wp-json\/wp\/v2\/posts\/1016\/revisions"}],"wp:featuredmedia":[{"embeddable":true,"href":"https:\/\/amanecerhuasteco.com\/portal\/wp-json\/wp\/v2\/media\/1015"}],"wp:attachment":[{"href":"https:\/\/amanecerhuasteco.com\/portal\/wp-json\/wp\/v2\/media?parent=1016"}],"wp:term":[{"taxonomy":"category","embeddable":true,"href":"https:\/\/amanecerhuasteco.com\/portal\/wp-json\/wp\/v2\/categories?post=1016"},{"taxonomy":"post_tag","embeddable":true,"href":"https:\/\/amanecerhuasteco.com\/portal\/wp-json\/wp\/v2\/tags?post=1016"}],"curies":[{"name":"wp","href":"https:\/\/api.w.org\/{rel}","templated":true}]}}