{"id":101642,"date":"2024-12-09T07:41:16","date_gmt":"2024-12-09T13:41:16","guid":{"rendered":"https:\/\/amanecerhuasteco.com\/portal\/?p=101642"},"modified":"2024-12-09T07:41:19","modified_gmt":"2024-12-09T13:41:19","slug":"es-importante-fortalecer-las-acciones-a-favor-de-la-reinsercion-social-dip-cuauhtli-fernando-badillo-moreno","status":"publish","type":"post","link":"https:\/\/amanecerhuasteco.com\/portal\/es-importante-fortalecer-las-acciones-a-favor-de-la-reinsercion-social-dip-cuauhtli-fernando-badillo-moreno\/","title":{"rendered":"Es importante fortalecer las acciones a favor de la reinserci\u00f3n social: dip. Cuauhtli Fernando Badillo Moreno"},"content":{"rendered":"\n<p><\/p>\n\n\n\n<p><strong>LA INICIATIVA DE LEY DE AMNIST\u00cdA QUE SE ESTAR\u00c1 ANALIZANDO EN LAS COMISIONES PARA FORTALECER EL MARCO JUR\u00cdDICO<\/strong><\/p>\n\n\n\n<p>Es importante fortalecer las acciones a favor de la reinserci\u00f3n social, que es un trabajo coordinado, colaborativo entre diversas dependencias e instituciones, manifest\u00f3 el diputado Cuauhtli Fernando Badillo Moreno, presidente de la Directiva del Congreso del Estado y de la Comisi\u00f3n de Seguridad P\u00fablica, Prevenci\u00f3n y Reinserci\u00f3n Social.<\/p>\n\n\n\n<p>Al acudir al evento de Entrega de Beneficios para Personas Privadas de su Libertad en el Centro de Prevenci\u00f3n y Reinserci\u00f3n Social de La Pila, el legislador manifest\u00f3 la importancia de fortalecer el tema de la reinserci\u00f3n social, que otorg\u00f3 los beneficios de pre liberaci\u00f3n de 180 personas, para que puedan tener una segunda oportunidad para rehacer su vida y apoyar a su familia y su comunidad.<\/p>\n\n\n\n<p>\u201cHe comentado, nosotros siempre vamos a trabajar, a pugnar, porque exista una verdadera reinserci\u00f3n social. La reinserci\u00f3n social es un trabajo coordinado, colaborativo, acciones como estas vienen a fortalecer dicha acci\u00f3n\u201d.<\/p>\n\n\n\n<p>Se\u00f1al\u00f3 que el Congreso del Estado, a trav\u00e9s de la comisi\u00f3n que preside, contribuir\u00e1 con legislaci\u00f3n que permita apoyar en estas acciones, como es el caso de la iniciativa de Ley de Amnist\u00eda que se estar\u00e1 analizando en las comisiones para fortalecer el marco jur\u00eddico.<\/p>\n\n\n\n<p>\u201cEsta ley vendr\u00e1 a fortalecer todo lo que aqu\u00ed se coment\u00f3, muchos de las personas perdidas de libertad, la mayor\u00eda est\u00e1n aqu\u00ed compurgando un delito que no cometieron o porque no tuvieron acceso a una buena justicia, y junto con la ya aprobada reforma de poder judicial, &nbsp;fortalecer\u00e1 el marco de procuraci\u00f3n de justicia\u201d.<\/p>\n\n\n\n<p>Adem\u00e1s, reconoci\u00f3 el esfuerzo del Gobierno del Estado para el trabajo en la restauraci\u00f3n y certificaciones de los penales, como es el caso de Ciudad Valles, y se dar\u00e1 seguimiento al penal de La Pila en su proceso de certificaci\u00f3n.<\/p>\n","protected":false},"excerpt":{"rendered":"<p>LA INICIATIVA DE LEY DE AMNIST\u00cdA QUE SE ESTAR\u00c1 ANALIZANDO EN LAS COMISIONES PARA FORTALECER EL MARCO JUR\u00cdDICO Es importante fortalecer las acciones a favor de la reinserci\u00f3n social, que es un trabajo coordinado, colaborativo entre diversas dependencias e instituciones, manifest\u00f3 el diputado Cuauhtli Fernando &hellip; <\/p>\n","protected":false},"author":1,"featured_media":101643,"comment_status":"open","ping_status":"open","sticky":false,"template":"","format":"standard","meta":{"footnotes":""},"categories":[13,25,82,7,23,11,4],"tags":[],"class_list":["post-101642","post","type-post","status-publish","format-standard","has-post-thumbnail","hentry","category-agropecuaria","category-aquismon","category-axtla","category-ciudad","category-congreso","category-estado","category-inicio"],"_links":{"self":[{"href":"https:\/\/amanecerhuasteco.com\/portal\/wp-json\/wp\/v2\/posts\/101642","targetHints":{"allow":["GET"]}}],"collection":[{"href":"https:\/\/amanecerhuasteco.com\/portal\/wp-json\/wp\/v2\/posts"}],"about":[{"href":"https:\/\/amanecerhuasteco.com\/portal\/wp-json\/wp\/v2\/types\/post"}],"author":[{"embeddable":true,"href":"https:\/\/amanecerhuasteco.com\/portal\/wp-json\/wp\/v2\/users\/1"}],"replies":[{"embeddable":true,"href":"https:\/\/amanecerhuasteco.com\/portal\/wp-json\/wp\/v2\/comments?post=101642"}],"version-history":[{"count":1,"href":"https:\/\/amanecerhuasteco.com\/portal\/wp-json\/wp\/v2\/posts\/101642\/revisions"}],"predecessor-version":[{"id":101644,"href":"https:\/\/amanecerhuasteco.com\/portal\/wp-json\/wp\/v2\/posts\/101642\/revisions\/101644"}],"wp:featuredmedia":[{"embeddable":true,"href":"https:\/\/amanecerhuasteco.com\/portal\/wp-json\/wp\/v2\/media\/101643"}],"wp:attachment":[{"href":"https:\/\/amanecerhuasteco.com\/portal\/wp-json\/wp\/v2\/media?parent=101642"}],"wp:term":[{"taxonomy":"category","embeddable":true,"href":"https:\/\/amanecerhuasteco.com\/portal\/wp-json\/wp\/v2\/categories?post=101642"},{"taxonomy":"post_tag","embeddable":true,"href":"https:\/\/amanecerhuasteco.com\/portal\/wp-json\/wp\/v2\/tags?post=101642"}],"curies":[{"name":"wp","href":"https:\/\/api.w.org\/{rel}","templated":true}]}}