{"id":101687,"date":"2024-12-10T08:17:24","date_gmt":"2024-12-10T14:17:24","guid":{"rendered":"https:\/\/amanecerhuasteco.com\/portal\/?p=101687"},"modified":"2024-12-10T08:17:26","modified_gmt":"2024-12-10T14:17:26","slug":"ayuntamiento-de-tamuin-participa-en-campana-de-boteo-de-la-central-de-bomberos","status":"publish","type":"post","link":"https:\/\/amanecerhuasteco.com\/portal\/ayuntamiento-de-tamuin-participa-en-campana-de-boteo-de-la-central-de-bomberos\/","title":{"rendered":"Ayuntamiento de Tamuin participa en campa\u00f1a de boteo de la central de bomberos"},"content":{"rendered":"\n<p><\/p>\n\n\n\n<p>En representaci\u00f3n del Presidente Municipal de Tamu\u00edn Marcelino Bautista Rinc\u00f3n, la Secretaria del Ayuntamiento, Silvia Janeth V\u00e1zquez Navarro ondeo banderas en se\u00f1al de arranque de la campa\u00f1a de boteo que realiz\u00f3 la Estaci\u00f3n Central de Bomberos Voluntarios de Tamu\u00edn, S.L.P. A. C.<\/p>\n\n\n\n<p>En su mensaje la representante del alcalde reconoci\u00f3 el gran trabajo que realizan los j\u00f3venes voluntarios de <a><\/a>esta corporaci\u00f3n quienes dan todo su esfuerzo por atender las llamadas de auxilio de la ciudadan\u00eda que lo necesita.<\/p>\n\n\n\n<p>Destac\u00f3 el compromiso que el Nuevo Gobierno que encabeza Bautista Rinc\u00f3n tiene con el bienestar de la gente, reiterando el apoyo al cuerpo de bomberos en las necesidades que se presenten.<\/p>\n\n\n\n<p>\u00abAgradezco la labor de todos estos j\u00f3venes que est\u00e1n en la Estaci\u00f3n de Bomberos de Tamuin, que sin alguna remuneraci\u00f3n de ning\u00fan tipo arriesgan sus vidas por brindar la ayuda a la ciudadan\u00eda que lo requiere\u00bb enfatiz\u00f3 la Secretaria del Ayuntamiento de Tamu\u00edn.<\/p>\n","protected":false},"excerpt":{"rendered":"<p>En representaci\u00f3n del Presidente Municipal de Tamu\u00edn Marcelino Bautista Rinc\u00f3n, la Secretaria del Ayuntamiento, Silvia Janeth V\u00e1zquez Navarro ondeo banderas en se\u00f1al de arranque de la campa\u00f1a de boteo que realiz\u00f3 la Estaci\u00f3n Central de Bomberos Voluntarios de Tamu\u00edn, S.L.P. A. C. En su mensaje &hellip; <\/p>\n","protected":false},"author":1,"featured_media":101691,"comment_status":"open","ping_status":"open","sticky":false,"template":"","format":"standard","meta":{"footnotes":""},"categories":[13,14,28,15,16,4,20],"tags":[],"class_list":["post-101687","post","type-post","status-publish","format-standard","has-post-thumbnail","hentry","category-agropecuaria","category-caneros","category-cnc","category-ganaderos","category-ingenios","category-inicio","category-tamuin"],"_links":{"self":[{"href":"https:\/\/amanecerhuasteco.com\/portal\/wp-json\/wp\/v2\/posts\/101687","targetHints":{"allow":["GET"]}}],"collection":[{"href":"https:\/\/amanecerhuasteco.com\/portal\/wp-json\/wp\/v2\/posts"}],"about":[{"href":"https:\/\/amanecerhuasteco.com\/portal\/wp-json\/wp\/v2\/types\/post"}],"author":[{"embeddable":true,"href":"https:\/\/amanecerhuasteco.com\/portal\/wp-json\/wp\/v2\/users\/1"}],"replies":[{"embeddable":true,"href":"https:\/\/amanecerhuasteco.com\/portal\/wp-json\/wp\/v2\/comments?post=101687"}],"version-history":[{"count":1,"href":"https:\/\/amanecerhuasteco.com\/portal\/wp-json\/wp\/v2\/posts\/101687\/revisions"}],"predecessor-version":[{"id":101692,"href":"https:\/\/amanecerhuasteco.com\/portal\/wp-json\/wp\/v2\/posts\/101687\/revisions\/101692"}],"wp:featuredmedia":[{"embeddable":true,"href":"https:\/\/amanecerhuasteco.com\/portal\/wp-json\/wp\/v2\/media\/101691"}],"wp:attachment":[{"href":"https:\/\/amanecerhuasteco.com\/portal\/wp-json\/wp\/v2\/media?parent=101687"}],"wp:term":[{"taxonomy":"category","embeddable":true,"href":"https:\/\/amanecerhuasteco.com\/portal\/wp-json\/wp\/v2\/categories?post=101687"},{"taxonomy":"post_tag","embeddable":true,"href":"https:\/\/amanecerhuasteco.com\/portal\/wp-json\/wp\/v2\/tags?post=101687"}],"curies":[{"name":"wp","href":"https:\/\/api.w.org\/{rel}","templated":true}]}}