{"id":101737,"date":"2024-12-11T10:57:12","date_gmt":"2024-12-11T16:57:12","guid":{"rendered":"https:\/\/amanecerhuasteco.com\/portal\/?p=101737"},"modified":"2024-12-11T10:57:14","modified_gmt":"2024-12-11T16:57:14","slug":"celebran-programa-de-matrimonios-colectivos-en-el-centro-penitenciario-estatal-de-ciudad-valles","status":"publish","type":"post","link":"https:\/\/amanecerhuasteco.com\/portal\/celebran-programa-de-matrimonios-colectivos-en-el-centro-penitenciario-estatal-de-ciudad-valles\/","title":{"rendered":"Celebran programa de matrimonios colectivos en el Centro penitenciario estatal de Ciudad Valles"},"content":{"rendered":"\n<p><\/p>\n\n\n\n<p>En el marco de la celebraci\u00f3n del D\u00eda de los Derechos Humanos, la tarde de este martes se llev\u00f3 a cabo el Programa \u00abMatrimonios Colectivos 2024\u00bb en el Centro Penitenciario Estatal de Ciudad Valles, en atenci\u00f3n a la convocatoria del Sistema Estatal para el Desarrollo Integral de la Familia, en coordinaci\u00f3n con el SMDIF y la Oficial\u00eda 01 del Registro Civil.<\/p>\n\n\n\n<p>Con este programa, se unieron en matrimonio cinco parejas, conformadas por Personas Privadas de la Libertad (PPL&#8217;s), con el objetivo de brindarles seguridad y certidumbre jur\u00eddica de manera gratuita, ya que la familia es un derecho humano fundamental de todas las personas sin importar su sexo, condici\u00f3n econ\u00f3mica, \u00e9tnica o social.<\/p>\n\n\n\n<p>Esta celebraci\u00f3n estuvo presidida por la Lic. Alma Emma Ram\u00edrez Garc\u00eda, Oficial del Registro Civil N\u00b01 de Ciudad Valles; Lic. Ma. de Lourdes Ibarra S\u00e1nchez, encargada del Departamento de Matrimonios; Lic. Fernando Azua, Asistente de la Oficial\u00eda; Lic. Martha Rea Ram\u00edrez, Trabajadora Social del SMDIF; Lic. Agust\u00edn Barrientos S\u00e1nchez, Coordinador del Departamento de Bienestar Familiar; y el Mtro. Juan Carlos Portillo Fuentes, Director del Centro Penitenciario Estatal de Valles.<\/p>\n","protected":false},"excerpt":{"rendered":"<p>En el marco de la celebraci\u00f3n del D\u00eda de los Derechos Humanos, la tarde de este martes se llev\u00f3 a cabo el Programa \u00abMatrimonios Colectivos 2024\u00bb en el Centro Penitenciario Estatal de Ciudad Valles, en atenci\u00f3n a la convocatoria del Sistema Estatal para el Desarrollo &hellip; <\/p>\n","protected":false},"author":1,"featured_media":101738,"comment_status":"open","ping_status":"open","sticky":false,"template":"","format":"standard","meta":{"footnotes":""},"categories":[13,14,28,29,7,15,16,4],"tags":[],"class_list":["post-101737","post","type-post","status-publish","format-standard","has-post-thumbnail","hentry","category-agropecuaria","category-caneros","category-cnc","category-cnpr","category-ciudad","category-ganaderos","category-ingenios","category-inicio"],"_links":{"self":[{"href":"https:\/\/amanecerhuasteco.com\/portal\/wp-json\/wp\/v2\/posts\/101737","targetHints":{"allow":["GET"]}}],"collection":[{"href":"https:\/\/amanecerhuasteco.com\/portal\/wp-json\/wp\/v2\/posts"}],"about":[{"href":"https:\/\/amanecerhuasteco.com\/portal\/wp-json\/wp\/v2\/types\/post"}],"author":[{"embeddable":true,"href":"https:\/\/amanecerhuasteco.com\/portal\/wp-json\/wp\/v2\/users\/1"}],"replies":[{"embeddable":true,"href":"https:\/\/amanecerhuasteco.com\/portal\/wp-json\/wp\/v2\/comments?post=101737"}],"version-history":[{"count":1,"href":"https:\/\/amanecerhuasteco.com\/portal\/wp-json\/wp\/v2\/posts\/101737\/revisions"}],"predecessor-version":[{"id":101739,"href":"https:\/\/amanecerhuasteco.com\/portal\/wp-json\/wp\/v2\/posts\/101737\/revisions\/101739"}],"wp:featuredmedia":[{"embeddable":true,"href":"https:\/\/amanecerhuasteco.com\/portal\/wp-json\/wp\/v2\/media\/101738"}],"wp:attachment":[{"href":"https:\/\/amanecerhuasteco.com\/portal\/wp-json\/wp\/v2\/media?parent=101737"}],"wp:term":[{"taxonomy":"category","embeddable":true,"href":"https:\/\/amanecerhuasteco.com\/portal\/wp-json\/wp\/v2\/categories?post=101737"},{"taxonomy":"post_tag","embeddable":true,"href":"https:\/\/amanecerhuasteco.com\/portal\/wp-json\/wp\/v2\/tags?post=101737"}],"curies":[{"name":"wp","href":"https:\/\/api.w.org\/{rel}","templated":true}]}}