{"id":101872,"date":"2024-12-17T08:06:21","date_gmt":"2024-12-17T14:06:21","guid":{"rendered":"https:\/\/amanecerhuasteco.com\/portal\/?p=101872"},"modified":"2024-12-17T08:06:23","modified_gmt":"2024-12-17T14:06:23","slug":"alcalde-de-santa-catarina-sostiene-reunion-de-trabajo-con-el-titular-de-la-conagua-en-san-luis-potosi","status":"publish","type":"post","link":"https:\/\/amanecerhuasteco.com\/portal\/alcalde-de-santa-catarina-sostiene-reunion-de-trabajo-con-el-titular-de-la-conagua-en-san-luis-potosi\/","title":{"rendered":"Alcalde de Santa Catarina sostiene reuni\u00f3n de trabajo con el titular de la CONAGUA en San Luis Potos\u00ed."},"content":{"rendered":"\n<p><\/p>\n\n\n\n<p>El d\u00eda de hoy, el Presidente Municipal Juan Carlos Ramos Moreno se reuni\u00f3 con Joel F\u00e9lix D\u00edaz, Director Local de la Comisi\u00f3n Nacional del Agua en San Luis Potos\u00ed.<\/p>\n\n\n\n<p>Durante el encuentro, se solicit\u00f3 la revisi\u00f3n de las diversas concesiones de agua.<\/p>\n\n\n\n<p>As\u00ed <a><\/a>como de la explotaci\u00f3n de materiales a lo largo del R\u00edo Verde, en el tramo que abarca desde Paso de Jes\u00fas Gamotes hasta la comunidad de Tanlacut.<\/p>\n\n\n\n<p>Nuestro objetivo es asegurar que la regi\u00f3n pueda seguir contando con este recurso vital por m\u00e1s tiempo.<\/p>\n","protected":false},"excerpt":{"rendered":"<p>El d\u00eda de hoy, el Presidente Municipal Juan Carlos Ramos Moreno se reuni\u00f3 con Joel F\u00e9lix D\u00edaz, Director Local de la Comisi\u00f3n Nacional del Agua en San Luis Potos\u00ed. Durante el encuentro, se solicit\u00f3 la revisi\u00f3n de las diversas concesiones de agua. As\u00ed como de &hellip; <\/p>\n","protected":false},"author":1,"featured_media":101873,"comment_status":"open","ping_status":"open","sticky":false,"template":"","format":"standard","meta":{"footnotes":""},"categories":[13,11,4,59],"tags":[],"class_list":["post-101872","post","type-post","status-publish","format-standard","has-post-thumbnail","hentry","category-agropecuaria","category-estado","category-inicio","category-santa-catarina"],"_links":{"self":[{"href":"https:\/\/amanecerhuasteco.com\/portal\/wp-json\/wp\/v2\/posts\/101872","targetHints":{"allow":["GET"]}}],"collection":[{"href":"https:\/\/amanecerhuasteco.com\/portal\/wp-json\/wp\/v2\/posts"}],"about":[{"href":"https:\/\/amanecerhuasteco.com\/portal\/wp-json\/wp\/v2\/types\/post"}],"author":[{"embeddable":true,"href":"https:\/\/amanecerhuasteco.com\/portal\/wp-json\/wp\/v2\/users\/1"}],"replies":[{"embeddable":true,"href":"https:\/\/amanecerhuasteco.com\/portal\/wp-json\/wp\/v2\/comments?post=101872"}],"version-history":[{"count":1,"href":"https:\/\/amanecerhuasteco.com\/portal\/wp-json\/wp\/v2\/posts\/101872\/revisions"}],"predecessor-version":[{"id":101874,"href":"https:\/\/amanecerhuasteco.com\/portal\/wp-json\/wp\/v2\/posts\/101872\/revisions\/101874"}],"wp:featuredmedia":[{"embeddable":true,"href":"https:\/\/amanecerhuasteco.com\/portal\/wp-json\/wp\/v2\/media\/101873"}],"wp:attachment":[{"href":"https:\/\/amanecerhuasteco.com\/portal\/wp-json\/wp\/v2\/media?parent=101872"}],"wp:term":[{"taxonomy":"category","embeddable":true,"href":"https:\/\/amanecerhuasteco.com\/portal\/wp-json\/wp\/v2\/categories?post=101872"},{"taxonomy":"post_tag","embeddable":true,"href":"https:\/\/amanecerhuasteco.com\/portal\/wp-json\/wp\/v2\/tags?post=101872"}],"curies":[{"name":"wp","href":"https:\/\/api.w.org\/{rel}","templated":true}]}}