{"id":102016,"date":"2024-12-23T09:05:15","date_gmt":"2024-12-23T15:05:15","guid":{"rendered":"https:\/\/amanecerhuasteco.com\/portal\/?p=102016"},"modified":"2024-12-23T09:05:17","modified_gmt":"2024-12-23T15:05:17","slug":"poder-ejecutivo-capacita-a-servidores-publicos-sobre-inteligencia-artificial","status":"publish","type":"post","link":"https:\/\/amanecerhuasteco.com\/portal\/poder-ejecutivo-capacita-a-servidores-publicos-sobre-inteligencia-artificial\/","title":{"rendered":"Poder ejecutivo capacita a servidores p\u00fablicos sobre Inteligencia Artificial"},"content":{"rendered":"\n<p><br>\u2022 La administraci\u00f3n estatal busca innovar y agilizar los procesos de trabajo de las y los servidores p\u00fablicos<\/p>\n\n\n\n<p>La Subdirecci\u00f3n de Desarrollo Humano de la Oficial\u00eda Mayor, realiz\u00f3 la conferencia titulada \u201cAdministraci\u00f3n del tiempo con Inteligencia Artificial\u201d, dirigida a 77 servidores p\u00fablicos de 19 dependencias, para brindarles m\u00e1s apoyo en profesionalizaci\u00f3n con herramientas de Inteligencia Artificial que ayuden a optimizar sus tareas diarias, priorizar actividades, alcanzar objetivos para que garanticen una atenci\u00f3n de calidad.<br>En coordinaci\u00f3n con la Universidad Interamericana para el Desarrollo (Unid), y por instrucci\u00f3n del Gobernador del Estado, Ricardo Gallardo Cardona, el oficial mayor No\u00e9 Lara Enr\u00edquez, puntualiz\u00f3 que la dependencia ofrece a las \u00e1reas gubernamentales las bases conceptuales y metodol\u00f3gicas que han permitido reforzar la gesti\u00f3n y mejorar los resultados en el \u00e1mbito de la capacitaci\u00f3n.<br>Resalt\u00f3 que el objetivo es que las y los ciudadanos que acuden a las oficinas de Gobierno, reciban una atenci\u00f3n expedita y humana.<\/p>\n","protected":false},"excerpt":{"rendered":"<p>\u2022 La administraci\u00f3n estatal busca innovar y agilizar los procesos de trabajo de las y los servidores p\u00fablicos La Subdirecci\u00f3n de Desarrollo Humano de la Oficial\u00eda Mayor, realiz\u00f3 la conferencia titulada \u201cAdministraci\u00f3n del tiempo con Inteligencia Artificial\u201d, dirigida a 77 servidores p\u00fablicos de 19 dependencias, &hellip; <\/p>\n","protected":false},"author":1,"featured_media":102017,"comment_status":"open","ping_status":"open","sticky":false,"template":"","format":"standard","meta":{"footnotes":""},"categories":[25,82,7,78,62,4,73,44,26,74,30,31,59,42,21,53,69,20,57,43,32],"tags":[],"class_list":["post-102016","post","type-post","status-publish","format-standard","has-post-thumbnail","hentry","category-aquismon","category-axtla","category-ciudad","category-ciudad-del-maiz","category-ciudad-fernandez","category-inicio","category-lagunillas","category-matehuala","category-matlapa","category-mexquitic","category-rioverde","category-sanluispotosi","category-santa-catarina","category-soledad","category-tamasopo","category-tamazunchale","category-tampacan","category-tamuin","category-tanlajas","category-villa-de-reyes","category-xilitla"],"_links":{"self":[{"href":"https:\/\/amanecerhuasteco.com\/portal\/wp-json\/wp\/v2\/posts\/102016","targetHints":{"allow":["GET"]}}],"collection":[{"href":"https:\/\/amanecerhuasteco.com\/portal\/wp-json\/wp\/v2\/posts"}],"about":[{"href":"https:\/\/amanecerhuasteco.com\/portal\/wp-json\/wp\/v2\/types\/post"}],"author":[{"embeddable":true,"href":"https:\/\/amanecerhuasteco.com\/portal\/wp-json\/wp\/v2\/users\/1"}],"replies":[{"embeddable":true,"href":"https:\/\/amanecerhuasteco.com\/portal\/wp-json\/wp\/v2\/comments?post=102016"}],"version-history":[{"count":1,"href":"https:\/\/amanecerhuasteco.com\/portal\/wp-json\/wp\/v2\/posts\/102016\/revisions"}],"predecessor-version":[{"id":102018,"href":"https:\/\/amanecerhuasteco.com\/portal\/wp-json\/wp\/v2\/posts\/102016\/revisions\/102018"}],"wp:featuredmedia":[{"embeddable":true,"href":"https:\/\/amanecerhuasteco.com\/portal\/wp-json\/wp\/v2\/media\/102017"}],"wp:attachment":[{"href":"https:\/\/amanecerhuasteco.com\/portal\/wp-json\/wp\/v2\/media?parent=102016"}],"wp:term":[{"taxonomy":"category","embeddable":true,"href":"https:\/\/amanecerhuasteco.com\/portal\/wp-json\/wp\/v2\/categories?post=102016"},{"taxonomy":"post_tag","embeddable":true,"href":"https:\/\/amanecerhuasteco.com\/portal\/wp-json\/wp\/v2\/tags?post=102016"}],"curies":[{"name":"wp","href":"https:\/\/api.w.org\/{rel}","templated":true}]}}