{"id":102036,"date":"2024-12-24T07:40:55","date_gmt":"2024-12-24T13:40:55","guid":{"rendered":"https:\/\/amanecerhuasteco.com\/portal\/?p=102036"},"modified":"2024-12-24T07:40:57","modified_gmt":"2024-12-24T13:40:57","slug":"fgslp-obtiene-vinculacion-a-proceso-de-imputado-por-el-homicidio-de-exedil-de-tancanhuitz","status":"publish","type":"post","link":"https:\/\/amanecerhuasteco.com\/portal\/fgslp-obtiene-vinculacion-a-proceso-de-imputado-por-el-homicidio-de-exedil-de-tancanhuitz\/","title":{"rendered":"FGSLP obtiene vinculaci\u00f3n a proceso de imputado por el homicidio de exedil de Tancanhuitz"},"content":{"rendered":"\n<p><\/p>\n\n\n\n<p>Litigadores de la Fiscal\u00eda General del Estado de San Luis Potos\u00ed (FGESLP) lograron el auto de vinculaci\u00f3n a proceso de Jos\u00e9 Guadalupe \u201cN\u201d, por el delito de homicidio calificado en Tancanhuitz.<\/p>\n\n\n\n<p>El imputado est\u00e1 relacionado con la muerte de quien fuera el presidente municipal del municipio mencionado, que ocurri\u00f3 el 15 de diciembre de 2024, en la localidad de Palmira Nuevo.<\/p>\n\n\n\n<p>Personal de la FGESLP, trabaj\u00f3 en la carpeta de investigaci\u00f3n hasta que obtuvo el mandamiento judicial con el que se llev\u00f3 a cabo la captura del imputado; siendo de este modo como lo presentaron ante un Juez de control.<\/p>\n\n\n\n<p>En la audiencia respectiva, agentes Fiscales formularon debidamente la imputaci\u00f3n del delito referido y la solicitud de la medida cautelar de prisi\u00f3n preventiva justifica, por medio de la presentaci\u00f3n de datos de prueba s\u00f3lidos; con ello, se obtuvo la vinculaci\u00f3n a proceso que tendr\u00e1 un plazo de seis meses para la investigaci\u00f3n complementaria.<\/p>\n\n\n\n<p>Por lo pronto, Jos\u00e9 Guadalupe \u201cN\u201d estar\u00e1 recluido en el centro penitenciario que indica la ley, hasta que su estado legal se resuelve en su totalidad por la autoridad judicial.<\/p>\n","protected":false},"excerpt":{"rendered":"<p>Litigadores de la Fiscal\u00eda General del Estado de San Luis Potos\u00ed (FGESLP) lograron el auto de vinculaci\u00f3n a proceso de Jos\u00e9 Guadalupe \u201cN\u201d, por el delito de homicidio calificado en Tancanhuitz. El imputado est\u00e1 relacionado con la muerte de quien fuera el presidente municipal del &hellip; <\/p>\n","protected":false},"author":1,"featured_media":102037,"comment_status":"open","ping_status":"open","sticky":false,"template":"","format":"standard","meta":{"footnotes":""},"categories":[25,82,7,78,62,22,56,11,55,4,44,60,30,31,59,42,53,69,58,57],"tags":[],"class_list":["post-102036","post","type-post","status-publish","format-standard","has-post-thumbnail","hentry","category-aquismon","category-axtla","category-ciudad","category-ciudad-del-maiz","category-ciudad-fernandez","category-ebano","category-el-naranjo","category-estado","category-guadalcazar","category-inicio","category-matehuala","category-rayon","category-rioverde","category-sanluispotosi","category-santa-catarina","category-soledad","category-tamazunchale","category-tampacan","category-tancanhuitz","category-tanlajas"],"_links":{"self":[{"href":"https:\/\/amanecerhuasteco.com\/portal\/wp-json\/wp\/v2\/posts\/102036","targetHints":{"allow":["GET"]}}],"collection":[{"href":"https:\/\/amanecerhuasteco.com\/portal\/wp-json\/wp\/v2\/posts"}],"about":[{"href":"https:\/\/amanecerhuasteco.com\/portal\/wp-json\/wp\/v2\/types\/post"}],"author":[{"embeddable":true,"href":"https:\/\/amanecerhuasteco.com\/portal\/wp-json\/wp\/v2\/users\/1"}],"replies":[{"embeddable":true,"href":"https:\/\/amanecerhuasteco.com\/portal\/wp-json\/wp\/v2\/comments?post=102036"}],"version-history":[{"count":1,"href":"https:\/\/amanecerhuasteco.com\/portal\/wp-json\/wp\/v2\/posts\/102036\/revisions"}],"predecessor-version":[{"id":102038,"href":"https:\/\/amanecerhuasteco.com\/portal\/wp-json\/wp\/v2\/posts\/102036\/revisions\/102038"}],"wp:featuredmedia":[{"embeddable":true,"href":"https:\/\/amanecerhuasteco.com\/portal\/wp-json\/wp\/v2\/media\/102037"}],"wp:attachment":[{"href":"https:\/\/amanecerhuasteco.com\/portal\/wp-json\/wp\/v2\/media?parent=102036"}],"wp:term":[{"taxonomy":"category","embeddable":true,"href":"https:\/\/amanecerhuasteco.com\/portal\/wp-json\/wp\/v2\/categories?post=102036"},{"taxonomy":"post_tag","embeddable":true,"href":"https:\/\/amanecerhuasteco.com\/portal\/wp-json\/wp\/v2\/tags?post=102036"}],"curies":[{"name":"wp","href":"https:\/\/api.w.org\/{rel}","templated":true}]}}