{"id":102264,"date":"2025-01-05T10:00:53","date_gmt":"2025-01-05T16:00:53","guid":{"rendered":"https:\/\/amanecerhuasteco.com\/portal\/?p=102264"},"modified":"2025-01-05T10:00:55","modified_gmt":"2025-01-05T16:00:55","slug":"promueve-gobierno-la-actividad-artesanal-de-pueblos-originarios","status":"publish","type":"post","link":"https:\/\/amanecerhuasteco.com\/portal\/promueve-gobierno-la-actividad-artesanal-de-pueblos-originarios\/","title":{"rendered":"Promueve gobierno la actividad artesanal de pueblos originarios"},"content":{"rendered":"\n<p><\/p>\n\n\n\n<ul class=\"wp-block-list\">\n<li>M\u00e1s de 70 personas fueron capacitadas para fortalecer su actividad artesanal y se promovi\u00f3 la comercializaci\u00f3n de sus productos<\/li>\n<\/ul>\n\n\n\n<p>El Instituto de Desarrollo Humano y Social de los Pueblos y Comunidades Ind\u00edgenas (Indepi), y las secretar\u00edas de Desarrollo Econ\u00f3mico (Sedeco) y de Educaci\u00f3n del Gobierno del Estado (SEGE), fortalecieron las capacidades y financiamientos para proyectos artesanales de los pueblos originarios, lo que lleva m\u00e1s apoyo a las y los potosinos que elaboran y comercializan artesan\u00edas de las cuatro regiones del Estado.<br>La directora general del Indepi, Bernarda Reyes Hern\u00e1ndez, inform\u00f3 que, acorde a la visi\u00f3n del Gobernador Ricardo Gallardo Cardona de fortalecer a las comunidades y pueblos originarios, la dependencia promovi\u00f3 el rescate, desarrollo y mejoramiento de la producci\u00f3n artesanal ind\u00edgena en nuestro Estado, mediante capacitaci\u00f3n en las ramas de fibras vegetales, cer\u00e1micas y textiles, bajo esquemas m\u00e1s justos en beneficio de 70 personas de los pueblos T\u00e9nek, N\u00e1huatl y Wix\u00e1rika.<br>Finalmente, precis\u00f3 que durante el 2024 la participaci\u00f3n de artesanas y artesanos en la Feria Nacional Potosina (Fenapo), represent\u00f3 un importante espacio para la comercializaci\u00f3n de productos y agro artesanales de los pueblos originarios, en donde artesanas y artesanos xi\u00b4iuy, t\u00e9nek y n\u00e1huatl, triqui, mixteco y wix\u00e1rica, tuvieron la oportunidad de exponer y comercializar sus productos.<\/p>\n","protected":false},"excerpt":{"rendered":"<p>El Instituto de Desarrollo Humano y Social de los Pueblos y Comunidades Ind\u00edgenas (Indepi), y las secretar\u00edas de Desarrollo Econ\u00f3mico (Sedeco) y de Educaci\u00f3n del Gobierno del Estado (SEGE), fortalecieron las capacidades y financiamientos para proyectos artesanales de los pueblos originarios, lo que lleva m\u00e1s &hellip; <\/p>\n","protected":false},"author":1,"featured_media":102265,"comment_status":"open","ping_status":"open","sticky":false,"template":"","format":"standard","meta":{"footnotes":""},"categories":[25,82,7,78,22,56,11,55,4,44,60,30,31,59,42,21,53,32],"tags":[],"class_list":["post-102264","post","type-post","status-publish","format-standard","has-post-thumbnail","hentry","category-aquismon","category-axtla","category-ciudad","category-ciudad-del-maiz","category-ebano","category-el-naranjo","category-estado","category-guadalcazar","category-inicio","category-matehuala","category-rayon","category-rioverde","category-sanluispotosi","category-santa-catarina","category-soledad","category-tamasopo","category-tamazunchale","category-xilitla"],"_links":{"self":[{"href":"https:\/\/amanecerhuasteco.com\/portal\/wp-json\/wp\/v2\/posts\/102264","targetHints":{"allow":["GET"]}}],"collection":[{"href":"https:\/\/amanecerhuasteco.com\/portal\/wp-json\/wp\/v2\/posts"}],"about":[{"href":"https:\/\/amanecerhuasteco.com\/portal\/wp-json\/wp\/v2\/types\/post"}],"author":[{"embeddable":true,"href":"https:\/\/amanecerhuasteco.com\/portal\/wp-json\/wp\/v2\/users\/1"}],"replies":[{"embeddable":true,"href":"https:\/\/amanecerhuasteco.com\/portal\/wp-json\/wp\/v2\/comments?post=102264"}],"version-history":[{"count":1,"href":"https:\/\/amanecerhuasteco.com\/portal\/wp-json\/wp\/v2\/posts\/102264\/revisions"}],"predecessor-version":[{"id":102266,"href":"https:\/\/amanecerhuasteco.com\/portal\/wp-json\/wp\/v2\/posts\/102264\/revisions\/102266"}],"wp:featuredmedia":[{"embeddable":true,"href":"https:\/\/amanecerhuasteco.com\/portal\/wp-json\/wp\/v2\/media\/102265"}],"wp:attachment":[{"href":"https:\/\/amanecerhuasteco.com\/portal\/wp-json\/wp\/v2\/media?parent=102264"}],"wp:term":[{"taxonomy":"category","embeddable":true,"href":"https:\/\/amanecerhuasteco.com\/portal\/wp-json\/wp\/v2\/categories?post=102264"},{"taxonomy":"post_tag","embeddable":true,"href":"https:\/\/amanecerhuasteco.com\/portal\/wp-json\/wp\/v2\/tags?post=102264"}],"curies":[{"name":"wp","href":"https:\/\/api.w.org\/{rel}","templated":true}]}}