{"id":102312,"date":"2025-01-07T09:32:08","date_gmt":"2025-01-07T15:32:08","guid":{"rendered":"https:\/\/amanecerhuasteco.com\/portal\/?p=102312"},"modified":"2025-01-07T09:32:10","modified_gmt":"2025-01-07T15:32:10","slug":"dengue-y-enfermedades-respiratorias-afectarian-durante-primer-trimestre-de-2025-destaca-especialista-de-la-uaslp","status":"publish","type":"post","link":"https:\/\/amanecerhuasteco.com\/portal\/dengue-y-enfermedades-respiratorias-afectarian-durante-primer-trimestre-de-2025-destaca-especialista-de-la-uaslp\/","title":{"rendered":"Dengue y enfermedades respiratorias afectar\u00edan durante primer trimestre de 2025, destaca especialista de la UASLP"},"content":{"rendered":"\n<p><\/p>\n\n\n\n<p>La propagaci\u00f3n de enfermedades respiratorias, as\u00ed como el dengue, podr\u00edan representar riesgos graves para la salud en el primer trimestre del 2025, consider\u00f3 el doctor Andreu Comas Garc\u00eda, docente e investigador de la Facultad de Medicina de la Universidad Aut\u00f3noma de San Luis Potos\u00ed (UASLP).<\/p>\n\n\n\n<p>En entrevista, subray\u00f3 que la principal preocupaci\u00f3n actual es un repunte de dengue, que, debido al cambio clim\u00e1tico, ha mostrado un aumento en su incidencia y en su dispersi\u00f3n geogr\u00e1fica. \u201cEl virus, transmitido por el mosquito Aedes aegypti, requiere condiciones c\u00e1lidas y h\u00famedas que el calentamiento global ha propiciado\u201d, afirm\u00f3.<\/p>\n\n\n\n<p>Adem\u00e1s de esta enfermedad, el doctor Comas Garc\u00eda destac\u00f3 que el panorama de los padecimientos respiratorios ha cambiado en los \u00faltimos a\u00f1os, especialmente la influenza. \u201cTanto este a\u00f1o como el pasado, tuvimos un peque\u00f1o brote de influenza en verano, algo que no ocurr\u00eda desde el 2014\u201d y afirm\u00f3 que es una se\u00f1al de alerta, ya que la circulaci\u00f3n del virus, fuera de su temporada invernal habitual, podr\u00eda incrementar la propagaci\u00f3n.<\/p>\n\n\n\n<p>Para reducir el impacto de estas enfermedades, el epidemi\u00f3logo recomend\u00f3 a la poblaci\u00f3n seguir una serie de medidas preventivas. Primero, enfatiz\u00f3 la importancia de tener el esquema de vacunaci\u00f3n completo, especialmente contra la influenza y el COVID-19, para proteger a los grupos de riesgo; segundo, no automedicarse en caso de presentar s\u00edntomas.En cuanto al uso de cubrebocas, sugiri\u00f3 que las personas m\u00e1s vulnerables, como mayores de 60 a\u00f1os o aquellos con enfermedades cr\u00f3nicas, deben considerar su uso en eventos masivos o en lugares concurridos como el transporte p\u00fablico, especialmente durante la temporada de fr\u00edo. \u201cEl cubrebocas no s\u00f3lo protege a quien lo usa, sino tambi\u00e9n a quienes lo rodean\u201d, se\u00f1al\u00f3.<\/p>\n","protected":false},"excerpt":{"rendered":"<p>La propagaci\u00f3n de enfermedades respiratorias, as\u00ed como el dengue, podr\u00edan representar riesgos graves para la salud en el primer trimestre del 2025, consider\u00f3 el doctor Andreu Comas Garc\u00eda, docente e investigador de la Facultad de Medicina de la Universidad Aut\u00f3noma de San Luis Potos\u00ed (UASLP). &hellip; <\/p>\n","protected":false},"author":1,"featured_media":102313,"comment_status":"open","ping_status":"open","sticky":false,"template":"","format":"standard","meta":{"footnotes":""},"categories":[25,82,67,7,78,62,22,56,11,55,4,44,26,74,10,12,60,30,31,80,24,59,42,21,53,69,20,58,57,43,32],"tags":[],"class_list":["post-102312","post","type-post","status-publish","format-standard","has-post-thumbnail","hentry","category-aquismon","category-axtla","category-charcas","category-ciudad","category-ciudad-del-maiz","category-ciudad-fernandez","category-ebano","category-el-naranjo","category-estado","category-guadalcazar","category-inicio","category-matehuala","category-matlapa","category-mexquitic","category-municipios","category-nacional","category-rayon","category-rioverde","category-sanluispotosi","category-san-martin","category-san-vicente","category-santa-catarina","category-soledad","category-tamasopo","category-tamazunchale","category-tampacan","category-tamuin","category-tancanhuitz","category-tanlajas","category-villa-de-reyes","category-xilitla"],"_links":{"self":[{"href":"https:\/\/amanecerhuasteco.com\/portal\/wp-json\/wp\/v2\/posts\/102312","targetHints":{"allow":["GET"]}}],"collection":[{"href":"https:\/\/amanecerhuasteco.com\/portal\/wp-json\/wp\/v2\/posts"}],"about":[{"href":"https:\/\/amanecerhuasteco.com\/portal\/wp-json\/wp\/v2\/types\/post"}],"author":[{"embeddable":true,"href":"https:\/\/amanecerhuasteco.com\/portal\/wp-json\/wp\/v2\/users\/1"}],"replies":[{"embeddable":true,"href":"https:\/\/amanecerhuasteco.com\/portal\/wp-json\/wp\/v2\/comments?post=102312"}],"version-history":[{"count":1,"href":"https:\/\/amanecerhuasteco.com\/portal\/wp-json\/wp\/v2\/posts\/102312\/revisions"}],"predecessor-version":[{"id":102314,"href":"https:\/\/amanecerhuasteco.com\/portal\/wp-json\/wp\/v2\/posts\/102312\/revisions\/102314"}],"wp:featuredmedia":[{"embeddable":true,"href":"https:\/\/amanecerhuasteco.com\/portal\/wp-json\/wp\/v2\/media\/102313"}],"wp:attachment":[{"href":"https:\/\/amanecerhuasteco.com\/portal\/wp-json\/wp\/v2\/media?parent=102312"}],"wp:term":[{"taxonomy":"category","embeddable":true,"href":"https:\/\/amanecerhuasteco.com\/portal\/wp-json\/wp\/v2\/categories?post=102312"},{"taxonomy":"post_tag","embeddable":true,"href":"https:\/\/amanecerhuasteco.com\/portal\/wp-json\/wp\/v2\/tags?post=102312"}],"curies":[{"name":"wp","href":"https:\/\/api.w.org\/{rel}","templated":true}]}}