{"id":102450,"date":"2025-01-13T08:22:52","date_gmt":"2025-01-13T14:22:52","guid":{"rendered":"https:\/\/amanecerhuasteco.com\/portal\/?p=102450"},"modified":"2025-01-13T08:22:54","modified_gmt":"2025-01-13T14:22:54","slug":"estado-inicia-ciclo-de-conferencias-2025-cronicas-de-los-pueblos-y-ciudades-potosinas","status":"publish","type":"post","link":"https:\/\/amanecerhuasteco.com\/portal\/estado-inicia-ciclo-de-conferencias-2025-cronicas-de-los-pueblos-y-ciudades-potosinas\/","title":{"rendered":"Estado inicia ciclo de conferencias 2025 cr\u00f3nicas de los pueblos y ciudades potosinas"},"content":{"rendered":"\n<p><br>\u2022 El Archivo Hist\u00f3rico contin\u00faa impulsando la difusi\u00f3n de la memoria hist\u00f3rica de los municipios<\/p>\n\n\n\n<p>Con gran \u00e9xito, el pasado jueves, se realiz\u00f3 la primera conferencia dentro del ciclo \u201cCr\u00f3nicas de los pueblos y ciudades potosinas\u201d, iniciativa que ha sido impulsada por el Gobernador Ricardo Gallardo Cardona, para brindar m\u00e1s apoyo a la difusi\u00f3n de la historia y el patrimonio cultural de los municipios acercando este conocimiento a las y los potosinos.<br>Durante la presentaci\u00f3n \u201cLa exhacienda de Vigas: un pueblo bajo las aguas de la presa La Mu\u00f1eca\u201d, Jos\u00e9 Antonio Rivera Villanueva, cronista del municipio de Tierra Nueva, habl\u00f3 sobre los or\u00edgenes del poblado, la construcci\u00f3n de la presa durante la segunda mitad del siglo XX y la relevancia que desde entonces ha tenido para los habitantes al ser una de sus principales fuentes de agua e indispensable para llevar a cabo actividades agr\u00edcolas.<br>Tal como lo instruy\u00f3 el Mandatario estatal, este ciclo de conferencias tiene como objetivo el conocimiento de los procesos hist\u00f3ricos que dan forma a las comunidades, a trav\u00e9s de su difusi\u00f3n, y organizado por el Archivo Hist\u00f3rico del Estado \u201cLic. Antonio Rocha\u201d en colaboraci\u00f3n con la Secretar\u00eda de Cultura (Secult), mediante la Direcci\u00f3n de Patrimonio Cultural, el Consejo de la Cr\u00f3nica de los Municipios del Estado, el Colegio de San Luis y el Instituto Nacional de Antropolog\u00eda e Historia.<br>El Gobierno del Estado mantiene as\u00ed su compromiso con la preservaci\u00f3n y difusi\u00f3n del patrimonio documental volviendo al alcance de todas y todos los potosinos a trav\u00e9s del Archivo Hist\u00f3rico. La invitaci\u00f3n sigue abierta a participar en las pr\u00f3ximas conferencias de este ciclo a realizarse el primer jueves de cada mes a las 7 de la noche con sede en el Museo Francisco Coss\u00edo.<\/p>\n","protected":false},"excerpt":{"rendered":"<p>\u2022 El Archivo Hist\u00f3rico contin\u00faa impulsando la difusi\u00f3n de la memoria hist\u00f3rica de los municipios Con gran \u00e9xito, el pasado jueves, se realiz\u00f3 la primera conferencia dentro del ciclo \u201cCr\u00f3nicas de los pueblos y ciudades potosinas\u201d, iniciativa que ha sido impulsada por el Gobernador Ricardo &hellip; <\/p>\n","protected":false},"author":1,"featured_media":102451,"comment_status":"open","ping_status":"open","sticky":false,"template":"","format":"standard","meta":{"footnotes":""},"categories":[25,82,67,7,78,62,56,11,55,81,4,73,44,10,60,30,31,59,42,21,53,69,20,58,57,43,32],"tags":[],"class_list":["post-102450","post","type-post","status-publish","format-standard","has-post-thumbnail","hentry","category-aquismon","category-axtla","category-charcas","category-ciudad","category-ciudad-del-maiz","category-ciudad-fernandez","category-el-naranjo","category-estado","category-guadalcazar","category-huehuetlan","category-inicio","category-lagunillas","category-matehuala","category-municipios","category-rayon","category-rioverde","category-sanluispotosi","category-santa-catarina","category-soledad","category-tamasopo","category-tamazunchale","category-tampacan","category-tamuin","category-tancanhuitz","category-tanlajas","category-villa-de-reyes","category-xilitla"],"_links":{"self":[{"href":"https:\/\/amanecerhuasteco.com\/portal\/wp-json\/wp\/v2\/posts\/102450","targetHints":{"allow":["GET"]}}],"collection":[{"href":"https:\/\/amanecerhuasteco.com\/portal\/wp-json\/wp\/v2\/posts"}],"about":[{"href":"https:\/\/amanecerhuasteco.com\/portal\/wp-json\/wp\/v2\/types\/post"}],"author":[{"embeddable":true,"href":"https:\/\/amanecerhuasteco.com\/portal\/wp-json\/wp\/v2\/users\/1"}],"replies":[{"embeddable":true,"href":"https:\/\/amanecerhuasteco.com\/portal\/wp-json\/wp\/v2\/comments?post=102450"}],"version-history":[{"count":1,"href":"https:\/\/amanecerhuasteco.com\/portal\/wp-json\/wp\/v2\/posts\/102450\/revisions"}],"predecessor-version":[{"id":102452,"href":"https:\/\/amanecerhuasteco.com\/portal\/wp-json\/wp\/v2\/posts\/102450\/revisions\/102452"}],"wp:featuredmedia":[{"embeddable":true,"href":"https:\/\/amanecerhuasteco.com\/portal\/wp-json\/wp\/v2\/media\/102451"}],"wp:attachment":[{"href":"https:\/\/amanecerhuasteco.com\/portal\/wp-json\/wp\/v2\/media?parent=102450"}],"wp:term":[{"taxonomy":"category","embeddable":true,"href":"https:\/\/amanecerhuasteco.com\/portal\/wp-json\/wp\/v2\/categories?post=102450"},{"taxonomy":"post_tag","embeddable":true,"href":"https:\/\/amanecerhuasteco.com\/portal\/wp-json\/wp\/v2\/tags?post=102450"}],"curies":[{"name":"wp","href":"https:\/\/api.w.org\/{rel}","templated":true}]}}