{"id":102549,"date":"2025-01-16T12:30:30","date_gmt":"2025-01-16T18:30:30","guid":{"rendered":"https:\/\/amanecerhuasteco.com\/portal\/?p=102549"},"modified":"2025-01-16T12:30:31","modified_gmt":"2025-01-16T18:30:31","slug":"el-presidente-municipal-de-santa-catarina-presente-en-el-encuentro-nacional-municipal-en-la-cdmx","status":"publish","type":"post","link":"https:\/\/amanecerhuasteco.com\/portal\/el-presidente-municipal-de-santa-catarina-presente-en-el-encuentro-nacional-municipal-en-la-cdmx\/","title":{"rendered":"El Presidente Municipal de Santa Catarina presente en el Encuentro Nacional Municipal en la CDMX."},"content":{"rendered":"\n<p><\/p>\n\n\n\n<p>Santa Catarina.- El Presidente Municipal de Santa Catarina, Juan Carlos Ramos, participa en el Encuentro Nacional Municipal, organizado por el Gobierno Federal en la Ciudad de M\u00e9xico.<\/p>\n\n\n\n<p> Este importante evento es encabezado por la Presidenta de la Rep\u00fablica, la doctora Claudia Sheinbaum, y la secretaria de Gobernaci\u00f3n, Rosa Icela Rodr\u00edguez, con la presencia de alcaldes de todos los municipios del pa\u00eds, as\u00ed como mandatarios estatales, con el prop\u00f3sito de fortalecer la coordinaci\u00f3n entre las administraciones municipales y la federal.<\/p>\n\n\n\n<p>El evento tiene el objetivo de fortalecer los lazos entre los distintos niveles de gobierno para construir un pa\u00eds donde las pol\u00edticas p\u00fablicas lleguen a todos los rincones, priorizando las necesidades de las comunidades m\u00e1s vulnerables, adem\u00e1s de revisar iniciativas orientadas al desarrollo de los gobiernos locales, destacando la importancia de trabajar en unidad para impulsar pol\u00edticas p\u00fablicas alineadas con los principios de la Cuarta Transformaci\u00f3n.<\/p>\n\n\n\n<p>De esta manera, el presidente municipal refrenda su compromiso de seguir gestionando proyectos y recursos que impacten positivamente en el desarrollo de Santa Catarina, destacando que la transformaci\u00f3n de M\u00e9xico comienza desde los municipios.<\/p>\n","protected":false},"excerpt":{"rendered":"<p>Santa Catarina.- El Presidente Municipal de Santa Catarina, Juan Carlos Ramos, participa en el Encuentro Nacional Municipal, organizado por el Gobierno Federal en la Ciudad de M\u00e9xico. Este importante evento es encabezado por la Presidenta de la Rep\u00fablica, la doctora Claudia Sheinbaum, y la secretaria &hellip; <\/p>\n","protected":false},"author":1,"featured_media":102550,"comment_status":"open","ping_status":"open","sticky":false,"template":"","format":"standard","meta":{"footnotes":""},"categories":[13,14,28,15,4,10,12,59],"tags":[],"class_list":["post-102549","post","type-post","status-publish","format-standard","has-post-thumbnail","hentry","category-agropecuaria","category-caneros","category-cnc","category-ganaderos","category-inicio","category-municipios","category-nacional","category-santa-catarina"],"_links":{"self":[{"href":"https:\/\/amanecerhuasteco.com\/portal\/wp-json\/wp\/v2\/posts\/102549","targetHints":{"allow":["GET"]}}],"collection":[{"href":"https:\/\/amanecerhuasteco.com\/portal\/wp-json\/wp\/v2\/posts"}],"about":[{"href":"https:\/\/amanecerhuasteco.com\/portal\/wp-json\/wp\/v2\/types\/post"}],"author":[{"embeddable":true,"href":"https:\/\/amanecerhuasteco.com\/portal\/wp-json\/wp\/v2\/users\/1"}],"replies":[{"embeddable":true,"href":"https:\/\/amanecerhuasteco.com\/portal\/wp-json\/wp\/v2\/comments?post=102549"}],"version-history":[{"count":1,"href":"https:\/\/amanecerhuasteco.com\/portal\/wp-json\/wp\/v2\/posts\/102549\/revisions"}],"predecessor-version":[{"id":102551,"href":"https:\/\/amanecerhuasteco.com\/portal\/wp-json\/wp\/v2\/posts\/102549\/revisions\/102551"}],"wp:featuredmedia":[{"embeddable":true,"href":"https:\/\/amanecerhuasteco.com\/portal\/wp-json\/wp\/v2\/media\/102550"}],"wp:attachment":[{"href":"https:\/\/amanecerhuasteco.com\/portal\/wp-json\/wp\/v2\/media?parent=102549"}],"wp:term":[{"taxonomy":"category","embeddable":true,"href":"https:\/\/amanecerhuasteco.com\/portal\/wp-json\/wp\/v2\/categories?post=102549"},{"taxonomy":"post_tag","embeddable":true,"href":"https:\/\/amanecerhuasteco.com\/portal\/wp-json\/wp\/v2\/tags?post=102549"}],"curies":[{"name":"wp","href":"https:\/\/api.w.org\/{rel}","templated":true}]}}