{"id":102581,"date":"2025-01-17T07:46:31","date_gmt":"2025-01-17T13:46:31","guid":{"rendered":"https:\/\/amanecerhuasteco.com\/portal\/?p=102581"},"modified":"2025-01-17T07:46:32","modified_gmt":"2025-01-17T13:46:32","slug":"mauricio-andrade-merchan-participo-en-el-encuentro-nacional-de-alcaldes-de-mexico","status":"publish","type":"post","link":"https:\/\/amanecerhuasteco.com\/portal\/mauricio-andrade-merchan-participo-en-el-encuentro-nacional-de-alcaldes-de-mexico\/","title":{"rendered":"Mauricio Andrade Merchan, participo en el Encuentro Nacional de Alcaldes de M\u00e9xico"},"content":{"rendered":"\n<p><br>Tamasopo.- El Presidente Municipal de Tamasopo, en atenci\u00f3n la convocatoria hecha porla Presidenta de M\u00e9xico, Claudia Sheinbaum Pardo, participo en el Encuentro Nacional Municipal que reuni\u00f3 a gobernadores, al gabinete federal y m\u00e1s de dos mil 470 alcaldes y alcaldesas de todo M\u00e9xico.<\/p>\n\n\n\n<figure class=\"wp-block-image size-full\"><img decoding=\"async\" width=\"1057\" height=\"714\" src=\"https:\/\/amanecerhuasteco.com\/portal\/wp-content\/uploads\/2025\/01\/473671749_631524082878518_4115530353638356071_n.jpg\" alt=\"\" class=\"wp-image-102582\"\/><\/figure>\n\n\n\n<p>En voz de la Presidenta de M\u00e9xico, Doctora Claudia Sheinbaum, se destac\u00f3 el prop\u00f3sito de este encuentro con todos los gobernadores y alcaldes de M\u00e9xico, como es consolidar una agenda nacional que promueva el bienestar, la equidad y el desarrollo integral de las comunidades ind\u00edgenas.<\/p>\n\n\n\n<figure class=\"wp-block-image size-full\"><img decoding=\"async\" width=\"1100\" height=\"510\" src=\"https:\/\/amanecerhuasteco.com\/portal\/wp-content\/uploads\/2025\/01\/473995377_1162011389266144_7749560721565581864_n.jpg\" alt=\"\" class=\"wp-image-102583\"\/><\/figure>\n\n\n\n<p>Por ello se busca fortalecer la colaboraci\u00f3n entre el Gobierno Federal, los gobiernos estatales y los municipios para atender las necesidades prioritarias de la ciudadan\u00eda mediante pol\u00edticas p\u00fablicas eficaces.<\/p>\n\n\n\n<p>&#8212;<\/p>\n\n\n\n<p><\/p>\n","protected":false},"excerpt":{"rendered":"<p>Tamasopo.- El Presidente Municipal de Tamasopo, en atenci\u00f3n la convocatoria hecha porla Presidenta de M\u00e9xico, Claudia Sheinbaum Pardo, participo en el Encuentro Nacional Municipal que reuni\u00f3 a gobernadores, al gabinete federal y m\u00e1s de dos mil 470 alcaldes y alcaldesas de todo M\u00e9xico. En voz &hellip; <\/p>\n","protected":false},"author":1,"featured_media":102584,"comment_status":"open","ping_status":"open","sticky":false,"template":"","format":"standard","meta":{"footnotes":""},"categories":[13,14,28,29,15,16,4,31,21],"tags":[],"class_list":["post-102581","post","type-post","status-publish","format-standard","has-post-thumbnail","hentry","category-agropecuaria","category-caneros","category-cnc","category-cnpr","category-ganaderos","category-ingenios","category-inicio","category-sanluispotosi","category-tamasopo"],"_links":{"self":[{"href":"https:\/\/amanecerhuasteco.com\/portal\/wp-json\/wp\/v2\/posts\/102581","targetHints":{"allow":["GET"]}}],"collection":[{"href":"https:\/\/amanecerhuasteco.com\/portal\/wp-json\/wp\/v2\/posts"}],"about":[{"href":"https:\/\/amanecerhuasteco.com\/portal\/wp-json\/wp\/v2\/types\/post"}],"author":[{"embeddable":true,"href":"https:\/\/amanecerhuasteco.com\/portal\/wp-json\/wp\/v2\/users\/1"}],"replies":[{"embeddable":true,"href":"https:\/\/amanecerhuasteco.com\/portal\/wp-json\/wp\/v2\/comments?post=102581"}],"version-history":[{"count":1,"href":"https:\/\/amanecerhuasteco.com\/portal\/wp-json\/wp\/v2\/posts\/102581\/revisions"}],"predecessor-version":[{"id":102586,"href":"https:\/\/amanecerhuasteco.com\/portal\/wp-json\/wp\/v2\/posts\/102581\/revisions\/102586"}],"wp:featuredmedia":[{"embeddable":true,"href":"https:\/\/amanecerhuasteco.com\/portal\/wp-json\/wp\/v2\/media\/102584"}],"wp:attachment":[{"href":"https:\/\/amanecerhuasteco.com\/portal\/wp-json\/wp\/v2\/media?parent=102581"}],"wp:term":[{"taxonomy":"category","embeddable":true,"href":"https:\/\/amanecerhuasteco.com\/portal\/wp-json\/wp\/v2\/categories?post=102581"},{"taxonomy":"post_tag","embeddable":true,"href":"https:\/\/amanecerhuasteco.com\/portal\/wp-json\/wp\/v2\/tags?post=102581"}],"curies":[{"name":"wp","href":"https:\/\/api.w.org\/{rel}","templated":true}]}}