{"id":102640,"date":"2025-01-20T18:13:19","date_gmt":"2025-01-21T00:13:19","guid":{"rendered":"https:\/\/amanecerhuasteco.com\/portal\/?p=102640"},"modified":"2025-01-20T18:13:21","modified_gmt":"2025-01-21T00:13:21","slug":"entre-columnas-645","status":"publish","type":"post","link":"https:\/\/amanecerhuasteco.com\/portal\/entre-columnas-645\/","title":{"rendered":"ENTRE COLUMNAS"},"content":{"rendered":"\n<p>ENTRE COLUMNAS<\/p>\n\n\n\n<p>UN PESO M\u00c1S TARIFA DEL TRANSPORTE URBANO.<\/p>\n\n\n\n<ul class=\"wp-block-list\">\n<li><strong>&nbsp;Tarifa normal<\/strong>: $12.50.<\/li>\n\n\n\n<li><strong>Pago con sistema de prepago<\/strong>: $11.50.<\/li>\n\n\n\n<li><strong>Tarifa especial<\/strong>&nbsp;(para estudiantes, adultos mayores y grupos vulnerables): $5.50.<\/li>\n<\/ul>\n\n\n\n<p><strong>+.- <\/strong><strong>Transporte p\u00fablico subir\u00e1 hasta $12.50<\/strong><\/p>\n\n\n\n<p><strong>Desde&nbsp; el jueves&nbsp; pasado es oficial el aumento de un peso&nbsp; A LA TARIFA&nbsp;&nbsp; el transporte urbano en esta ciudad&nbsp; proporcionado por el monopolio Vencedor ahora&nbsp;&nbsp; sube a $12.50&nbsp;<\/strong><\/p>\n\n\n\n<p>Por su parte, el Consejo T\u00e9cnico del Transporte P\u00fablico oficializ\u00f3 el incremento en las tarifas del transporte p\u00fablico en San Luis Potos\u00ed, que quedar\u00e1n de la siguiente manera:<\/p>\n\n\n\n<ul class=\"wp-block-list\">\n<li><strong>Tarifa normal<\/strong>: $12.50.<\/li>\n\n\n\n<li><strong>Pago con sistema de prepago<\/strong>: $11.50.<\/li>\n\n\n\n<li><strong>Tarifa especial<\/strong>&nbsp;(para estudiantes, adultos mayores y grupos vulnerables): $5.50.<\/li>\n<\/ul>\n\n\n\n<p>Aun no cumplen con los compromisos de hace mas de cinco a\u00f1os&nbsp; de&nbsp; mejorar&nbsp; la calidad del servicio, el gobierno estatal explic\u00f3 que uno de los objetivos principales del aumento es fomentar la renovaci\u00f3n del parque vehicular. Para ello, se han propuesto opciones de financiamiento que permitan a los concesionarios modernizar sus unidades y ofrecer un servicio m\u00e1s seguro y eficiente&nbsp;&nbsp; Los permisionarios hab\u00edan solicitado una tarifa de hasta $13.50 pesos, esta &nbsp;fue considerada inviable por las autoridades<\/p>\n\n\n\n<h1 class=\"wp-block-heading\">++++++++++++++++<\/h1>\n\n\n\n<h1 class=\"wp-block-heading\">PR\u00c9STAMOS\u2026.<\/h1>\n\n\n\n<p><strong>de&nbsp; dinero inmediatos a pensionados<\/strong><\/p>\n\n\n\n<h2 class=\"wp-block-heading\">CFE, ISSSTE.FFCC, SCT, PEMEX,<\/h2>\n\n\n\n<h2 class=\"wp-block-heading\">ACTIVOS Y JUBILADOS&nbsp; IMSS<\/h2>\n\n\n\n<h1 class=\"wp-block-heading\">SIN AFECTAR TARJETON.<\/h1>\n\n\n\n<h2 class=\"wp-block-heading\">Ll\u00e1menos las 24 hrs del d\u00eda<\/h2>\n\n\n\n<h1 class=\"wp-block-heading\">LLAMENOS 4811039565<\/h1>\n\n\n\n<p>CREDITO INMEDIATO<\/p>\n\n\n\n<p>+++++++++++++++++++<\/p>\n\n\n\n<p>FALTA DIFUSION DE LOS ACUERDOS&nbsp; DEL CABILDO&nbsp; QUE ATA\u00d1EN AL PUEBLO DE VALLES.<\/p>\n\n\n\n<p>El Ayuntamiento de Valles&nbsp; cumple con la Ley&nbsp; org\u00e1nica y&nbsp; fiscal&nbsp; de los municipios&nbsp;&nbsp; transmitiendo por&nbsp; internet&nbsp; las sesiones&nbsp; y noticias&nbsp; sobre&nbsp; actividades&nbsp; oficiales, pero&nbsp; no todo el pueblo posee un tel\u00e9fono celular, dispone de SALDO y tiempo para&nbsp; escuchar las trasmisiones&nbsp;&nbsp; de dos horas&nbsp;&nbsp; del evento, otros no saben usar&nbsp; el aparato por consecuencia&nbsp;&nbsp; esta desinformado.<\/p>\n\n\n\n<p>&nbsp;UN&nbsp; CASO RECIENTE&nbsp;&nbsp; la&nbsp; fraudulenta concesi\u00f3n&nbsp; del ayuntamiento&nbsp; a&nbsp; la empresa&nbsp; Iberparking&nbsp; por&nbsp; un a\u00f1o mas&nbsp; para&nbsp; cobrar los&nbsp; cajones&nbsp; de&nbsp; estacionamiento&nbsp; en calles de la&nbsp; zona centro, al iniciar en octubre&nbsp; un&nbsp; nuevo trienio, la&nbsp; concesionaria&nbsp; continuo aplicando la&nbsp; arbitraria tarifa por&nbsp; estacionamiento, por lo que fueron convocados los regidores para&nbsp; revisar este&nbsp; asunto&nbsp; para revisar el contrato con la empresa Iberparking, que maneja los parqu\u00edmetros, ante&nbsp; la exigencia&nbsp;&nbsp; ciudadana porque afecta la econom\u00eda de la poblaci\u00f3n.<\/p>\n\n\n\n<p>. Ante los&nbsp; abusos&nbsp; que la&nbsp; empresa&nbsp; incurre&nbsp; en complicidad con el gobierno municipal de Valles,&nbsp; la&nbsp; ciudadan\u00eda&nbsp; lamenta&nbsp; que&nbsp; el resultado de la sesi\u00f3n del cabido para atender este caso, la poblaci\u00f3n nada&nbsp; sabe&nbsp; por&nbsp; su silencio oficial y escasa&nbsp; difusi\u00f3n.<\/p>\n\n\n\n<p>&nbsp;Los abusos est\u00e1n a&nbsp; diario, los automovilistas&nbsp; propios y extra\u00f1os&nbsp; se&nbsp; quejan&nbsp;&nbsp; del mal funcionamiento de los&nbsp; aparatos y&nbsp; el abuso del personal que&nbsp; coloca la ARA\u00d1A sin escuchar&nbsp; que han cubierto el pago&nbsp; mediante&nbsp; aplicaciones&nbsp; electr\u00f3nicas, las&nbsp; quejas&nbsp; suponen llega hasta&nbsp; el alcalde&nbsp; pero nada&nbsp; se&nbsp; hace&nbsp;&nbsp; para&nbsp; atender a la ciudadan\u00eda.<\/p>\n\n\n\n<p>Anteriormente&nbsp; aqu\u00ed informamos que el Gobierno Municipal revel\u00f3&nbsp; que el contrato fue &nbsp;por 15 a\u00f1os, han sido muchos los se\u00f1alamientos por el funcionamiento de los parqu\u00edmetros ya que se han cometido &nbsp;abusos, incluso se dijo que dentro del marco de la ley, se puede recurrir al amparo y lograr que se cancele el documento existente tal como ya ha ocurrido en otros Estados del pa\u00eds.<\/p>\n\n\n\n<p><strong>++++++++++++++<\/strong><\/p>\n\n\n\n<p><strong>CARROCERIAS&nbsp; BUSTOS<\/strong><strong><\/strong><\/p>\n\n\n\n<h2 class=\"wp-block-heading\">Reforma y Lerdo de tejada Col. Altavista.<\/h2>\n\n\n\n<h2 class=\"wp-block-heading\">Cd Valles SLP&nbsp; Tel. 3824777.<\/h2>\n\n\n\n<p><strong>En carrocer\u00edas para camiones y camionetas nadie nos compite.<\/strong><\/p>\n\n\n\n<p><strong>+++++++<\/strong><\/p>\n\n\n\n<p><strong>+++++++++++++<\/strong><\/p>\n\n\n\n<p><strong>OLVIDADO PROYECTO TURISTICO&nbsp; DE LA RIVIERA HUASTECA POTOSINA.<\/strong><\/p>\n\n\n\n<p><strong>Han transcurrido tres a\u00f1os hasta el pasado 19 de noviembre que&nbsp; se&nbsp; anunci\u00f3 por parte del Gobierno del estado y Turismo el grandioso proyecto&nbsp; de la Riviera&nbsp; Huasteca<\/strong> <strong>q<\/strong>ue&nbsp; comprender\u00eda&nbsp; los&nbsp; municipios&nbsp; de Ciudad Valles, Tamu\u00edn y Aquism\u00f3n, para ser sede del proyecto integral de la Riviera Huasteca Potosina, que detonar\u00eda el sector tur\u00edstico del estado y la regi\u00f3n.&nbsp; Para&nbsp; des fortuna de los paisanos Huastecos, no se&nbsp; volvi\u00f3 a&nbsp; abordar el tema, mucho menos&nbsp; conocer&nbsp; el&nbsp; proyecto ejecutivo.<strong><\/strong><\/p>\n\n\n\n<p>El aquel a\u00f1o 2021 lo anuncio el entonces&nbsp; alcalde&nbsp; por primera&nbsp; vez, David Armando Medina Salazar, quien detall\u00f3 que este proyecto tur\u00edstico constar\u00e1 de 300 hect\u00e1reas, donde se desarrollar\u00edan complejos hoteleros y de esparcimiento.<\/p>\n\n\n\n<p>No&nbsp; ser\u00eda&nbsp; mucho presupuesto&nbsp; al calcularse de&nbsp; arranque de solo&nbsp; 2 millones de pesos por parte del estado.<\/p>\n\n\n\n<p>Seg\u00fan &nbsp;este proyecto &nbsp;se ejecutar\u00eda&nbsp; en los pr\u00f3ximos 2 a\u00f1os, para convertir a San Luis Potos\u00ed en un polo de atracci\u00f3n del turismo nacional e internacional y con el cual se generar\u00eda un mayor n\u00famero de visitantes en la regi\u00f3n huasteca.<\/p>\n\n\n\n<p>Asegur\u00f3 que para lograrlo se requiere de la reactivaci\u00f3n econ\u00f3mica, principalmente del ramo hotelero y restaurantero, que fueron duramente golpeados por la pandemia.<\/p>\n\n\n\n<p>++++++++++++++++++++<\/p>\n\n\n\n<p><strong>QFB&nbsp; FABIOLA GARCIA ALVAREZ<\/strong><strong><\/strong><\/p>\n\n\n\n<h2 class=\"wp-block-heading\">Perito dictaminador en an\u00e1lisis bacteriol\u00f3gico de agua<\/h2>\n\n\n\n<p>Y alimentos<\/p>\n\n\n\n<h2 class=\"wp-block-heading\">con n\u00famero GES-PD 0705<\/h2>\n\n\n\n<h2 class=\"wp-block-heading\">Perito dictaminador en&nbsp; estupefacientes GES-PD0523<\/h2>\n\n\n\n<h2 class=\"wp-block-heading\">Maestr\u00eda&nbsp; en an\u00e1lisis cl\u00ednicos 1301 \u2013 368068<\/h2>\n\n\n\n<p><strong>Ced&nbsp; prof&nbsp; 8664204&nbsp;&nbsp; Tel. 38 1 66<\/strong><\/p>\n\n\n\n<p><strong>+++++++++++++<\/strong><\/p>\n\n\n\n<p><strong>LA CALLE DONDE USTED&nbsp; VIVE ESTA&nbsp; PAVIENTADA:&nbsp; pregunta recurrente&nbsp; del pueblo.<\/strong><\/p>\n\n\n\n<p><strong>De acuerdo a una publicaci\u00f3n surgida&nbsp; de &nbsp;palacio local, el municipio de &nbsp;<\/strong>Ciudad Valles tiene un aproximado de 3 mil calles (ni eso pudo precisar la fuente)&nbsp; de las cuales la&nbsp; administraci\u00f3n pasada&nbsp; hasta el 2024, habr\u00eda&nbsp; atendido tentativamente el 30%&nbsp; utilizando &nbsp;material de calidad como carpeta asf\u00e1ltica con \u201criego de liga\u201d entre las mas importante&nbsp; obra&nbsp; en la colonia \u201cFrancisco Villa\u201d&nbsp; (repavimentada, su carpeta&nbsp; asf\u00e1ltica&nbsp; se da\u00f1a por las lluvias torrenciales) <strong><\/strong><\/p>\n\n\n\n<p>La misma fuente dice que de las 82 peticiones (SEGURAMETE&nbsp; SE&nbsp; OLVIDAN DE LAS COLONIAS&nbsp; A JUZGAR POR LA CANTIDAD&nbsp; REFERIDA)&nbsp;&nbsp;&nbsp; atender el 40%, obvio, &nbsp;las de mayor demanda la zona urbana zona c\u00e9ntrica, en las colonias&nbsp; las condiciones&nbsp; siguen intransitables se&nbsp; quejan taxistas&nbsp; como justificaci\u00f3n por cobro de sus servicios.&nbsp; Lo que no dice el comunicado es&nbsp; si fueron personal y maquinaria&nbsp; de Obras p\u00fabicas y el recurso propio del municipio o de Codesol&nbsp; \u00e9ste organismo que administra presupuestos etiquetados.<strong><\/strong><\/p>\n\n\n\n<p><strong>++++++++++++<\/strong><\/p>\n\n\n\n<p><strong>NO DETECTARON IRREGULARIDADES&nbsp; ADMINISTRATIVOS$$$$$&nbsp; DE PASADA&nbsp; ADMINISTRACION MUNICIPAL.<\/strong><\/p>\n\n\n\n<p><strong>+.-&nbsp; Inadmisible&nbsp; que&nbsp; hubiera&nbsp; observaciones si es la misma administraci\u00f3n reelecta.<\/strong><\/p>\n\n\n\n<p><strong>-De todos sabido, en septiembre del 2024&nbsp; termin\u00f3 un trienio municipal y tomaron posesi\u00f3n nuevas&nbsp; figuras pol\u00edticas &nbsp;\u2013salvo Valles- &nbsp;el primer&nbsp; proceso&nbsp; previo al protocolo&nbsp; de&nbsp;&nbsp; entregar el mando a otro personaje, est\u00e1 la&nbsp;&nbsp; entrega recepci\u00f3n.<\/strong><\/p>\n\n\n\n<p><strong>Nos referimos e particular a la administraci\u00f3n Vallense, los&nbsp; comisionados para la entrega recepci\u00f3n&nbsp; \u00e9stos ultimos entregaron su trabajo al nuevo gobierno que en este caso es el mismo alcalde&nbsp; reelecto por el pueblo,&nbsp; como gobierno&nbsp; tuvo hasta el 30&nbsp; de&nbsp; enero pasado&nbsp; para anunciar&nbsp; cualquier irregularidad&nbsp; encontrada, ninguna dependencia&nbsp; encontr\u00f3&nbsp; irregularidades&nbsp;&nbsp; ya&nbsp; que ninguna&nbsp; inform\u00f3 al respecto.<\/strong><\/p>\n\n\n\n<p><strong>&nbsp;Si Valles o cualquier&nbsp;&nbsp; ayuntamiento&nbsp; nuevo encontr\u00f3&nbsp;&nbsp; algo, aplicaron la ley no escrita&nbsp; \u201cno&nbsp; jalen que descobijan\u201d &nbsp;.<\/strong><\/p>\n\n\n\n<p><strong>Los alcaldes de la nueva administraci\u00f3n tuvieron 30 d\u00edas para denunciar anomal\u00edas detectadas en procesos de entrega-recepci\u00f3n, el <\/strong><strong>\u00f3rgano interno de control notificar\u00e1 a los exfuncionarios responsables y \u00e9stos deber\u00e1n comparecer dentro de los 15 d\u00edas h\u00e1biles siguientes. Nada&nbsp; se sabe&nbsp; l respecto&nbsp; y si lo saben es top secret.&nbsp; &nbsp;<\/strong><\/p>\n\n\n\n<p><strong>&nbsp;<\/strong>El titular del Instituto de Fiscalizaci\u00f3n Superior del Estado, Rodrigo Joaqu\u00edn Lecourtois L\u00f3pez, informo que los nuevos funcionarios p\u00fablicos&nbsp; deben entregar a&nbsp; sus superiores las observaciones&nbsp; para que inicien inmediatamente los trabajos de verificar y validar f\u00edsicamente el contenido del Acta Administrativa de Entrega \u2013 Recepci\u00f3n y sus anexos, el plazo para anomal\u00edas de las autoridades que entregaron, disponen&nbsp; 30 d\u00edas h\u00e1biles contados a partir del acto protocolario del primero de octubre.<\/p>\n\n\n\n<p>De no comparecer o no informar por escrito el requerimiento en el plazo concedido y persistan las irregularidades detectadas por los servidores p\u00fablicos entrantes, deber\u00e1n hacerlas del conocimiento de la autoridad competente para proceder de acuerdo a la Ley de Responsabilidades Administrativas, y de las posibles responsabilidades de tipo penal o civil, que en su caso hubieren incurrido con motivo del desempe\u00f1o de su funci\u00f3n.<\/p>\n\n\n\n<p>En el caso&nbsp; de Valles, no se sabe&nbsp; nada, todo se maneja&nbsp; bajo la sombra.<strong><\/strong><\/p>\n\n\n\n<p><strong>++++++++++++<\/strong><\/p>\n\n\n\n<p>\u201cFINCA&nbsp; SAN ISIDRO\u201d <strong><\/strong><\/p>\n\n\n\n<h2 class=\"wp-block-heading\">Sal\u00f3n para fiestas de todo tipo.<\/h2>\n\n\n\n<h2 class=\"wp-block-heading\">Carretera Valles \u2013 R\u00edo Verde Km. 8<\/h2>\n\n\n\n<h2 class=\"wp-block-heading\">Contrataciones al Tel. 01 481<\/h2>\n\n\n\n<p><strong>++++++++++++<\/strong><\/p>\n\n\n\n<p>CASI DOS MILLONES$$$&nbsp; COLECTO VALLESTON.<\/p>\n\n\n\n<p>No super\u00f3 el &nbsp;Vallest\u00f3n 2024, los&nbsp; dos millones de pesos&nbsp; que esperaban los&nbsp; organizadores&nbsp; del evento, la cifra&nbsp; fue&nbsp; de 1 mill\u00f3n 926 mil 627 pesos, superando la meta del a\u00f1o anterior<\/p>\n\n\n\n<p>La presidenta del DIF Ena Avenda\u00f1o expres\u00f3 su profundo agradecimiento a todas las personas, empresas y colaboradores que hicieron posible este logro, destacando el compromiso de la ciudadan\u00eda y el esfuerzo y dedicaci\u00f3n del equipo del SMDIF, No se incluy\u00f3 el monto de&nbsp; la&nbsp; venta de la maquinaria &nbsp;chatarra vendida por acuerdo del cabido anterior&nbsp; que ser\u00eda&nbsp; entregado al organismo.<\/p>\n\n\n\n<p>Los fondos recaudados se aplicaran a la ampliaci\u00f3n del \u00e1rea de terapia f\u00edsica para adultos, la construcci\u00f3n de una alberca para terapias f\u00edsicas en el CRI <strong><\/strong><\/p>\n\n\n\n<p><strong>+++++++++++<\/strong><\/p>\n\n\n\n<p>\u201cCAF\u00c9 Y RESTAURANT&nbsp;<\/p>\n\n\n\n<h1 class=\"wp-block-heading\">EL FAROLITO<\/h1>\n\n\n\n<p><strong>Lo mejor de la cocina Huasteca; el tradicional zacahuil y cazueladas .Atendemos toda clase de&nbsp; festejos. Pedidos al Tel&nbsp; 3821017 Ciudad Valles SLP<\/strong><\/p>\n\n\n\n<p><strong>+++++++++++++<\/strong><\/p>\n\n\n\n<p><strong>&#8212;<\/strong><\/p>\n","protected":false},"excerpt":{"rendered":"<p>ENTRE COLUMNAS UN PESO M\u00c1S TARIFA DEL TRANSPORTE URBANO. +.- Transporte p\u00fablico subir\u00e1 hasta $12.50 Desde&nbsp; el jueves&nbsp; pasado es oficial el aumento de un peso&nbsp; A LA TARIFA&nbsp;&nbsp; el transporte urbano en esta ciudad&nbsp; proporcionado por el monopolio Vencedor ahora&nbsp;&nbsp; sube a $12.50&nbsp; Por &hellip; <\/p>\n","protected":false},"author":1,"featured_media":100530,"comment_status":"open","ping_status":"open","sticky":false,"template":"","format":"standard","meta":{"footnotes":""},"categories":[17],"tags":[],"class_list":["post-102640","post","type-post","status-publish","format-standard","has-post-thumbnail","hentry","category-colaboraciones"],"_links":{"self":[{"href":"https:\/\/amanecerhuasteco.com\/portal\/wp-json\/wp\/v2\/posts\/102640","targetHints":{"allow":["GET"]}}],"collection":[{"href":"https:\/\/amanecerhuasteco.com\/portal\/wp-json\/wp\/v2\/posts"}],"about":[{"href":"https:\/\/amanecerhuasteco.com\/portal\/wp-json\/wp\/v2\/types\/post"}],"author":[{"embeddable":true,"href":"https:\/\/amanecerhuasteco.com\/portal\/wp-json\/wp\/v2\/users\/1"}],"replies":[{"embeddable":true,"href":"https:\/\/amanecerhuasteco.com\/portal\/wp-json\/wp\/v2\/comments?post=102640"}],"version-history":[{"count":1,"href":"https:\/\/amanecerhuasteco.com\/portal\/wp-json\/wp\/v2\/posts\/102640\/revisions"}],"predecessor-version":[{"id":102641,"href":"https:\/\/amanecerhuasteco.com\/portal\/wp-json\/wp\/v2\/posts\/102640\/revisions\/102641"}],"wp:featuredmedia":[{"embeddable":true,"href":"https:\/\/amanecerhuasteco.com\/portal\/wp-json\/wp\/v2\/media\/100530"}],"wp:attachment":[{"href":"https:\/\/amanecerhuasteco.com\/portal\/wp-json\/wp\/v2\/media?parent=102640"}],"wp:term":[{"taxonomy":"category","embeddable":true,"href":"https:\/\/amanecerhuasteco.com\/portal\/wp-json\/wp\/v2\/categories?post=102640"},{"taxonomy":"post_tag","embeddable":true,"href":"https:\/\/amanecerhuasteco.com\/portal\/wp-json\/wp\/v2\/tags?post=102640"}],"curies":[{"name":"wp","href":"https:\/\/api.w.org\/{rel}","templated":true}]}}