{"id":102686,"date":"2025-01-23T09:17:08","date_gmt":"2025-01-23T15:17:08","guid":{"rendered":"https:\/\/amanecerhuasteco.com\/portal\/?p=102686"},"modified":"2025-01-23T09:17:10","modified_gmt":"2025-01-23T15:17:10","slug":"listo-operativo-del-estado-por-caravana-a-san-juan-de-los-lagos","status":"publish","type":"post","link":"https:\/\/amanecerhuasteco.com\/portal\/listo-operativo-del-estado-por-caravana-a-san-juan-de-los-lagos\/","title":{"rendered":"Listo operativo del estado por caravana a San Juan de los Lagos"},"content":{"rendered":"\n<p><\/p>\n\n\n\n<ul class=\"wp-block-list\">\n<li>Alrededor de cinco mil peregrinos salen este jueves rumbo a San Juan de los Lagos<\/li>\n<\/ul>\n\n\n\n<p>El Gobierno del Estado a trav\u00e9s de la Coordinaci\u00f3n Estatal de Protecci\u00f3n Civil (CEPC), en conjunto con la Guardia Nacional, Guardia Civil Estatal (GCE) y la Secretar\u00eda de Salud, implementar\u00e1n a partir de este jueves el operativo \u201cCaravana de la Fe\u201d, que brindar\u00e1 protecci\u00f3n y seguridad a las y los peregrinos que saldr\u00e1n rumbo a San Juan de los Lagos.<br>Mauricio Ordaz Flores, director de la dependencia, inform\u00f3 que la peregrinaci\u00f3n aproximada de cinco mil personas saldr\u00e1 a las siete de la ma\u00f1ana de la Parroquia de Morales hacia la gasolinera de Lomas y tomar\u00e1 la carretera 80; para el viernes, saldr\u00e1 de la comunidad de la Lutgarda rumbo a Villa de Arriaga y el s\u00e1bado se apoyar\u00e1 con el abanderamiento del cruce de la autopista a Ocampo, Guanajuato donde el contingente ser\u00e1 entregado a las autoridades de ese Estado.<br>Coment\u00f3 que las y los peregrinos se unir\u00e1n a los contingentes que vendr\u00e1n de los estados de Guanajuato, Quer\u00e9taro, Aguascalientes, Estado de M\u00e9xico y Jalisco.<br>Finalmente recomend\u00f3 a las personas que forman parte de la peregrinaci\u00f3n: no tirar basura en su trayecto, evitar hacer necesidades fisiol\u00f3gicas al aire libre, prescindir del manejo imprudente de pirotecnia, en caso de usar fogatas apagarlas correctamente, mantenerse abrigados debido a que continuar\u00e1n las bajas temperaturas, evitar transitar por el arroyo vehicular, tener cuidado en el manejo de alimentos y a personas adultas mayores y menores de edad, es recomendable que porten gafete con datos personales.<\/p>\n","protected":false},"excerpt":{"rendered":"<p>El Gobierno del Estado a trav\u00e9s de la Coordinaci\u00f3n Estatal de Protecci\u00f3n Civil (CEPC), en conjunto con la Guardia Nacional, Guardia Civil Estatal (GCE) y la Secretar\u00eda de Salud, implementar\u00e1n a partir de este jueves el operativo \u201cCaravana de la Fe\u201d, que brindar\u00e1 protecci\u00f3n y &hellip; <\/p>\n","protected":false},"author":1,"featured_media":102687,"comment_status":"open","ping_status":"open","sticky":false,"template":"","format":"standard","meta":{"footnotes":""},"categories":[25,82,7,78,62,4,73,44,26,12,60,30,31,59,42,53,69,20,57,43,32],"tags":[],"class_list":["post-102686","post","type-post","status-publish","format-standard","has-post-thumbnail","hentry","category-aquismon","category-axtla","category-ciudad","category-ciudad-del-maiz","category-ciudad-fernandez","category-inicio","category-lagunillas","category-matehuala","category-matlapa","category-nacional","category-rayon","category-rioverde","category-sanluispotosi","category-santa-catarina","category-soledad","category-tamazunchale","category-tampacan","category-tamuin","category-tanlajas","category-villa-de-reyes","category-xilitla"],"_links":{"self":[{"href":"https:\/\/amanecerhuasteco.com\/portal\/wp-json\/wp\/v2\/posts\/102686","targetHints":{"allow":["GET"]}}],"collection":[{"href":"https:\/\/amanecerhuasteco.com\/portal\/wp-json\/wp\/v2\/posts"}],"about":[{"href":"https:\/\/amanecerhuasteco.com\/portal\/wp-json\/wp\/v2\/types\/post"}],"author":[{"embeddable":true,"href":"https:\/\/amanecerhuasteco.com\/portal\/wp-json\/wp\/v2\/users\/1"}],"replies":[{"embeddable":true,"href":"https:\/\/amanecerhuasteco.com\/portal\/wp-json\/wp\/v2\/comments?post=102686"}],"version-history":[{"count":1,"href":"https:\/\/amanecerhuasteco.com\/portal\/wp-json\/wp\/v2\/posts\/102686\/revisions"}],"predecessor-version":[{"id":102688,"href":"https:\/\/amanecerhuasteco.com\/portal\/wp-json\/wp\/v2\/posts\/102686\/revisions\/102688"}],"wp:featuredmedia":[{"embeddable":true,"href":"https:\/\/amanecerhuasteco.com\/portal\/wp-json\/wp\/v2\/media\/102687"}],"wp:attachment":[{"href":"https:\/\/amanecerhuasteco.com\/portal\/wp-json\/wp\/v2\/media?parent=102686"}],"wp:term":[{"taxonomy":"category","embeddable":true,"href":"https:\/\/amanecerhuasteco.com\/portal\/wp-json\/wp\/v2\/categories?post=102686"},{"taxonomy":"post_tag","embeddable":true,"href":"https:\/\/amanecerhuasteco.com\/portal\/wp-json\/wp\/v2\/tags?post=102686"}],"curies":[{"name":"wp","href":"https:\/\/api.w.org\/{rel}","templated":true}]}}