{"id":102789,"date":"2025-01-26T11:09:37","date_gmt":"2025-01-26T17:09:37","guid":{"rendered":"https:\/\/amanecerhuasteco.com\/portal\/?p=102789"},"modified":"2025-01-26T11:09:39","modified_gmt":"2025-01-26T17:09:39","slug":"entre-columnas-646","status":"publish","type":"post","link":"https:\/\/amanecerhuasteco.com\/portal\/entre-columnas-646\/","title":{"rendered":"ENTRE COLUMNAS"},"content":{"rendered":"\n<p><\/p>\n\n\n\n<p><strong>AUTOPISTA&nbsp; VALLES &#8211; EBANO-TAMPICO SERA&nbsp;&nbsp; REALIDAD.<\/strong><\/p>\n\n\n\n<p><strong>-Claudia Sheinbaum informo en sus \u201cCIIEN DIAS DE Gobierno.<\/strong><strong><\/strong><\/p>\n\n\n\n<p><strong>La Presidenta de la Republica visitar\u00e1 SLP el pr\u00f3ximo mes de &nbsp;marzo, previamente durante su&nbsp; informe&nbsp; de CIEN DIAS DE GOBIERNO&nbsp; anunci\u00f3 que&nbsp; entre las obras programadas&nbsp; a iniciar este a\u00f1o, est\u00e1 la autopista Valles-Ebano-Tampico, circulo en fuentes de&nbsp; la mandataria, que tambi\u00e9n la ac<\/strong><strong>ompa\u00f1e la Huasteca potosina Rosa Isela Rodr\u00edguez, secretaria de Gobierno, una&nbsp; de las m\u00e1s <\/strong><strong>fuerte opci\u00f3n&nbsp; a&nbsp; la sucesi\u00f3n del gobierno de San Luis Potos\u00ed.<\/strong><\/p>\n\n\n\n<p><strong>El gobernador del estado&nbsp; confirm\u00f3 este viernes 24 de enero que la presidenta de M\u00e9xico, Claudia Sheinbaum Pardo, visitar\u00e1 el Altiplano Potosino el pr\u00f3ximo&nbsp; mes&nbsp; de&nbsp; marzo, espec\u00edficamente &nbsp;Matehuala. &nbsp;&nbsp;Se especula que podr\u00eda estar acompa\u00f1ada por la Huastequita &nbsp;Rosa Isela Rodr\u00edguez, secretaria de Gobierno &nbsp;generando expectativas en torno a posibles anuncios y proyectos para la regi\u00f3n, y&nbsp; desarrollo del Altiplano Potosino.<\/strong><\/p>\n\n\n\n<p><strong>+++++++++++++++<\/strong><\/p>\n\n\n\n<p><strong>PR\u00c9STAMOS\u2026.<\/strong><strong><\/strong><\/p>\n\n\n\n<p><strong>de&nbsp; dinero inmediatos a pensionados<\/strong><\/p>\n\n\n\n<h2 class=\"wp-block-heading\">CFE, ISSSTE.FFCC, SCT, PEMEX,<\/h2>\n\n\n\n<h2 class=\"wp-block-heading\">ACTIVOS Y JUBILADOS&nbsp; IMSS<\/h2>\n\n\n\n<h1 class=\"wp-block-heading\">SIN AFECTAR TARJETON.<\/h1>\n\n\n\n<h2 class=\"wp-block-heading\">Ll\u00e1menos las 24 hrs del d\u00eda<\/h2>\n\n\n\n<h1 class=\"wp-block-heading\">LLAMENOS 4811039565<\/h1>\n\n\n\n<h1 class=\"wp-block-heading\">CREDITO INMEDIATO<\/h1>\n\n\n\n<p><strong>++++++<\/strong><\/p>\n\n\n\n<p><strong>ABUSIVO&nbsp; Y&nbsp; GROSERO&nbsp;&nbsp; COBRADOR&nbsp; DE&nbsp; IBERPARKING.<\/strong><\/p>\n\n\n\n<p><strong>Las&nbsp; autoridades&nbsp; municipales&nbsp;&nbsp; o&nbsp; el cabildo&nbsp; que&nbsp; aprob\u00f3&nbsp; ampliaci\u00f3n de la concesi\u00f3n a&nbsp; la&nbsp; empresa&nbsp; Iberarki ng&nbsp; para&nbsp; explotar el uso de cajones&nbsp;&nbsp; de estacionamiento p\u00fablico en la&nbsp; zona centro,&nbsp; su explotaci\u00f3n&nbsp; no es&nbsp; rentable para el&nbsp; Ayuntamiento&nbsp; y se ha convertido en un atraco a los automovilistas, insultos&nbsp; y mal tratos&nbsp; por parte de alguno&nbsp; empleados&nbsp; abusivos, todo al amparo de las autoridades que&nbsp; no atienden las&nbsp; quejas&nbsp; del pueblo,&nbsp; se infiere&nbsp; que&nbsp; algunos funcionarios&nbsp; se&nbsp; benefician con los ingresos por la modalidad&nbsp; de&nbsp; estacionamiento de paga o colocaci\u00f3n de la ara\u00f1a.<\/strong><\/p>\n\n\n\n<p><strong>En redes&nbsp; sociales&nbsp; informan que un<\/strong><\/p>\n\n\n\n<p><strong>\u201cTrabajador de Iberparking insult\u00f3 a una persona&nbsp; que lleg\u00f3 a su veh\u00edculo justo cuando hab\u00edan pasado 2&nbsp; minutos de su l\u00edmite y ya un trabajador de Iberparking&nbsp;&nbsp; colocaba &nbsp;la ara\u00f1a.<\/strong><\/p>\n\n\n\n<p><strong>&nbsp;En ese&nbsp;&nbsp; instante&nbsp; una&nbsp; funcionaria menor&nbsp; del&nbsp; municipio fue&nbsp; testigo&nbsp; e intervino mientras el&nbsp; empleado se refiri\u00f3 a la quejosa &nbsp;y&nbsp; en&nbsp; plural como \u00abcodos y culo &nbsp;por lo que&nbsp; fue&nbsp; sancionado por su superior\u201d.<\/strong><\/p>\n\n\n\n<p><strong>&nbsp;\u00c9sta&nbsp; a&nbsp; su vez&nbsp; declar\u00f3 incluso, que despu\u00e9s de la hora de vencimiento del ticket, hay un acuerdo interno para esperar &nbsp;cinco minutos de tolerancia a los usuarios, cuesti\u00f3n que el trabajador no respet\u00f3.<\/strong><\/p>\n\n\n\n<p><strong>+++++++++++++++<\/strong><\/p>\n\n\n\n<p><strong>LAS ARA\u00d1AS INMOVILIZADORA DE&nbsp; AUTOS&nbsp; SON ILEGALES.<\/strong><\/p>\n\n\n\n<p><strong>Desde&nbsp; que&nbsp; arbitrariamente&nbsp; un gobierno municipal pasado y su cabildo&nbsp; autorizo arbitrariamente&nbsp; a la&nbsp; empresa&nbsp; Iberparking&nbsp; aplicar&nbsp; la \u201cara\u00f1a&nbsp; inmovilizadora\u201d al&nbsp; autom\u00f3vil que por descuido de&nbsp; su&nbsp; conductor no&nbsp; deposito la&nbsp; cuota&nbsp; monetaria&nbsp; suficiente para cubrir&nbsp; mas&nbsp; tiempo estacionado el veh\u00edculo&nbsp; en un caj\u00f3n con cobro de estacionometro.<\/strong><\/p>\n\n\n\n<p><strong>Los quejosos acudieron a las autoridades del estado&nbsp; y el Congreso que supuestamente&nbsp; avalaba&nbsp; estos atracos, la&nbsp; respuesta&nbsp; fue&nbsp; negativa, hasta&nbsp; que&nbsp; la&nbsp; SCJN hizo p\u00fablico para&nbsp; todo el pa\u00eds; la&nbsp;&nbsp; resoluci\u00f3n en el&nbsp; a\u00f1o 2013&nbsp; que&nbsp; establece; NO ES&nbsp; L E G A L dictamin\u00f3 la inconstitucionalidad del uso de ara\u00f1as inmovilizadores para garantizar el pago de multa por no respetar el \u00e1rea de parqu\u00edmetros o por multas de otro tipo.<\/strong><\/p>\n\n\n\n<p><strong>En Valles&nbsp; esas&nbsp; multas&nbsp; las&nbsp; cobra&nbsp; el municipio. A partir de&nbsp; este&nbsp; nuevo trienio la ara\u00f1a sigue&nbsp; aplic\u00e1ndose&nbsp; pero&nbsp; ahora es la empresa.<\/strong><\/p>\n\n\n\n<p><strong>++++++++++<\/strong><\/p>\n\n\n\n<p><strong>OPERADORES DE BUSES URBANOS&nbsp; NO&nbsp; DAN&nbsp; FERIA A&nbsp; USUARIOS<\/strong><\/p>\n\n\n\n<p><strong>Es costumbre&nbsp; de&nbsp; algunos&nbsp; operadores (hay excepciones) de autobuses de&nbsp; no dar feria&nbsp; al usuario del transporte p\u00fablico&nbsp; argumentando no \u201ctener feria\u201d situaci\u00f3n que desde&nbsp; la semana anterior ocurre&nbsp; entre miles de&nbsp; usuarios en esta ciudad&nbsp; que&nbsp; ante las protestas&nbsp; la&nbsp; SCT del estado dispuso&nbsp; que verificadores &nbsp;de&nbsp; esta&nbsp; dependencia&nbsp; abordan sorpresivamente los&nbsp; buses&nbsp; con el de&nbsp; certificar los&nbsp; abusos enunciados, todo derivado del incremento a $12.50&nbsp; por&nbsp; pasajero garantizando&nbsp; que los&nbsp; usuarios&nbsp; reciban buen trato y&nbsp; no sean&nbsp; objeto de estos&nbsp; abusos.<\/strong><\/p>\n\n\n\n<p><strong>Algunos operadores&nbsp; se\u00f1alan que&nbsp; efectivamente&nbsp; carecen de una moneda de&nbsp; 50&nbsp; centavos para dar feria, mientras la empresa&nbsp; concesionaria&nbsp; dicen que&nbsp; deben dotarlos de&nbsp; moneda&nbsp; de cambio para evitar estos&nbsp; problemas&nbsp; pero no&nbsp; atienden los reclamos de sus trabajadores&nbsp; que \u201cfinalmente pagan los platos rotos\u201d.<\/strong><\/p>\n\n\n\n<p><strong>Las quejas de usuarios&nbsp; del transporte urbano&nbsp; es que no estaban dando la feria de 50 centavos, al pagar 13 pesos cerrados.&nbsp; &nbsp;Finalmente&nbsp; parece&nbsp; que&nbsp; los &nbsp;quejosos&nbsp; mintieron porque los verificadores&nbsp; no reportaron a&nbsp; sj dependencia&nbsp;&nbsp; ning\u00fan caso. .<\/strong><\/p>\n\n\n\n<p><strong>+++++++++++++<\/strong><\/p>\n\n\n\n<p><strong>RARAS MANIFESTACIONES CONTRA LA GUARDIA CIVIL POR ABUSOS DE AUTORIDAD.<\/strong><\/p>\n\n\n\n<p><strong>LIBRE MANIFESTACI\u00d3N EN CIUDAD VALLES<\/strong><\/p>\n\n\n\n<p><strong>-LA AUTORIDAD ASEGURA QUE SON REACCI\u00d3N POR LOS OPERATIVOS CONTRA LA VENTA DE DROGA EN COLONIAS<\/strong><\/p>\n\n\n\n<p><strong>Ante las&nbsp; manifestaciones&nbsp; ciudadanas&nbsp; exigiendo a las autoridades del estado intervenir&nbsp; para&nbsp; frenar los abusos de autoridad&nbsp;&nbsp; que elementos de la Guardia Civil han cometido en Las&nbsp; \u00faltimas semanas en esta ciudad y poblados del interior de la Huasteca, no hay respuesta&nbsp; salvo declaraciones del titular de la corporaci\u00f3n en el sentido del \u201c\u2026compromiso de la instituci\u00f3n por garantizar la seguridad y la paz p\u00fablica en toda la regi\u00f3n Huasteca\u201d,<\/strong><\/p>\n\n\n\n<p><strong>&nbsp; El titular de la Secretar\u00eda Jos\u00e9 Luis Ruiz Contreras, afirm\u00f3 que la instituci\u00f3n &nbsp;es respetuosa de la libertad de expresi\u00f3n de las personas, por lo cual no hubo ni habr\u00e1 reprimendas en caso de manifestaciones ciudadanas.&nbsp; (no tiene porqu\u00e9&nbsp; haberlas&nbsp; si es un derecho ciudadano consagrado en&nbsp; la Carta Magna) Se&nbsp; refer\u00eda&nbsp; al evento del jueves&nbsp; durante la&nbsp; manifestaci\u00f3n contra un jefe policiaco del estado&nbsp; asignado a la Huasteca, hasta \u201cacompa\u00f1amiento policiaco\u201d&nbsp; dieron a los manifestantes contra los&nbsp; abusos de esa corporaci\u00f3n, por lo que&nbsp; \u201cDesde la Secretar\u00eda de Seguridad queremos hacer un llamado a la cordura, a apostarle al di\u00e1logo y darle cauce y soluci\u00f3n a sus inquietudes, de nuestra parte hay apertura, por lo que exhortamos a la civilidad\u201d.<\/strong><\/p>\n\n\n\n<p><strong>Del mismo modo, se mostr\u00f3 respetuoso del ejercicio period\u00edstico de los comunicadores de aquella regi\u00f3n y dijo que no hay instrucciones para incurrir en actos de intimidaci\u00f3n o bloqueo a sus funciones.\u201d &nbsp;<\/strong><\/p>\n\n\n\n<p><strong>++++++++++++++<\/strong><\/p>\n\n\n\n<p><strong>CARROCERIAS&nbsp; BUSTOS<\/strong><strong><\/strong><\/p>\n\n\n\n<p><strong>Reforma y Lerdo de tejada Col. Altavista.<\/strong><\/p>\n\n\n\n<p><strong>Cd Valles SLP&nbsp; Tel. 3824777.<\/strong><\/p>\n\n\n\n<p><strong>En carrocer\u00edas para camiones y camionetas nadie nos compite.<\/strong><\/p>\n\n\n\n<p><strong>+++++++<\/strong><\/p>\n\n\n\n<p><strong>CAMIONES RECOLECTORES DE BASURA&nbsp; USADOS&nbsp; 2.6 MDP.<\/strong><\/p>\n\n\n\n<p><strong>&#8211; Casi lo mismo costaron 5 motopatrullas.<\/strong><\/p>\n\n\n\n<p><strong>&#8211;&nbsp; 12.4 millones de pesos, pagados con dinero del Ramo 33<\/strong><\/p>\n\n\n\n<p><strong>Con un&nbsp; desembolso de m\u00e1s de&nbsp; 12 millones&nbsp;&nbsp; de&nbsp; pesos,&nbsp; la administraci\u00f3n municipal Verde, adquiri\u00f3 equipo para la seguridad publica servicios de recolecci\u00f3n de basura, este recurso&nbsp; proviene&nbsp; del Ramo 33&nbsp; (destinado a obras etiquetadas) y cu\u00e1nto&nbsp; aport\u00f3 el gobierno municipal.<\/strong><\/p>\n\n\n\n<p><strong>Durante la&nbsp; entrega&nbsp; de las&nbsp; unidades&nbsp; el alcalde inform\u00f3&nbsp; que fueron&nbsp; 2.6 millones en camiones recolectores de&nbsp; basura semi nuevos &nbsp;fue con recursos propios.<\/strong><\/p>\n\n\n\n<p><strong>El alcalde David Medina Salazar presidio la&nbsp; ceremonia de entrega de veh\u00edculos oficiales, entre los que se encontraban 2 camiones recolectores seminuevos (2.6 millones de pesos), ocho autopatrullas (6.3 millones de pesos), moto patrullas (1.9 millones) y camionetas para Protecci\u00f3n Civil Municipal (1.4 millones de pesos) un total de &nbsp;12.4 millones de pesos, &nbsp;pagados con dinero del Ramo 33 y de recaudaciones por&nbsp; contribuciones&nbsp; prediales y multas municipales.<\/strong><\/p>\n\n\n\n<p><strong>\u00b4\u00b4+++++++++++++<\/strong><\/p>\n\n\n\n<h1 class=\"wp-block-heading\">QFB&nbsp; FABIOLA GARCIA ALVAREZ<\/h1>\n\n\n\n<h2 class=\"wp-block-heading\">Perito dictaminador en an\u00e1lisis bacteriol\u00f3gico de agua<\/h2>\n\n\n\n<h2 class=\"wp-block-heading\">Y alimentos con n\u00famero GES-PD 0705<\/h2>\n\n\n\n<h2 class=\"wp-block-heading\">Perito dictaminador en&nbsp; estupefacientes GES-PD0523<\/h2>\n\n\n\n<h2 class=\"wp-block-heading\">Maestr\u00eda&nbsp; en an\u00e1lisis cl\u00ednicos 1301 \u2013 368068<\/h2>\n\n\n\n<p><strong>Ced&nbsp; prof&nbsp; 8664204&nbsp;&nbsp; Tel. AS&nbsp; REGLAS&nbsp; 1 66 64<\/strong><\/p>\n\n\n\n<h2 class=\"wp-block-heading\">Asesor\u00eda,&nbsp; auditor\u00eda&nbsp; y gesti\u00f3n ambiental.<\/h2>\n\n\n\n<h2 class=\"wp-block-heading\">G. Victoria No. 8&nbsp; zona centro Cd Valles<\/h2>\n\n\n\n<p><strong>++++++++++++<\/strong><\/p>\n\n\n\n<h1 class=\"wp-block-heading\">&nbsp;\u201cFINCA&nbsp; SAN ISIDRO\u201d<\/h1>\n\n\n\n<h2 class=\"wp-block-heading\">Sal\u00f3n para fiestas de todo tipo.<\/h2>\n\n\n\n<h2 class=\"wp-block-heading\">Carretera Valles \u2013 R\u00edo Verde Km. 8<\/h2>\n\n\n\n<h2 class=\"wp-block-heading\">Contrataciones al Tel. 01 481<\/h2>\n\n\n\n<p><strong>++++++++++++<\/strong><\/p>\n\n\n\n<p><strong>GALINDO&nbsp; INSISTE, \u201cNI&nbsp; VERDE, NI&nbsp; MORENA\u201d EL PAN SE&nbsp; APUNTA.<\/strong><\/p>\n\n\n\n<p><strong>El tempo es inexorable, pronto&nbsp; estaremos en los umbrales del 2027l cuando habr\u00e1&nbsp; renovaci\u00f3n demando pol\u00edtico en&nbsp; el estado potosino, hasta la&nbsp; segunda&nbsp; quincena&nbsp; del primer mes del presente a\u00f1o, los planes&nbsp; sucesorios por herencia pol\u00edtica&nbsp; estuvieron centrados&nbsp; la Senadora Ruth Gonz\u00e1lez (c\u00f3nyuge&nbsp; del gobernador) ahora qe est\u00e1&nbsp; de moda el sexenio de la mujer, la otra&nbsp; opci\u00f3n&nbsp; es la actual Secretaria de Gobernaci\u00f3n federal.<\/strong><\/p>\n\n\n\n<p><strong>Si ponemos atenci\u00f3n a las declaraciones de Enrique&nbsp; Galindo<\/strong><strong> Ceballos&nbsp; afirm\u00f3 desde la Metr\u00f3poli&nbsp; &nbsp;Huasteca Potosina: \u201cNi Verde ni Morena, yo me muero en el PRI, de una vez se los digo para que ni me pregunten\u201d&nbsp; pas\u00f3 por alto al Acci\u00f3n Nacional, ser\u00eda&nbsp; olvido&nbsp; o premeditado, el caso es que la dirigente de ese partido Ver\u00f3nica&nbsp; Rodr\u00edguez ha insistido que el alcalde capitalino es&nbsp; una opci\u00f3n para nominarlo candidato a la gubernatura.<\/strong><\/p>\n\n\n\n<p><strong>En aquella ocasi\u00f3n, 12 de&nbsp; agosto del&nbsp; 2024&nbsp; a\u00f1adi\u00f3 \u201cS\u00ed calcul\u00e9 el riesgo pol\u00edtico, pero de eso voy a hablar hasta el a\u00f1o que viene, (ahora en el 2025) no me estoy escondiendo, quiero ser el mejor alcalde de San Luis Potos\u00ed. Mi primer gran \u00e9xito es llevarme bien con el gobernador Ricardo Galllardo. \u00c9l me ayuda y me invita para hacer obras, como es el caso del Circuito Potos\u00ed y yo le apoyo tambi\u00e9n\u201d&nbsp; Galindo Ceballos dijo que s\u00ed tiene un proyecto pol\u00edtico, que tiene la edad y &nbsp;ganas, pero que depende de hacer un buen gobierno y de entregar buenos resultados a la ciudadan\u00eda&nbsp; en respuesta a la confianza&nbsp; depositada n \u00e9l.<\/strong><\/p>\n\n\n\n<p><strong>++++++<\/strong><\/p>\n\n\n\n<p><strong>SUBE&nbsp; EL NEGOCIAZO DE LOS BA\u00d1OS PUBLICOS DEL MERCADO.<\/strong><\/p>\n\n\n\n<p><strong>Por&nbsp; gobiernos&nbsp;&nbsp; municipales&nbsp; anteriores&nbsp; cuando el RIP&nbsp; decid\u00eda&nbsp; el destino&nbsp; pol\u00edtico y econ\u00f3mico de&nbsp; esta municipalidad, dispon\u00edan de una CAJA CHICA&nbsp; disponiendo de&nbsp; los&nbsp; ingresos a los ba\u00f1os p\u00fablicos de los mercados&nbsp; administrados por el ayuntamiento en turno, era&nbsp; una&nbsp; especie de CAJA CHICA&nbsp;&nbsp; los ingresos&nbsp; fueron&nbsp; manejados por separado&nbsp; en Tesorer\u00eda municipal, confesado por quienes estuvieron a cargo de los establecimientos.<\/strong><\/p>\n\n\n\n<p><strong>Actualmente se&nbsp; manejan mas&nbsp; honestamente \u2013dicen-<\/strong><\/p>\n\n\n\n<p><strong>Nos&nbsp; desviamos &nbsp;del tema, ahora se informa&nbsp; desde&nbsp; Palacio municipal que el ciudadano&nbsp; tendr\u00e1&nbsp; que desembolsar&nbsp; seis &nbsp;&nbsp;MORLACOS&nbsp; para tener acceso a un ba\u00f1o p\u00fablico de cualquiera de los mercados, se&nbsp; increment\u00f3 un 20 por ciento&nbsp; la tarifa , la anterior, &nbsp;a los&nbsp; locatarios y&nbsp; comerciantes de la Cordillera Tenek&nbsp; como que&nbsp; no aceptan ese&nbsp; incremento, por lo que manifestaron su <\/strong><strong>protesta&nbsp; se\u00f1alando que las instalaciones&nbsp; no tienen mantenimiento adecuado y limpieza.<\/strong><\/p>\n\n\n\n<p><strong>Al&nbsp; respecto Roc\u00edo Arias Palomares, directora de Mercados Municipales justific\u00f3 el aumento en base a la Ley de Ingresos 2025&nbsp; estableciendo un incremento de un peso para clientes del mercado, para quedar en seis pesos, tarifa que&nbsp; se&nbsp; aplica desde&nbsp;&nbsp; la semana anterior, sin embargo &nbsp;a los locatarios les seguir\u00e1n cobrando tres pesos. &nbsp;Ahora que no hay RIP otro reclamar\u00eda ese&nbsp; botin.<\/strong><\/p>\n\n\n\n<h1 class=\"wp-block-heading\">&nbsp;\u201cCAF\u00c9 Y RESTAURANT&nbsp;<\/h1>\n\n\n\n<h1 class=\"wp-block-heading\">EL FAROLITO<\/h1>\n\n\n\n<p><strong>Lo mejor de la cocina Huasteca; el tradicional zacahuil y cazueladas .Atendemos toda clase de&nbsp; festejos. Pedidos al Tel&nbsp; 3821017 Ciudad Valles SLP<\/strong><\/p>\n\n\n\n<p><strong>+++++++++++++<\/strong><\/p>\n\n\n\n<p><strong>D E&nbsp;&nbsp; VOLADA\u2026\u2026.<\/strong><\/p>\n\n\n\n<p><strong>TERCER DIRECTOR DE&nbsp; P.CIVIL&nbsp; O \u201cCANCIONERO PICOT\u201d&nbsp;&nbsp;&nbsp;&nbsp; (puros corridos)<\/strong><\/p>\n\n\n\n<p><strong>En cuatro meses&nbsp; de la actual administraci\u00f3n municipal de Valles&nbsp; suma tres&nbsp; directores&nbsp; de&nbsp; Protecci\u00f3n Civil, el m\u00e1s&nbsp; reciente NO SABEMOS POR CUANTO TIEMPO&nbsp; es Miguel \u00c1ngel S\u00e1nchez Hern\u00e1ndez, quien tiene&nbsp; antig\u00fcedad de d\u00e9cada, es .abogado &nbsp;ha&nbsp; ocupado cargos administrativos de varias \u00e1reas en el Gobierno municipal, asignado&nbsp;&nbsp; desde&nbsp; hace algunos a{os a Protecci\u00f3n Civil y ahora asciende a director de la corporaci\u00f3n desde el viernes 17 de enero pasado.<\/strong><\/p>\n\n\n\n<p><strong>Seg\u00fan antecedentes, en el segundo trienio de David Medina&nbsp; Salazar han pasado dos y con el nuevo son tres los&nbsp; fallidos directores;&nbsp; a saber &nbsp;Sa\u00fal Camargo, Ren\u00e9 Santos L\u00e1rraga, quien estuvo tres meses en el cargo y ahora Miguel S\u00e1nchez.<\/strong><\/p>\n\n\n\n<p><strong>Por&nbsp; cu\u00e1nto tiempo?&nbsp; Se dice&nbsp; que la GRILLA GALOPANTE en esa&nbsp; corporaci\u00f3n&nbsp; ES&nbsp; DE LA BUENA, aun mas porque falta una autoridad superior que ponga orden. Los jefes siempre ausentes.<\/strong><\/p>\n\n\n\n<p><strong>++++++++++++++<\/strong><\/p>\n\n\n\n<p><strong>\u00b7<\/strong><strong><\/strong><\/p>\n","protected":false},"excerpt":{"rendered":"<p>AUTOPISTA&nbsp; VALLES &#8211; EBANO-TAMPICO SERA&nbsp;&nbsp; REALIDAD. -Claudia Sheinbaum informo en sus \u201cCIIEN DIAS DE Gobierno. La Presidenta de la Republica visitar\u00e1 SLP el pr\u00f3ximo mes de &nbsp;marzo, previamente durante su&nbsp; informe&nbsp; de CIEN DIAS DE GOBIERNO&nbsp; anunci\u00f3 que&nbsp; entre las obras programadas&nbsp; a iniciar este &hellip; <\/p>\n","protected":false},"author":1,"featured_media":100530,"comment_status":"open","ping_status":"open","sticky":false,"template":"","format":"standard","meta":{"footnotes":""},"categories":[17],"tags":[],"class_list":["post-102789","post","type-post","status-publish","format-standard","has-post-thumbnail","hentry","category-colaboraciones"],"_links":{"self":[{"href":"https:\/\/amanecerhuasteco.com\/portal\/wp-json\/wp\/v2\/posts\/102789","targetHints":{"allow":["GET"]}}],"collection":[{"href":"https:\/\/amanecerhuasteco.com\/portal\/wp-json\/wp\/v2\/posts"}],"about":[{"href":"https:\/\/amanecerhuasteco.com\/portal\/wp-json\/wp\/v2\/types\/post"}],"author":[{"embeddable":true,"href":"https:\/\/amanecerhuasteco.com\/portal\/wp-json\/wp\/v2\/users\/1"}],"replies":[{"embeddable":true,"href":"https:\/\/amanecerhuasteco.com\/portal\/wp-json\/wp\/v2\/comments?post=102789"}],"version-history":[{"count":1,"href":"https:\/\/amanecerhuasteco.com\/portal\/wp-json\/wp\/v2\/posts\/102789\/revisions"}],"predecessor-version":[{"id":102790,"href":"https:\/\/amanecerhuasteco.com\/portal\/wp-json\/wp\/v2\/posts\/102789\/revisions\/102790"}],"wp:featuredmedia":[{"embeddable":true,"href":"https:\/\/amanecerhuasteco.com\/portal\/wp-json\/wp\/v2\/media\/100530"}],"wp:attachment":[{"href":"https:\/\/amanecerhuasteco.com\/portal\/wp-json\/wp\/v2\/media?parent=102789"}],"wp:term":[{"taxonomy":"category","embeddable":true,"href":"https:\/\/amanecerhuasteco.com\/portal\/wp-json\/wp\/v2\/categories?post=102789"},{"taxonomy":"post_tag","embeddable":true,"href":"https:\/\/amanecerhuasteco.com\/portal\/wp-json\/wp\/v2\/tags?post=102789"}],"curies":[{"name":"wp","href":"https:\/\/api.w.org\/{rel}","templated":true}]}}