{"id":102876,"date":"2025-01-31T07:52:41","date_gmt":"2025-01-31T13:52:41","guid":{"rendered":"https:\/\/amanecerhuasteco.com\/portal\/?p=102876"},"modified":"2025-01-31T07:52:42","modified_gmt":"2025-01-31T13:52:42","slug":"toma-protesta-la-nueva-coordinadora-municipal-de-derechos-humanos-en-valles","status":"publish","type":"post","link":"https:\/\/amanecerhuasteco.com\/portal\/toma-protesta-la-nueva-coordinadora-municipal-de-derechos-humanos-en-valles\/","title":{"rendered":"Toma protesta la nueva coordinadora municipal de derechos humanos en Valles"},"content":{"rendered":"\n<p><\/p>\n\n\n\n<p>Como parte de la celebraci\u00f3n de la Segunda Sesi\u00f3n Solemne de Cabildo del H. Ayuntamiento de Ciudad Valles, este d\u00eda se llev\u00f3 a cabo la toma de protesta de la Licenciada Ver\u00f3nica Estefan\u00eda Rodr\u00edguez Galv\u00e1n como nueva Coordinadora Municipal de Derechos Humanos.<\/p>\n\n\n\n<p>Durante la Sesi\u00f3n, se aprob\u00f3 por mayor\u00eda la integraci\u00f3n de la Segunda Visitadora de la Comisi\u00f3n Estatal de Derechos Humanos, Elvira Viggiano Guerra, quien tom\u00f3 un lugar en la reuni\u00f3n y dio fe del acto protocolario.<\/p>\n\n\n\n<p>La toma de protesta estuvo a cargo del Presidente Municipal, David Armando Medina Salazar, quien destac\u00f3 la importancia de este espacio como s\u00edmbolo de justicia y protecci\u00f3n para quienes m\u00e1s lo necesitan, especialmente los sectores en situaci\u00f3n de vulnerabilidad.<\/p>\n\n\n\n<p>Con esta acci\u00f3n, el Gobierno Municipal refuerza su labor en la defensa de los derechos fundamentales, garantizando que Ciudad Valles contin\u00fae siendo un municipio donde la equidad y el respeto sean principios fundamentales.<\/p>\n","protected":false},"excerpt":{"rendered":"<p>Como parte de la celebraci\u00f3n de la Segunda Sesi\u00f3n Solemne de Cabildo del H. Ayuntamiento de Ciudad Valles, este d\u00eda se llev\u00f3 a cabo la toma de protesta de la Licenciada Ver\u00f3nica Estefan\u00eda Rodr\u00edguez Galv\u00e1n como nueva Coordinadora Municipal de Derechos Humanos. Durante la Sesi\u00f3n, &hellip; <\/p>\n","protected":false},"author":1,"featured_media":102877,"comment_status":"open","ping_status":"open","sticky":false,"template":"","format":"standard","meta":{"footnotes":""},"categories":[13,14,7,15,16,4],"tags":[],"class_list":["post-102876","post","type-post","status-publish","format-standard","has-post-thumbnail","hentry","category-agropecuaria","category-caneros","category-ciudad","category-ganaderos","category-ingenios","category-inicio"],"_links":{"self":[{"href":"https:\/\/amanecerhuasteco.com\/portal\/wp-json\/wp\/v2\/posts\/102876","targetHints":{"allow":["GET"]}}],"collection":[{"href":"https:\/\/amanecerhuasteco.com\/portal\/wp-json\/wp\/v2\/posts"}],"about":[{"href":"https:\/\/amanecerhuasteco.com\/portal\/wp-json\/wp\/v2\/types\/post"}],"author":[{"embeddable":true,"href":"https:\/\/amanecerhuasteco.com\/portal\/wp-json\/wp\/v2\/users\/1"}],"replies":[{"embeddable":true,"href":"https:\/\/amanecerhuasteco.com\/portal\/wp-json\/wp\/v2\/comments?post=102876"}],"version-history":[{"count":1,"href":"https:\/\/amanecerhuasteco.com\/portal\/wp-json\/wp\/v2\/posts\/102876\/revisions"}],"predecessor-version":[{"id":102878,"href":"https:\/\/amanecerhuasteco.com\/portal\/wp-json\/wp\/v2\/posts\/102876\/revisions\/102878"}],"wp:featuredmedia":[{"embeddable":true,"href":"https:\/\/amanecerhuasteco.com\/portal\/wp-json\/wp\/v2\/media\/102877"}],"wp:attachment":[{"href":"https:\/\/amanecerhuasteco.com\/portal\/wp-json\/wp\/v2\/media?parent=102876"}],"wp:term":[{"taxonomy":"category","embeddable":true,"href":"https:\/\/amanecerhuasteco.com\/portal\/wp-json\/wp\/v2\/categories?post=102876"},{"taxonomy":"post_tag","embeddable":true,"href":"https:\/\/amanecerhuasteco.com\/portal\/wp-json\/wp\/v2\/tags?post=102876"}],"curies":[{"name":"wp","href":"https:\/\/api.w.org\/{rel}","templated":true}]}}