{"id":102896,"date":"2025-02-01T09:28:13","date_gmt":"2025-02-01T15:28:13","guid":{"rendered":"https:\/\/amanecerhuasteco.com\/portal\/?p=102896"},"modified":"2025-02-01T09:28:15","modified_gmt":"2025-02-01T15:28:15","slug":"alianza-estrategica-en-beneficio-del-sector-empresarial-concanaco-y-canacintra","status":"publish","type":"post","link":"https:\/\/amanecerhuasteco.com\/portal\/alianza-estrategica-en-beneficio-del-sector-empresarial-concanaco-y-canacintra\/","title":{"rendered":"Alianza Estrat\u00e9gica en beneficio del Sector Empresarial: CONCANACO y CANACINTRA"},"content":{"rendered":"\n<h2 class=\"wp-block-heading\"><\/h2>\n\n\n\n<ul class=\"wp-block-list\">\n<li><em>\u201cCon esta alianza presentaremos un frente robusto a trav\u00e9s de una s\u00f3lida estructura conformada por 258 C\u00e1maras, 720 delegaciones, y alrededor de 1,000 oficinas, en las 32 entidades federativas, con voz y presencia territorial, en beneficio no solo de la econom\u00eda, sino de las comunidades, los negocios e industrias locales, creando un c\u00edrculo econ\u00f3mico virtuoso.\u201d Precis\u00f3 Octavio de la Torre.<\/em><\/li>\n\n\n\n<li><em>\u201cEl compromiso es de todas y todos quienes conformamos CONCANACO SERVYTUR\u201d.&nbsp;<strong>Esperanza Ortega Azar<\/strong><strong>,&nbsp;<\/strong>presidenta de CANACINTRA.<\/em><em>&nbsp;<\/em><\/li>\n\n\n\n<li><em>La&nbsp;<strong>Alianza<\/strong>&nbsp;representa&nbsp;<\/em><em>2 millones de negocios, empresas y comercios; 43.8 millones de empleos, es decir 74% del empleo total en el pa\u00eds, y 80% del Producto Interno Bruto.<\/em><\/li>\n<\/ul>\n\n\n\n<p>En un acto hist\u00f3rico que refuerza la unidad y el compromiso con el crecimiento econ\u00f3mico de M\u00e9xico, la Confederaci\u00f3n de<strong>&nbsp;C\u00e1maras Nacionales de Comercio, Servicios y Turismo (CONCANACO SERVYTUR),<\/strong>&nbsp;presidida por&nbsp;<strong>Octavio de la Torre<\/strong>, y la&nbsp;<strong>C\u00e1mara Nacional de la Industria de Transformaci\u00f3n (CANACINTRA)<\/strong><strong>,<\/strong>&nbsp;encabezada por&nbsp;<strong>Esperanza Ortega Azar<\/strong>, acordaron conformar una alianza estrat\u00e9gica, en el marco de la sesi\u00f3n del Consejo Directivo de la Confederaci\u00f3n, dicha Alianza representa 5.2 millones de negocios, empresas y comercios; 43.8 millones de empleos, es decir 74% del empleo total en el pa\u00eds, 80% del PIB, y conforman una estructura territorial de 258 C\u00e1maras, 720 delegaciones, y alrededor de 1,000 oficinas, en las 32 entidades federativas.<\/p>\n\n\n\n<p><strong>De manera independiente, CANACINTRA representa a 30,000 mil empresas; 2.8 millones de empleos, que significan el 4.7% del empleo total en el pa\u00eds; 14% del PIB, y 76 delegaciones. Mientras que la CONCANACO SERVYTUR representa a 5,205,812 negocios y comercios; 41,066,265 empleos, que significan el 69.2% del empleo total en el pa\u00eds, el 66% del PIB, 257 C\u00e1maras, 650 delegaciones y 900 oficinas.<\/strong><\/p>\n\n\n\n<p>Con m\u00e1s de 107 a\u00f1os de historia de CONCANACO, y 83 a\u00f1os en el caso de CANACINTRA, ambos organismos empresariales representan sectores clave para el desarrollo econ\u00f3mico del pa\u00eds: el comercio, los servicios y el turismo, y la industria de transformaci\u00f3n. \u201cSomos organizaciones hist\u00f3ricas de gran trascendencia, con liderazgos renovados, responsables y comprometidos, que impulsan las mejores pr\u00e1cticas internacionales, atienden la normatividad, fomentan el combate a la corrupci\u00f3n, la honestidad y la transparencia; hoy nos regimos bajo el Acuerdo Nacional para la Integridad Empresarial y su dec\u00e1logo.\u201d Expres\u00f3 De la Torre.<\/p>\n\n\n\n<p><strong>\u201cEsta alianza estrat\u00e9gica nos permitir\u00e1 caminar juntos, fortalecer nuestra voz como lo que somos, \u00f3rganos obligados de consulta, para la implementaci\u00f3n de proyectos, promover la competitividad de las empresas mexicanas, el desarrollo de cadenas de suministro, y la promoci\u00f3n de exportaciones entre otros\u201d. Coment\u00f3 Esperanza Ortega.<\/strong><\/p>\n\n\n\n<p>Como Confederaci\u00f3n, en su momento, otorgamos el aval para la creaci\u00f3n de CANACINTRA, al igual que para la conformaci\u00f3n del IMSS, el Infonavit y Fonacot, entre otros organismos.<\/p>\n\n\n\n<p>A trav\u00e9s de esta alianza, ambas organizaciones consolidan su compromiso con la competitividad de las empresas mexicanas, la creaci\u00f3n de empleo y el fortalecimiento de la econom\u00eda nacional. \u201cSomos las organizaciones empresariales m\u00e1s importantes del pa\u00eds, por nuestra presencia en territorio, participamos en Consejos de empresas, en Juntas de Gobierno de Secretar\u00edas y Organismos Descentralizados y Desconcentrados, del gobierno federal, estatal y cabildos municipales, entre otros.\u201d Dijo De la Torre.<\/p>\n\n\n\n<p><strong>Esta alianza representa un paso importante hacia la consolidaci\u00f3n de una voz m\u00e1s fuerte y representativa para los empresarios de M\u00e9xico. La sinergia entre CONCANACO y CANACINTRA permitir\u00e1 avanzar con mayor fuerza en la promoci\u00f3n de pol\u00edticas p\u00fablicas favorables, la elaboraci\u00f3n de leyes y reglamentos que impacten directamente a las empresas, y en la creaci\u00f3n de un entorno regulatorio m\u00e1s favorable para las PYMES y la industria de la transformaci\u00f3n.<\/strong><\/p>\n\n\n\n<p>\u201cComo parte de los objetivos de la Alianza est\u00e1 el fortalecer las redes de abastecimiento y comunicaci\u00f3n de ambas organizaciones, optimizar las l\u00edneas de suministros y proveedur\u00edas para la industria, y las cadenas productivas; as\u00ed como presentar un frente s\u00f3lido y robusto a trav\u00e9s de sus estructuras en los estados, con voz y presencia territorial, en&nbsp; beneficio no solo de la econom\u00eda sino de las comunidades, los negocios e industrias locales, creando un c\u00edrculo econ\u00f3mico virtuoso.\u201d Precis\u00f3 Octavio de la Torre.<\/p>\n\n\n\n<p>\u201cEl compromiso es claro, unirnos como Sectores productivos, encontrar mejores pr\u00e1cticas, ir de la mano, trabajar en conjunto, integrar la industria y el comercio, los servicios y el turismo, en favor de la econom\u00eda. El compromiso es de todas y todos quienes conformamos CONCANACO SERVYTUR\u201d. Se\u00f1al\u00f3&nbsp;<strong>Esperanza Ortega Azar<\/strong><strong>,&nbsp;<\/strong>presidenta de CANACINTRA.<\/p>\n\n\n\n<p>Ambas instituciones coinciden en la importancia de establecer di\u00e1logos abiertos con los tres \u00f3rdenes de gobierno para influir en las pol\u00edticas p\u00fablicas y las decisiones legislativas que impactan a las empresas. Con ello, buscan generar un ecosistema empresarial eficiente, inclusivo y sostenible, alineado con las necesidades del mercado econ\u00f3mico.<\/p>\n","protected":false},"excerpt":{"rendered":"<p>En un acto hist\u00f3rico que refuerza la unidad y el compromiso con el crecimiento econ\u00f3mico de M\u00e9xico, la Confederaci\u00f3n de&nbsp;C\u00e1maras Nacionales de Comercio, Servicios y Turismo (CONCANACO SERVYTUR),&nbsp;presidida por&nbsp;Octavio de la Torre, y la&nbsp;C\u00e1mara Nacional de la Industria de Transformaci\u00f3n (CANACINTRA),&nbsp;encabezada por&nbsp;Esperanza Ortega Azar, acordaron &hellip; <\/p>\n","protected":false},"author":1,"featured_media":102897,"comment_status":"open","ping_status":"open","sticky":false,"template":"","format":"standard","meta":{"footnotes":""},"categories":[13,22,54,56,11,15,55,16,4,44,26,74,10,12,60,30,31,59,42,21,53,69,85,20,58,57,68,83,64,43,84,79,72,32],"tags":[],"class_list":["post-102896","post","type-post","status-publish","format-standard","has-post-thumbnail","hentry","category-agropecuaria","category-ebano","category-el-mundo","category-el-naranjo","category-estado","category-ganaderos","category-guadalcazar","category-ingenios","category-inicio","category-matehuala","category-matlapa","category-mexquitic","category-municipios","category-nacional","category-rayon","category-rioverde","category-sanluispotosi","category-santa-catarina","category-soledad","category-tamasopo","category-tamazunchale","category-tampacan","category-tampamolon","category-tamuin","category-tancanhuitz","category-tanlajas","category-tanquian","category-villa-de-arriaga","category-villa-de-pozos","category-villa-de-reyes","category-villa-de-reyes-2","category-villa-de-zaragoza","category-villa-hidalgo","category-xilitla"],"_links":{"self":[{"href":"https:\/\/amanecerhuasteco.com\/portal\/wp-json\/wp\/v2\/posts\/102896","targetHints":{"allow":["GET"]}}],"collection":[{"href":"https:\/\/amanecerhuasteco.com\/portal\/wp-json\/wp\/v2\/posts"}],"about":[{"href":"https:\/\/amanecerhuasteco.com\/portal\/wp-json\/wp\/v2\/types\/post"}],"author":[{"embeddable":true,"href":"https:\/\/amanecerhuasteco.com\/portal\/wp-json\/wp\/v2\/users\/1"}],"replies":[{"embeddable":true,"href":"https:\/\/amanecerhuasteco.com\/portal\/wp-json\/wp\/v2\/comments?post=102896"}],"version-history":[{"count":1,"href":"https:\/\/amanecerhuasteco.com\/portal\/wp-json\/wp\/v2\/posts\/102896\/revisions"}],"predecessor-version":[{"id":102898,"href":"https:\/\/amanecerhuasteco.com\/portal\/wp-json\/wp\/v2\/posts\/102896\/revisions\/102898"}],"wp:featuredmedia":[{"embeddable":true,"href":"https:\/\/amanecerhuasteco.com\/portal\/wp-json\/wp\/v2\/media\/102897"}],"wp:attachment":[{"href":"https:\/\/amanecerhuasteco.com\/portal\/wp-json\/wp\/v2\/media?parent=102896"}],"wp:term":[{"taxonomy":"category","embeddable":true,"href":"https:\/\/amanecerhuasteco.com\/portal\/wp-json\/wp\/v2\/categories?post=102896"},{"taxonomy":"post_tag","embeddable":true,"href":"https:\/\/amanecerhuasteco.com\/portal\/wp-json\/wp\/v2\/tags?post=102896"}],"curies":[{"name":"wp","href":"https:\/\/api.w.org\/{rel}","templated":true}]}}