{"id":103035,"date":"2025-02-07T08:13:42","date_gmt":"2025-02-07T14:13:42","guid":{"rendered":"https:\/\/amanecerhuasteco.com\/portal\/?p=103035"},"modified":"2025-02-07T08:13:45","modified_gmt":"2025-02-07T14:13:45","slug":"invita-ayuntamiento-a-las-jornadas-extraordinarias-para-la-eleccion-de-juntas-de-participacion-ciudadana","status":"publish","type":"post","link":"https:\/\/amanecerhuasteco.com\/portal\/invita-ayuntamiento-a-las-jornadas-extraordinarias-para-la-eleccion-de-juntas-de-participacion-ciudadana\/","title":{"rendered":"Invita ayuntamiento a las jornadas extraordinarias para la elecci\u00f3n de Juntas de Participaci\u00f3n Ciudadana"},"content":{"rendered":"\n<p><\/p>\n\n\n\n<p>El H. Ayuntamiento de Ciudad Valles, a trav\u00e9s de la Direcci\u00f3n de Atenci\u00f3n y Participaci\u00f3n Ciudadana, convoca a los habitantes de las demarcaciones que a\u00fan no han elegido a los integrantes de sus Juntas de Participaci\u00f3n Ciudadana, a participar en las Jornadas Extraordinarias, que se llevar\u00e1n a cabo este fin de semana.<\/p>\n\n\n\n<p>La titular de la Direcci\u00f3n, Rita Aurora Hern\u00e1ndez Segura, inform\u00f3 que las jornadas se desarrollar\u00e1n en dos fechas; el s\u00e1bado 8 de febrero, a partir de las 9 de la ma\u00f1ana, podr\u00e1n participar los vecinos del fraccionamiento Avance, Luis Donaldo Colosio, Tanzacalte, fraccionamiento Las Palmas, Valle Alto Segunda Secci\u00f3n, Las Granjas, La Victoria, SCT, Campo Colonial, Tipz\u00e9n, fraccionamiento San \u00c1ngel 2, comunidad El Choy, Sabino del Obispo Ejido Las Pitas.<\/p>\n\n\n\n<p>El domingo 9 de febrero, a partir de las 9 de la ma\u00f1ana, la jornada continuar\u00e1 para el fraccionamiento San Rafael, comunidad El Abra, Rotarios, comunidad La Raya, Las Flores, Casas Viejas, El Coy, El Verde, Ejido La Loma, Camillas, El Platanito y Casa Blanca.<\/p>\n\n\n\n<p>El Ayuntamiento hace un llamado a la ciudadan\u00eda de estas demarcaciones para que acudan y participen en este ejercicio de organizaci\u00f3n comunitaria, cuyo objetivo es fortalecer la representatividad y la gesti\u00f3n de proyectos en beneficio de cada sector.<\/p>\n","protected":false},"excerpt":{"rendered":"<p>El H. Ayuntamiento de Ciudad Valles, a trav\u00e9s de la Direcci\u00f3n de Atenci\u00f3n y Participaci\u00f3n Ciudadana, convoca a los habitantes de las demarcaciones que a\u00fan no han elegido a los integrantes de sus Juntas de Participaci\u00f3n Ciudadana, a participar en las Jornadas Extraordinarias, que se &hellip; <\/p>\n","protected":false},"author":1,"featured_media":103036,"comment_status":"open","ping_status":"open","sticky":false,"template":"","format":"standard","meta":{"footnotes":""},"categories":[13,14,28,29,7,15,16,4],"tags":[],"class_list":["post-103035","post","type-post","status-publish","format-standard","has-post-thumbnail","hentry","category-agropecuaria","category-caneros","category-cnc","category-cnpr","category-ciudad","category-ganaderos","category-ingenios","category-inicio"],"_links":{"self":[{"href":"https:\/\/amanecerhuasteco.com\/portal\/wp-json\/wp\/v2\/posts\/103035","targetHints":{"allow":["GET"]}}],"collection":[{"href":"https:\/\/amanecerhuasteco.com\/portal\/wp-json\/wp\/v2\/posts"}],"about":[{"href":"https:\/\/amanecerhuasteco.com\/portal\/wp-json\/wp\/v2\/types\/post"}],"author":[{"embeddable":true,"href":"https:\/\/amanecerhuasteco.com\/portal\/wp-json\/wp\/v2\/users\/1"}],"replies":[{"embeddable":true,"href":"https:\/\/amanecerhuasteco.com\/portal\/wp-json\/wp\/v2\/comments?post=103035"}],"version-history":[{"count":1,"href":"https:\/\/amanecerhuasteco.com\/portal\/wp-json\/wp\/v2\/posts\/103035\/revisions"}],"predecessor-version":[{"id":103037,"href":"https:\/\/amanecerhuasteco.com\/portal\/wp-json\/wp\/v2\/posts\/103035\/revisions\/103037"}],"wp:featuredmedia":[{"embeddable":true,"href":"https:\/\/amanecerhuasteco.com\/portal\/wp-json\/wp\/v2\/media\/103036"}],"wp:attachment":[{"href":"https:\/\/amanecerhuasteco.com\/portal\/wp-json\/wp\/v2\/media?parent=103035"}],"wp:term":[{"taxonomy":"category","embeddable":true,"href":"https:\/\/amanecerhuasteco.com\/portal\/wp-json\/wp\/v2\/categories?post=103035"},{"taxonomy":"post_tag","embeddable":true,"href":"https:\/\/amanecerhuasteco.com\/portal\/wp-json\/wp\/v2\/tags?post=103035"}],"curies":[{"name":"wp","href":"https:\/\/api.w.org\/{rel}","templated":true}]}}