{"id":103041,"date":"2025-02-07T08:21:08","date_gmt":"2025-02-07T14:21:08","guid":{"rendered":"https:\/\/amanecerhuasteco.com\/portal\/?p=103041"},"modified":"2025-02-07T08:21:09","modified_gmt":"2025-02-07T14:21:09","slug":"ayuntamiento-de-santa-catarina-participa-en-la-firma-del-convenio-del-programa-de-vivienda-para-el-bienestar","status":"publish","type":"post","link":"https:\/\/amanecerhuasteco.com\/portal\/ayuntamiento-de-santa-catarina-participa-en-la-firma-del-convenio-del-programa-de-vivienda-para-el-bienestar\/","title":{"rendered":"Ayuntamiento de Santa Catarina participa en la firma del convenio del programa de vivienda para el Bienestar."},"content":{"rendered":"\n<p><\/p>\n\n\n\n<p>El alcalde Juan Carlos Ramos Moreno informal que hoy asistio a un importante evento para la firma del convenio del Programa de Vivienda para el Bienestar en nuestra entidad.<\/p>\n\n\n\n<p>Tuvimos el honor de contar con la presencia del Director de la Comisi\u00f3n Nacional de Vivienda, Licenciado Rodrigo Ch\u00e1vez Contreras, as\u00ed como de autoridades locales y representantes de la comunidad, <a><\/a>reafirmando nuestro compromiso de impulsar el acceso a una vivienda digna para nuestras familias.<\/p>\n\n\n\n<p>Este convenio representa un paso fundamental en la construcci\u00f3n de un futuro m\u00e1s justo y equitativo para nuestra gente. \u00a1Seguimos trabajando por el bienestar de todos!<\/p>\n","protected":false},"excerpt":{"rendered":"<p>El alcalde Juan Carlos Ramos Moreno informal que hoy asistio a un importante evento para la firma del convenio del Programa de Vivienda para el Bienestar en nuestra entidad. Tuvimos el honor de contar con la presencia del Director de la Comisi\u00f3n Nacional de Vivienda, &hellip; <\/p>\n","protected":false},"author":1,"featured_media":103042,"comment_status":"open","ping_status":"open","sticky":false,"template":"","format":"standard","meta":{"footnotes":""},"categories":[13,14,15,4,59],"tags":[],"class_list":["post-103041","post","type-post","status-publish","format-standard","has-post-thumbnail","hentry","category-agropecuaria","category-caneros","category-ganaderos","category-inicio","category-santa-catarina"],"_links":{"self":[{"href":"https:\/\/amanecerhuasteco.com\/portal\/wp-json\/wp\/v2\/posts\/103041","targetHints":{"allow":["GET"]}}],"collection":[{"href":"https:\/\/amanecerhuasteco.com\/portal\/wp-json\/wp\/v2\/posts"}],"about":[{"href":"https:\/\/amanecerhuasteco.com\/portal\/wp-json\/wp\/v2\/types\/post"}],"author":[{"embeddable":true,"href":"https:\/\/amanecerhuasteco.com\/portal\/wp-json\/wp\/v2\/users\/1"}],"replies":[{"embeddable":true,"href":"https:\/\/amanecerhuasteco.com\/portal\/wp-json\/wp\/v2\/comments?post=103041"}],"version-history":[{"count":1,"href":"https:\/\/amanecerhuasteco.com\/portal\/wp-json\/wp\/v2\/posts\/103041\/revisions"}],"predecessor-version":[{"id":103043,"href":"https:\/\/amanecerhuasteco.com\/portal\/wp-json\/wp\/v2\/posts\/103041\/revisions\/103043"}],"wp:featuredmedia":[{"embeddable":true,"href":"https:\/\/amanecerhuasteco.com\/portal\/wp-json\/wp\/v2\/media\/103042"}],"wp:attachment":[{"href":"https:\/\/amanecerhuasteco.com\/portal\/wp-json\/wp\/v2\/media?parent=103041"}],"wp:term":[{"taxonomy":"category","embeddable":true,"href":"https:\/\/amanecerhuasteco.com\/portal\/wp-json\/wp\/v2\/categories?post=103041"},{"taxonomy":"post_tag","embeddable":true,"href":"https:\/\/amanecerhuasteco.com\/portal\/wp-json\/wp\/v2\/tags?post=103041"}],"curies":[{"name":"wp","href":"https:\/\/api.w.org\/{rel}","templated":true}]}}