{"id":103160,"date":"2025-02-12T07:25:02","date_gmt":"2025-02-12T13:25:02","guid":{"rendered":"https:\/\/amanecerhuasteco.com\/portal\/?p=103160"},"modified":"2025-02-12T07:25:03","modified_gmt":"2025-02-12T13:25:03","slug":"exitosa-primera-feria-de-la-educacion-en-santa-catarina","status":"publish","type":"post","link":"https:\/\/amanecerhuasteco.com\/portal\/exitosa-primera-feria-de-la-educacion-en-santa-catarina\/","title":{"rendered":"Exitosa Primera Feria de la Educaci\u00f3n en Santa Catarina"},"content":{"rendered":"\n<p><\/p>\n\n\n\n<p>Santa Catarina.- Este d\u00eda se llev\u00f3 a cabo, en la explanada municipal, la Primera Feria de la Educaci\u00f3n en Santa Catarina .<\/p>\n\n\n\n<p>El evento dirigido a los j\u00f3venes estudiantes del municipio, con el prop\u00f3sito de acercarlos a las mejores opciones acad\u00e9micas disponibles en la regi\u00f3n.<\/p>\n\n\n\n<p><a><\/a>Durante la feria, los alumnos asistentes tuvieron la oportunidad de conocer la oferta educativa de diversas instituciones <img decoding=\"async\" height=\"16\" width=\"16\" alt=\"\ud83d\udcd6\" src=\"https:\/\/static.xx.fbcdn.net\/images\/emoji.php\/v9\/t9e\/1\/16\/1f4d6.png\"><img decoding=\"async\" height=\"16\" width=\"16\" alt=\"\ud83c\udf92\" src=\"https:\/\/static.xx.fbcdn.net\/images\/emoji.php\/v9\/ta4\/1\/16\/1f392.png\">, entre ellas:<\/p>\n\n\n\n<p><img decoding=\"async\" height=\"16\" width=\"16\" alt=\"\u2705\" src=\"https:\/\/static.xx.fbcdn.net\/images\/emoji.php\/v9\/t33\/1\/16\/2705.png\"> Universidad Intercultural Campus C\u00e1rdenas<\/p>\n\n\n\n<p><img decoding=\"async\" height=\"16\" width=\"16\" alt=\"\u2705\" src=\"https:\/\/static.xx.fbcdn.net\/images\/emoji.php\/v9\/t33\/1\/16\/2705.png\"> Universidad Justo Sierra<\/p>\n\n\n\n<p><img decoding=\"async\" height=\"16\" width=\"16\" alt=\"\u2705\" src=\"https:\/\/static.xx.fbcdn.net\/images\/emoji.php\/v9\/t33\/1\/16\/2705.png\"> Instituto Tecnol\u00f3gico Superior de Rioverde<\/p>\n\n\n\n<p><img decoding=\"async\" height=\"16\" width=\"16\" alt=\"\u2705\" src=\"https:\/\/static.xx.fbcdn.net\/images\/emoji.php\/v9\/t33\/1\/16\/2705.png\"> Escuela Normal de la Huasteca Potosina, Extensi\u00f3n Ray\u00f3n<\/p>\n\n\n\n<p><img decoding=\"async\" height=\"16\" width=\"16\" alt=\"\u2705\" src=\"https:\/\/static.xx.fbcdn.net\/images\/emoji.php\/v9\/t33\/1\/16\/2705.png\"> Universidad para el Bienestar Benito Ju\u00e1rez Garc\u00eda<\/p>\n\n\n\n<p>En el evento, el presidente municipal, Juan Carlos Ramos Moreno , destac\u00f3 su compromiso con el impulso a la educaci\u00f3n, subrayando que el desarrollo de una comunidad depende de brindar las herramientas necesarias a las nuevas generaciones <img decoding=\"async\" height=\"16\" width=\"16\" alt=\"\ud83c\udfe1\" src=\"https:\/\/static.xx.fbcdn.net\/images\/emoji.php\/v9\/t77\/1\/16\/1f3e1.png\"><img decoding=\"async\" height=\"16\" width=\"16\" alt=\"\ud83d\udcda\" src=\"https:\/\/static.xx.fbcdn.net\/images\/emoji.php\/v9\/t49\/1\/16\/1f4da.png\">, siendo la educaci\u00f3n una de las m\u00e1s importantes.<\/p>\n\n\n\n<p>Con acciones como esta, el Ayuntamiento de Santa Catarina reafirma su compromiso con el futuro de la juventud y el progreso del municipio .<\/p>\n","protected":false},"excerpt":{"rendered":"<p>Santa Catarina.- Este d\u00eda se llev\u00f3 a cabo, en la explanada municipal, la Primera Feria de la Educaci\u00f3n en Santa Catarina . El evento dirigido a los j\u00f3venes estudiantes del municipio, con el prop\u00f3sito de acercarlos a las mejores opciones acad\u00e9micas disponibles en la regi\u00f3n. &hellip; <\/p>\n","protected":false},"author":1,"featured_media":103161,"comment_status":"open","ping_status":"open","sticky":false,"template":"","format":"standard","meta":{"footnotes":""},"categories":[13,14,15,4,10,12,31,59],"tags":[],"class_list":["post-103160","post","type-post","status-publish","format-standard","has-post-thumbnail","hentry","category-agropecuaria","category-caneros","category-ganaderos","category-inicio","category-municipios","category-nacional","category-sanluispotosi","category-santa-catarina"],"_links":{"self":[{"href":"https:\/\/amanecerhuasteco.com\/portal\/wp-json\/wp\/v2\/posts\/103160","targetHints":{"allow":["GET"]}}],"collection":[{"href":"https:\/\/amanecerhuasteco.com\/portal\/wp-json\/wp\/v2\/posts"}],"about":[{"href":"https:\/\/amanecerhuasteco.com\/portal\/wp-json\/wp\/v2\/types\/post"}],"author":[{"embeddable":true,"href":"https:\/\/amanecerhuasteco.com\/portal\/wp-json\/wp\/v2\/users\/1"}],"replies":[{"embeddable":true,"href":"https:\/\/amanecerhuasteco.com\/portal\/wp-json\/wp\/v2\/comments?post=103160"}],"version-history":[{"count":1,"href":"https:\/\/amanecerhuasteco.com\/portal\/wp-json\/wp\/v2\/posts\/103160\/revisions"}],"predecessor-version":[{"id":103162,"href":"https:\/\/amanecerhuasteco.com\/portal\/wp-json\/wp\/v2\/posts\/103160\/revisions\/103162"}],"wp:featuredmedia":[{"embeddable":true,"href":"https:\/\/amanecerhuasteco.com\/portal\/wp-json\/wp\/v2\/media\/103161"}],"wp:attachment":[{"href":"https:\/\/amanecerhuasteco.com\/portal\/wp-json\/wp\/v2\/media?parent=103160"}],"wp:term":[{"taxonomy":"category","embeddable":true,"href":"https:\/\/amanecerhuasteco.com\/portal\/wp-json\/wp\/v2\/categories?post=103160"},{"taxonomy":"post_tag","embeddable":true,"href":"https:\/\/amanecerhuasteco.com\/portal\/wp-json\/wp\/v2\/tags?post=103160"}],"curies":[{"name":"wp","href":"https:\/\/api.w.org\/{rel}","templated":true}]}}