{"id":103239,"date":"2025-02-17T07:02:13","date_gmt":"2025-02-17T13:02:13","guid":{"rendered":"https:\/\/amanecerhuasteco.com\/portal\/?p=103239"},"modified":"2025-02-17T07:02:15","modified_gmt":"2025-02-17T13:02:15","slug":"gobierno-del-estado-fomenta-la-participacion-femenina-en-la-ciencia-y-tecnologia-promoviendo-una-cultura-de-equidad-y-visibilidad-para-las-mujeres-en-todos-los-ambitos","status":"publish","type":"post","link":"https:\/\/amanecerhuasteco.com\/portal\/gobierno-del-estado-fomenta-la-participacion-femenina-en-la-ciencia-y-tecnologia-promoviendo-una-cultura-de-equidad-y-visibilidad-para-las-mujeres-en-todos-los-ambitos\/","title":{"rendered":"Gobierno del Estado, fomenta la participaci\u00f3n femenina en la ciencia y tecnolog\u00eda, promoviendo una cultura de equidad y visibilidad para las mujeres en todos los \u00e1mbitos"},"content":{"rendered":"\n<p>GOBIERNO DEL ESTADO IMPULSA VISIBILIZACI\u00d3N DE POTOSINAS DESTACADAS EN CIENCIA, CULTURA, SOCIEDAD Y GOBIERNO<br>Se realizaron seis paneles denominados \u201cD\u00eda de la Mujer en la Ciencia 2025\u201d en las cuatro regiones de SLP<\/p>\n\n\n\n<p>Con motivo del D\u00eda Internacional de la Mujer y la Ni\u00f1a en la Ciencia, el Consejo Potosino de Ciencia y Tecnolog\u00eda (Copocyt), organiz\u00f3 del 6 al 12 de febrero una serie de seis paneles denominados \u201cD\u00eda de la Mujer en la Ciencia 2025\u201d con la participaci\u00f3n de 774 estudiantes de bachillerato, as\u00ed como la presencia de mujeres destacadas del \u00e1mbito acad\u00e9mico, empresarial y gubernamental.<br>Atendiendo la encomienda del Gobernador Ricardo Gallardo Cardona de fomentar la participaci\u00f3n femenina en la ciencia y tecnolog\u00eda, promoviendo una cultura de equidad y visibilidad para las mujeres en todos los \u00e1mbitos, la titular del Copocyt, Rosalba Medina Rivera, explic\u00f3 que esta tercera edici\u00f3n del evento vio ampliada su cobertura logrando llegar a m\u00e1s j\u00f3venes en las cuatro regiones del Estado.<br>Los paneles se llevaron a cabo en diversos planteles educativos como: la Direcci\u00f3n General de Educaci\u00f3n Tecnol\u00f3gica Industrial (DGETI), CBTis 187 en Tamazunchale, Escuela Preparatoria de Matehuala de la Universidad Aut\u00f3noma de San Luis Potos\u00ed (UASLP) y Colegio de Bachilleres (Cobach), planteles 26 de San Luis Potos\u00ed, 05 de Ciudad Fern\u00e1ndez, 06 de Ciudad Valles y 10 de Moctezuma.<br>A la par, se promovi\u00f3 la participaci\u00f3n de j\u00f3venes egresadas de ADA, Programa de Fortalecimiento en STEM+ para mujeres adolescentes. Las estudiantes participaron en el evento \u201cGWB 2025: Impulsando la equidad en la ciencia y tecnolog\u00eda cu\u00e1ntica\u201d, coordinado por la Facultad de Ciencias Qu\u00edmicas de la UASLP y apoyado a trav\u00e9s del Fideicomiso de Multas Electorales que coordina el Copocyt.<br>Como parte de la continuidad de su trabajo en visibilizar a las mujeres en la ciencia, Medina Rivera destac\u00f3 que, durante febrero y marzo, el Copocyt publicar\u00e1 en sus redes sociales c\u00e1psulas sobre mujeres destacadas de San Luis Potos\u00ed en los campos cient\u00edfico, cultural, social y gubernamental basadas en la obra del Dr. Jos\u00e9 Refugio Mart\u00ednez \u201cFlash\u201d, titulada \u201cDamas del Potos\u00ed\u201d.<\/p>\n","protected":false},"excerpt":{"rendered":"<p>GOBIERNO DEL ESTADO IMPULSA VISIBILIZACI\u00d3N DE POTOSINAS DESTACADAS EN CIENCIA, CULTURA, SOCIEDAD Y GOBIERNOSe realizaron seis paneles denominados \u201cD\u00eda de la Mujer en la Ciencia 2025\u201d en las cuatro regiones de SLP Con motivo del D\u00eda Internacional de la Mujer y la Ni\u00f1a en la &hellip; <\/p>\n","protected":false},"author":1,"featured_media":103240,"comment_status":"open","ping_status":"open","sticky":false,"template":"","format":"standard","meta":{"footnotes":""},"categories":[13,82,14,86,67,7,78,62,22,56,11,55,81,4,73,44,26,74,10,12,60,71,30,70,31,80,24,59,42,21,53,69,85,20,58,57,68,43,32],"tags":[],"class_list":["post-103239","post","type-post","status-publish","format-standard","has-post-thumbnail","hentry","category-agropecuaria","category-axtla","category-caneros","category-cedral","category-charcas","category-ciudad","category-ciudad-del-maiz","category-ciudad-fernandez","category-ebano","category-el-naranjo","category-estado","category-guadalcazar","category-huehuetlan","category-inicio","category-lagunillas","category-matehuala","category-matlapa","category-mexquitic","category-municipios","category-nacional","category-rayon","category-real-de-catorce","category-rioverde","category-san-ciro","category-sanluispotosi","category-san-martin","category-san-vicente","category-santa-catarina","category-soledad","category-tamasopo","category-tamazunchale","category-tampacan","category-tampamolon","category-tamuin","category-tancanhuitz","category-tanlajas","category-tanquian","category-villa-de-reyes","category-xilitla"],"_links":{"self":[{"href":"https:\/\/amanecerhuasteco.com\/portal\/wp-json\/wp\/v2\/posts\/103239","targetHints":{"allow":["GET"]}}],"collection":[{"href":"https:\/\/amanecerhuasteco.com\/portal\/wp-json\/wp\/v2\/posts"}],"about":[{"href":"https:\/\/amanecerhuasteco.com\/portal\/wp-json\/wp\/v2\/types\/post"}],"author":[{"embeddable":true,"href":"https:\/\/amanecerhuasteco.com\/portal\/wp-json\/wp\/v2\/users\/1"}],"replies":[{"embeddable":true,"href":"https:\/\/amanecerhuasteco.com\/portal\/wp-json\/wp\/v2\/comments?post=103239"}],"version-history":[{"count":1,"href":"https:\/\/amanecerhuasteco.com\/portal\/wp-json\/wp\/v2\/posts\/103239\/revisions"}],"predecessor-version":[{"id":103241,"href":"https:\/\/amanecerhuasteco.com\/portal\/wp-json\/wp\/v2\/posts\/103239\/revisions\/103241"}],"wp:featuredmedia":[{"embeddable":true,"href":"https:\/\/amanecerhuasteco.com\/portal\/wp-json\/wp\/v2\/media\/103240"}],"wp:attachment":[{"href":"https:\/\/amanecerhuasteco.com\/portal\/wp-json\/wp\/v2\/media?parent=103239"}],"wp:term":[{"taxonomy":"category","embeddable":true,"href":"https:\/\/amanecerhuasteco.com\/portal\/wp-json\/wp\/v2\/categories?post=103239"},{"taxonomy":"post_tag","embeddable":true,"href":"https:\/\/amanecerhuasteco.com\/portal\/wp-json\/wp\/v2\/tags?post=103239"}],"curies":[{"name":"wp","href":"https:\/\/api.w.org\/{rel}","templated":true}]}}