{"id":103271,"date":"2025-02-18T08:52:00","date_gmt":"2025-02-18T14:52:00","guid":{"rendered":"https:\/\/amanecerhuasteco.com\/portal\/?p=103271"},"modified":"2025-02-18T08:52:01","modified_gmt":"2025-02-18T14:52:01","slug":"capacitacion-en-manejo-de-alimentos-para-prestadores-de-servicios-y-restauranteros-en-tamasopo","status":"publish","type":"post","link":"https:\/\/amanecerhuasteco.com\/portal\/capacitacion-en-manejo-de-alimentos-para-prestadores-de-servicios-y-restauranteros-en-tamasopo\/","title":{"rendered":"Capacitaci\u00f3n en Manejo de Alimentos para Prestadores de Servicios y Restauranteros en Tamasopo"},"content":{"rendered":"\n<p><\/p>\n\n\n\n<p><a><\/a>El Ayuntamiento Municipal de Tamasopo encabezado por el ampresidente <a href=\"https:\/\/www.facebook.com\/profile.php?id=100080627962994&amp;__cft__[0]=AZU-GrCBZC7BH4A7f4oGg60ZzUgW9rpzGXsaDpQEhi0ykmXZ9E3xhX2hk11Vo_8AVM0EjyW_nh-wlRk1xejKWrOEiCqjuzletAJSsUW023lQfp58sVxnBufjCHtdMZWDCI4SMCA3bJtHT34NgqVXq-hPapVTNYT-i5j87QlsA1FzgpSyDldhg2C2crqqCzZQ7_i3TE6JpqWou5o0eliBW9sD&amp;__tn__=-]K-R\">Mauricio Andrade<\/a> en coordinaci\u00f3n con los departamentos de Salud Municipal con la direccion de victor modesto y Turismo Municipal con Luis Fortanelli llev\u00f3 a cabo una capacitaci\u00f3n en manejo de alimentos en colaboraci\u00f3n con la Comisi\u00f3n Estatal para la Protecci\u00f3n contra Riesgos Sanitarios (COEPRIS).<\/p>\n\n\n\n<p>Esta iniciativa tiene como objetivo garantizar mejores est\u00e1ndares de higiene y seguridad en el manejo de alimentos, beneficiando tanto a prestadores de servicios como a restauranteros del municipio. Con estas acciones, se refuerza el compromiso de la administraci\u00f3n local en ofrecer un servicio de calidad a turistas y habitantes, promoviendo as\u00ed el desarrollo tur\u00edstico y econ\u00f3mico de Tamasopo.<\/p>\n\n\n\n<p>Juntos, construimos un gobierno de confianza<\/p>\n","protected":false},"excerpt":{"rendered":"<p>El Ayuntamiento Municipal de Tamasopo encabezado por el ampresidente Mauricio Andrade en coordinaci\u00f3n con los departamentos de Salud Municipal con la direccion de victor modesto y Turismo Municipal con Luis Fortanelli llev\u00f3 a cabo una capacitaci\u00f3n en manejo de alimentos en colaboraci\u00f3n con la Comisi\u00f3n &hellip; <\/p>\n","protected":false},"author":1,"featured_media":103272,"comment_status":"open","ping_status":"open","sticky":false,"template":"","format":"standard","meta":{"footnotes":""},"categories":[13,14,28,29,15,16,4],"tags":[],"class_list":["post-103271","post","type-post","status-publish","format-standard","has-post-thumbnail","hentry","category-agropecuaria","category-caneros","category-cnc","category-cnpr","category-ganaderos","category-ingenios","category-inicio"],"_links":{"self":[{"href":"https:\/\/amanecerhuasteco.com\/portal\/wp-json\/wp\/v2\/posts\/103271","targetHints":{"allow":["GET"]}}],"collection":[{"href":"https:\/\/amanecerhuasteco.com\/portal\/wp-json\/wp\/v2\/posts"}],"about":[{"href":"https:\/\/amanecerhuasteco.com\/portal\/wp-json\/wp\/v2\/types\/post"}],"author":[{"embeddable":true,"href":"https:\/\/amanecerhuasteco.com\/portal\/wp-json\/wp\/v2\/users\/1"}],"replies":[{"embeddable":true,"href":"https:\/\/amanecerhuasteco.com\/portal\/wp-json\/wp\/v2\/comments?post=103271"}],"version-history":[{"count":1,"href":"https:\/\/amanecerhuasteco.com\/portal\/wp-json\/wp\/v2\/posts\/103271\/revisions"}],"predecessor-version":[{"id":103273,"href":"https:\/\/amanecerhuasteco.com\/portal\/wp-json\/wp\/v2\/posts\/103271\/revisions\/103273"}],"wp:featuredmedia":[{"embeddable":true,"href":"https:\/\/amanecerhuasteco.com\/portal\/wp-json\/wp\/v2\/media\/103272"}],"wp:attachment":[{"href":"https:\/\/amanecerhuasteco.com\/portal\/wp-json\/wp\/v2\/media?parent=103271"}],"wp:term":[{"taxonomy":"category","embeddable":true,"href":"https:\/\/amanecerhuasteco.com\/portal\/wp-json\/wp\/v2\/categories?post=103271"},{"taxonomy":"post_tag","embeddable":true,"href":"https:\/\/amanecerhuasteco.com\/portal\/wp-json\/wp\/v2\/tags?post=103271"}],"curies":[{"name":"wp","href":"https:\/\/api.w.org\/{rel}","templated":true}]}}