{"id":103415,"date":"2025-02-24T10:12:18","date_gmt":"2025-02-24T16:12:18","guid":{"rendered":"https:\/\/amanecerhuasteco.com\/portal\/?p=103415"},"modified":"2025-02-24T10:12:21","modified_gmt":"2025-02-24T16:12:21","slug":"entre-columnas-650","status":"publish","type":"post","link":"https:\/\/amanecerhuasteco.com\/portal\/entre-columnas-650\/","title":{"rendered":"ENTRE COLUMNAS"},"content":{"rendered":"\n<h1 class=\"wp-block-heading\">&nbsp;<\/h1>\n\n\n\n<p><strong>EX JEFE POLICIACO&nbsp; DE TERAN JUAREZ, ACUSADO DE HOMICIDIO, POR FIN FUE CATURADO.<\/strong><\/p>\n\n\n\n<p><strong>&nbsp; Fue muy \u201csonado\u201d&nbsp; el caso por&nbsp; personajes&nbsp; involucrados.<\/strong><\/p>\n\n\n\n<p><strong>Por doble homicidio&nbsp; el ex director&nbsp; de&nbsp; la polic\u00eda municipal de Valles&nbsp; en la administraci\u00f3n de Jorge Ter\u00e1n, fu\u00e9&nbsp; aprehendido la pasada&nbsp; semana&nbsp;&nbsp; en Matamoros Tamps.. cuando desempe\u00f1aba el cargo de director&nbsp; de la corporaci\u00f3n&nbsp; envi\u00f3 y orden\u00f3 a&nbsp; sus elementos&nbsp; acudir a&nbsp; un&nbsp; domicilio de la Colona Cuauht\u00e9moc, donde la&nbsp; vecina&nbsp; report\u00f3 presencia de&nbsp; j\u00f3venes&nbsp; que&nbsp; rebababan en su estudio, fueron detenidos y conducidos a&nbsp; la comandancia donde el ahora detenido orden\u00f3&nbsp; golpearlos hasta causar lesiones internas graves a uno de los presuntos ladrones&nbsp; que muri\u00f3 a&nbsp; consecuencia&nbsp; del m\u00e9todo&nbsp; de investigaci\u00f3n..Los hechos ocurrieron en abril del a\u00f1o 2017.<\/strong><\/p>\n\n\n\n<p><strong>La&nbsp; detenci\u00f3n fue de&nbsp; ejecutada por agentes de la Fiscal\u00eda General del Estado de <\/strong><a href=\"https:\/\/www.facebook.com\/hashtag\/slp?__eep__=6&amp;__cft__%5b0%5d=AZXevtQuwPogZ0XamL-FZR8isi0kSlUcR1NGiGOdPrQ97R_wtJ2NeJIco4TQUh0BSsCL1wsSs3Jk5vLaEo2wOGoV3H6zebxT_-VzRSvcb8ZXhmli0D8Oi2plzalbjVZyeCfGbhvpusu2JQ1quv50WQ32cXb6xtZ5RcD-tNMAdWMgtYoaGe-0pZ9nxE8ThUSgkaGEaOknPRQNJ5dDVOCbQ844&amp;__tn__=*NK-R\"><strong>#SLP<\/strong><\/a><strong> (FGESLP) tras ubicar al pr\u00f3fugo ex director policiaco Iv\u00e1n Ernesto \u201cN\u201d, en acato a &nbsp;una orden de aprehensi\u00f3n por los delitos de homicidio calificado y tortura, &nbsp;cuyos hechos&nbsp; fueron muy comentados&nbsp; por la comunidad porque sali\u00f3 a la luz p\u00fablica&nbsp; que el&nbsp; jefe policiaco hab\u00eda estado en la misma casa&nbsp;&nbsp;&nbsp; durante los hechos.<\/strong><\/p>\n\n\n\n<p><strong>Este&nbsp; caso fue&nbsp; \u201cmuy sonado\u201d&nbsp; porque&nbsp; la&nbsp; persona afectada&nbsp; era&nbsp; colaboradora cecana del alcalde&nbsp; Jorge Ter\u00e1n y surgi\u00f3 la versi\u00f3n en la misma&nbsp; corporaci\u00f3n&nbsp; que&nbsp; en&nbsp; el lugar de los hechos&nbsp;&nbsp; posiblemente&nbsp; estuvo el ahora&nbsp; capturado por homicidio, incluso lleg\u00f3 hasta la capital dl estado&nbsp; para desmentir&nbsp; las versiones&nbsp; iniciales. El ex director&nbsp; Ivaan Ernesto&nbsp; ahora a prisi\u00f3n&nbsp;&nbsp; para&nbsp; purgaar la condena&nbsp; que emuta el juez.<\/strong><\/p>\n\n\n\n<p><strong>+++++++++++++++<\/strong><strong><\/strong><\/p>\n\n\n\n<p><strong>P r e&nbsp; s t a m o s<\/strong><\/p>\n\n\n\n<p><strong>de&nbsp; dinero inmediatos a pensionados<\/strong><\/p>\n\n\n\n<h2 class=\"wp-block-heading\">CFE, ISSSTE.FFCC, SCT, PEMEX,<\/h2>\n\n\n\n<h2 class=\"wp-block-heading\">ACTIVOS Y JUBILADOS&nbsp; IMSS<\/h2>\n\n\n\n<h1 class=\"wp-block-heading\">SIN AFECTAR TARJETON.<\/h1>\n\n\n\n<h2 class=\"wp-block-heading\">Ll\u00e1menos las 24 hrs del d\u00eda<\/h2>\n\n\n\n<h1 class=\"wp-block-heading\">LLAMENOS 4811039565<\/h1>\n\n\n\n<h1 class=\"wp-block-heading\">CREDITO INMEDIATO<\/h1>\n\n\n\n<p><strong>}++++++++++++<\/strong><\/p>\n\n\n\n<p><strong>NECESARIO&nbsp;&nbsp; <\/strong><strong>REESTRUCTURAR&nbsp; MANDOS&nbsp;&nbsp; DE LA&nbsp; GUARDIA CIVIL ESTATAL.<\/strong><strong><\/strong><\/p>\n\n\n\n<p><strong>Habr\u00e1 cambios en la Guardia Civil Estatal<\/strong><\/p>\n\n\n\n<p><strong>Sigue la migraci\u00f3n&nbsp; de&nbsp; funcionarios&nbsp; del&nbsp; actual sexenio estatal&nbsp; en busca de nuevos horizontes, toca el turno al secretario de Seguridad, Jos\u00e9 Luis Ruiz Contreras, quien es&nbsp; aspirante a magistrado del Tribunal de Justicia del Estado, ante&nbsp; esta&nbsp; situaci\u00f3n el gobernador inform\u00f3 que habr\u00e1 cambios en la dependencia.<\/strong><\/p>\n\n\n\n<p><strong>Con&nbsp; la&nbsp; renuncia &nbsp;del actual secretario de Seguridad, Jos\u00e9 Luis Ruiz Contreras, quien buscar\u00e1 un&nbsp; puesto en el Poder Judicial del estado.<\/strong><\/p>\n\n\n\n<p><strong>El mandatario estatal adelant\u00f3 que en los pr\u00f3ximos d\u00edas se realizar\u00e1n enroques al interior de la corporaci\u00f3n la salida de Ruiz Contreras es una decisi\u00f3n personal, en Junio pr\u00f3ximo tendr\u00e1n lugar las&nbsp; elecciones&nbsp; de nuevos \u201cjusticieros\u201d Gallardo Cardona reiter\u00f3 su compromiso con la seguridad a la&nbsp; comunidad potosina, se&nbsp; comprometi\u00f3 a&nbsp; mantener la seguridad y paz&nbsp; social pese&nbsp; a los cambios en la Guardia Civil Estatal son parte de la estrategia para reforzar la operatividad en la entidad.<\/strong><\/p>\n\n\n\n<p><strong>++++++++++++<\/strong><strong><\/strong><\/p>\n\n\n\n<h1 class=\"wp-block-heading\">CARROCERIAS&nbsp; BUSTOS<\/h1>\n\n\n\n<h2 class=\"wp-block-heading\">Reforma y Lerdo de tejada Col. Altavista.<\/h2>\n\n\n\n<h2 class=\"wp-block-heading\">Cd Valles SLP&nbsp; Tel. 3824777.<\/h2>\n\n\n\n<p><strong>En carrocer\u00edas para camiones y camionetas nadie nos compite.<\/strong><\/p>\n\n\n\n<p><strong>+++++++<\/strong><\/p>\n\n\n\n<p><strong>40 DIAS&nbsp; PARA&nbsp; ORGANIZAR&nbsp; L&nbsp; FERIA&nbsp; ANUAL DE VALLES.<\/strong><\/p>\n\n\n\n<p><strong>Ahora&nbsp; s<\/strong><strong>e&nbsp; comprende&nbsp; el &nbsp;porqu\u00e9 de las&nbsp;&nbsp; ferias&nbsp;&nbsp; anuales d Valles&nbsp; que fueron &nbsp;orgullo potosino inclusive para la capital, al llegar&nbsp; a superar alg\u00fan tiempo a la FENAPO, el evento era&nbsp; organizado por&nbsp; un patronato&nbsp; presidido por un destacado&nbsp; empresario ganadero o agricultor, los&nbsp; tres&nbsp; grandes sectores&nbsp; producticos&nbsp; inclusive&nbsp; la&nbsp; industrial&nbsp; que&nbsp;&nbsp; por los a\u00f1os 70s&nbsp; tuvieron un existo que hicieron historia de&nbsp; Ciudad Valles,&nbsp;&nbsp; los&nbsp; costos&nbsp; se recuperaban y quedaban&nbsp; recursos para&nbsp; obras&nbsp; a la comunidad,&nbsp; ahora es&nbsp; al rev\u00e9s y la&nbsp; fiesta&nbsp; que tambi\u00e9n fue un escaparate cultural, convertido en una cantinota.<\/strong><\/p>\n\n\n\n<p><strong>En d\u00edas&nbsp; recientes, apareci\u00f3 una&nbsp; nota&nbsp; perdida&nbsp; en&nbsp; el \u201cface\u201d&nbsp; donde&nbsp; publicaron&nbsp; \u201cConfirman fecha de <u>Fenahuap <\/u>en <\/strong><strong>Cd. Valles&nbsp; del<\/strong><strong> 10 al 20 de abril se realizar\u00e1 la Feria Nacional de la Huasteca Potosina en Ciudad Valles\u2026..&nbsp; No existe&nbsp; un patronato o&nbsp; comit\u00e9&nbsp; organizador&nbsp; donde&nbsp; participen todos los sectores&nbsp; productivos de&nbsp; la ciudad y regi\u00f3n (SE&nbsp; SUPONE QUE ES REGIONAL O NACIONAL)&nbsp; en cambio existe en n\u00f3mina&nbsp; el pago a un director&nbsp; de la feria&nbsp; con personal de oficinas, es&nbsp; una&nbsp; dependencia m\u00e1s&nbsp; con cargo al erario municipal&nbsp; y siempre&nbsp; opera&nbsp; con p\u00e9rdidas, aunque&nbsp; hacen aparecer algunos miles de ganancias&nbsp; en el papel.<\/strong><\/p>\n\n\n\n<p><strong>++++++++++++++++++++++++++<\/strong><\/p>\n\n\n\n<p><strong>ROSA&nbsp; ICELA&nbsp; SE&nbsp; DESLINDA&nbsp; DEL 27&nbsp; POR&nbsp;&nbsp; AHORA.<\/strong><\/p>\n\n\n\n<p><strong>&#8211;&nbsp; Galindo&nbsp; quedar\u00eda&nbsp; de&nbsp; puntero&nbsp; ante la decisi\u00f3n de la alta nomenclatura de&nbsp; reformas a la Ley Electoral.<\/strong><\/p>\n\n\n\n<p><strong>Por&nbsp; el momento no&nbsp; tiene&nbsp; confirmada&nbsp; su participaci\u00f3n en la&nbsp; sucesi\u00f3n gubernamental del estado potosino la actual Secretaria de Gobernaci\u00f3n Rosa&nbsp; Icela Rodr\u00edguez&nbsp; Vel\u00e1zquez,&nbsp; ahora&nbsp; est\u00e1 dedicada a atender los&nbsp; asuntos&nbsp; encomendados como titular de la Secretar\u00eda de Gobernaci\u00f3n.<\/strong><\/p>\n\n\n\n<p><strong>El analista pol\u00edtico Sim\u00f3n Hern\u00e1ndez D\u00edaz&nbsp;&nbsp; en reciente&nbsp; publicaci\u00f3n&nbsp; informa;&nbsp; \u201c<\/strong><strong>POR EL MOMENTO NO ESTA EN MIS PLANES GOBERNAR SAN LUIS POTOSI\u201d: RIRV .-<\/strong><strong><\/strong><\/p>\n\n\n\n<p><strong>\u201c ACTUALMENTE ESTOY AL CIEN POR CIENTO ENFOCADA A SACAR LA CHAMBA EN EL GOBIERNO MEXICANO AL LADO DE LA PRESIDENTA DE LA REPUBLICA ,CLAUDIA SHEINBAUM PARDO\u201d<\/strong><\/p>\n\n\n\n<p><strong>&#8211;&nbsp; \u201cAGRADEZCO A TODAS AQUELLAS PERSONAS Y LIDERES DE OPINION QUE MANEJAN MI NOMBRE PARA SER GOBERNADORA DE SAN LUIS,PERO REPITO POR EL MOMENTO NO ESTA EN MIS PLANES ESE PROYECTO POLITICO\u201d<\/strong><\/p>\n\n\n\n<p><strong>*** COLABORADORES CERCANOS A LA TITULAR DE LA SEGOB ROSA ICELA VELAZQUEZ SALIERON A DESMENTIR LO QUE ALGUNOS MEDIOS DE COMUNICACION Y PAGINAS ELECTRONICAS PREGONAN QUE EL FUTURO DE SAN LUIS POTOSI ESTA EN LA PERSONA DE LA HUASTECA ROSA ICELA RODRIGUEZ VELAZQUEZ ***<\/strong><\/p>\n\n\n\n<p><strong>El alcalde capitalino Enrique Galindo Ceballos se posicionan, con un perfil de &nbsp;mayor preferencia electoral para contender por la gubernatura de San Luis Potos\u00ed, si tomamos como referente el reciente informe de la casa encuestadora Massive Caller, sin embargo, cabe&nbsp; se\u00f1alar &nbsp;que el proceso democr\u00e1tico &nbsp;ser\u00e1 hasta el 2027 y&nbsp; nuestro&nbsp; personaje&nbsp; es&nbsp; hu\u00e9rfano POLITICO tras su expulsi\u00f3n del RIP.<\/strong><\/p>\n\n\n\n<p><strong>Enrique Galindo, aparece como como eventual candidato, con el 63.6 por ciento de preferencia electoral.<\/strong><\/p>\n\n\n\n<p><strong>+++++++++++++<\/strong><\/p>\n\n\n\n<p><strong>QFB&nbsp; FABIOLA GARCIA ALVAREZ<\/strong><strong><\/strong><\/p>\n\n\n\n<h2 class=\"wp-block-heading\">Perito dictaminador en an\u00e1lisis bacteriol\u00f3gico de agua<\/h2>\n\n\n\n<h2 class=\"wp-block-heading\">Y alimentos con n\u00famero GES-PD 0705<\/h2>\n\n\n\n<h2 class=\"wp-block-heading\">Perito dictaminador en&nbsp; estupefacientes GES-PD0523<\/h2>\n\n\n\n<h2 class=\"wp-block-heading\">Maestr\u00eda&nbsp; en an\u00e1lisis cl\u00ednicos 1301 \u2013 368068<\/h2>\n\n\n\n<p><strong>Ced&nbsp; prof&nbsp; 8664204&nbsp;&nbsp; Tel. 38 1 66 64<\/strong><\/p>\n\n\n\n<h2 class=\"wp-block-heading\">Asesor\u00eda,&nbsp; auditor\u00eda&nbsp; y gesti\u00f3n ambiental.<\/h2>\n\n\n\n<h2 class=\"wp-block-heading\">G. Victoria No. 8&nbsp; zona centro Cd Valles<\/h2>\n\n\n\n<p><strong>++++++++++++<\/strong><\/p>\n\n\n\n<p><strong>CAPITALINOS PRESUMEN QUE SLP ES&nbsp; REFERENTE DE LA CULTURA&nbsp; MUNDIAL.<\/strong><\/p>\n\n\n\n<p><strong>+.- Mientras \u201cla choza Tenek\u201d de&nbsp; Valles en ruinas por incendio hace 3 a\u00f1os y medio.<\/strong><\/p>\n\n\n\n<p><strong>Para&nbsp; que&nbsp; propios y extra\u00f1os&nbsp; conozcan la vivienda&nbsp; de&nbsp; una&nbsp; familia Tenek, cuya cultura&nbsp; es&nbsp; el atractivo de la Casa&nbsp; de&nbsp; la Cultura Huasteca&nbsp; en Ciudad Valles, tambi\u00e9n se&nbsp; construy\u00f3 una&nbsp; Casa&nbsp; Tenek&nbsp; que&nbsp; se&nbsp; o lo incendiaron&nbsp; hace tres a\u00f1os y medio, desde&nbsp; entonces&nbsp; las&nbsp; autoridades no han emitido el resultado de&nbsp; sus&nbsp; investigaciones, mientras &nbsp;las ruinas de la construcci\u00f3n yacen bajo el monte crecido y olvidado por los directivos&nbsp; del centro cultural.<\/strong><\/p>\n\n\n\n<p><strong>Le\u00edmos&nbsp; en una publicaci\u00f3n capitalina sobre un incendio que&nbsp; acab\u00f3 con la \u201cCasa Tenek\u201d que las autoridades&nbsp; del Centro Cultural de la Huasteca construyo&nbsp; como parte de los atractivos originales&nbsp; que se exhiben en ej&nbsp; museo anexo&nbsp; de la cultura Huasteca,&nbsp; suceso&nbsp; ocurrido hace tres a\u00f1os y medio, a la fecha&nbsp; lo que fuera&nbsp; una imitaci\u00f3n de la vivienda nativa est\u00e1 en ruinas: &nbsp;la raz\u00f3n es el burocratismo y abandono por parte de&nbsp; directivos del lugar y las autoridades&nbsp; ministeriales.<\/strong><\/p>\n\n\n\n<p><strong>Seg\u00fan la&nbsp; informaci\u00f3n rese\u00f1ada,&nbsp; el pasado &nbsp;<\/strong><strong>&nbsp;julio del 2023, la casa muestra, construida a un costado del museo Tamuatz\u00e1n, fue consumida por un incendio; a un a\u00f1o y siete meses, la Fiscal\u00eda apenas realiz\u00f3 el peritaje <\/strong><strong>El director del Centro Cultural de la Huasteca Potosina, Juan Luis Almaz\u00e1n, justific\u00f3 la irresponsabilidad u omisi\u00f3n de&nbsp; la Fiscal\u00eda General del Estado reci\u00e9n concluy\u00f3 el peritaje del siniestro natural o provocado.<\/strong><\/p>\n\n\n\n<p><strong>Ahora&nbsp; resulta&nbsp; que&nbsp; la Vivienda&nbsp; Tenek&nbsp; ser\u00eda&nbsp; demolida&nbsp; para en su lugar construir un foro al aire libre destinado a actividades culturales,&nbsp; &nbsp;&nbsp;&nbsp;VEREMOS Y COMENTAREMOS.<\/strong><\/p>\n\n\n\n<p><strong>+++++++++++++++++++++++<\/strong><\/p>\n\n\n\n<p><strong>MUNICIPIO RECORTA PERSONAL, PERO NO PREOCUPEIS\u2026..HABRA FERIA<\/strong><\/p>\n\n\n\n<p><strong>PUEBLERINA<\/strong><strong><\/strong><\/p>\n\n\n\n<p><strong>Contrario a lo que&nbsp; el pasado a\u00f1o&nbsp; fuentes&nbsp; del Estado&nbsp; difund\u00edan que en el a\u00f1o fiscal 2025&nbsp; los&nbsp; municipios&nbsp; recibir\u00edan un incremento considerable en sus participaciones mensuales,&nbsp; el alcalde de Valles&nbsp;&nbsp; anuncia&nbsp; la&nbsp; baja de&nbsp; cuando menos&nbsp; una treintena de trabajadores, ser\u00e1n dados de baja&nbsp; debido al <\/strong><strong>recorte presupuestal anunciado desde&nbsp; la&nbsp; c\u00fapula gubernamental.<\/strong><\/p>\n\n\n\n<p><strong>En&nbsp; el caso particular de nuestra&nbsp; Metr\u00f3poli, debido al recorte presupuestal, todos los departamentos est\u00e1n en proceso de&nbsp; evaluaci\u00f3n para la reducci\u00f3n de personal. &nbsp;Analizando el desempe\u00f1o&nbsp; laboral de algunos empleados municipales, en su&nbsp; mayor\u00eda&nbsp; de contrato temporal ya&nbsp; que los sindicalizados son inamovibles&nbsp; al igual&nbsp; los funcionarios. Se&nbsp; pretende&nbsp; un ahorro mensual de&nbsp; 300 mil pesos seg\u00fan trascendi\u00f3. ante las limitaciones presupuestales, ser\u00e1 necesario ajustar los gastos operativos del Ayuntamiento para garantizar la viabilidad de&nbsp; acciones.&nbsp;<\/strong><\/p>\n\n\n\n<p><strong>Por su parte el alcalde&nbsp; dijo \u201cLa verdad es que no nos alcanza el dinero\u201d&nbsp; pero&nbsp; se&nbsp; priorizar\u00e1&nbsp; celebrar la feria&nbsp; que no deja&nbsp; beneficios a la poblaci\u00f3n. (salvo algunos$$$$$)<\/strong><\/p>\n\n\n\n<p><strong>++++++++++++++++++++<\/strong><\/p>\n\n\n\n<p><strong>+++++++++++++<\/strong><strong><\/strong><\/p>\n\n\n\n<p><strong>&nbsp;\u201cFINCA&nbsp; SAN ISIDRO\u201d <\/strong><strong><\/strong><\/p>\n\n\n\n<h2 class=\"wp-block-heading\">Sal\u00f3n para fiestas de todo tipo.<\/h2>\n\n\n\n<h2 class=\"wp-block-heading\">Carretera Valles \u2013 R\u00edo Verde Km. 8<\/h2>\n\n\n\n<h2 class=\"wp-block-heading\">Contrataciones al Tel. 01 481<\/h2>\n\n\n\n<p><strong>+++++++++<\/strong><\/p>\n\n\n\n<h1 class=\"wp-block-heading\">\u201cCAF\u00c9 Y RESTAURANT&nbsp; EL FAROLITO<\/h1>\n\n\n\n<p><strong>Lo mejor de la cocina Huasteca; el tradicional zacahuil y cazueladas .Atendemos toda clase de&nbsp; festejos. Pedidos al Tel&nbsp; 3821017 Ciudad Valles SLP<\/strong><\/p>\n\n\n\n<p><strong>+++++++++++++<\/strong><\/p>\n\n\n\n<p><strong>D e&nbsp;&nbsp; v o l a d a .-<\/strong><\/p>\n\n\n\n<p><strong>&nbsp;&nbsp;&nbsp;&nbsp;&nbsp;&nbsp;&nbsp;&nbsp; PLAN MUNICIPAL DE&nbsp; DESARROLLO&nbsp; DE VALLES\u2026..&nbsp; ESULTARARAN LOMAS.<\/strong><\/p>\n\n\n\n<p><strong>Los&nbsp; ayuntamientos&nbsp; cumplen con cubrir&nbsp; el formato d<\/strong><strong>e &nbsp;crear&nbsp; estos&nbsp; organismos convocando a la &nbsp;poblaci\u00f3n civil que&nbsp; sirven para&nbsp; NADA&nbsp; supuestamente&nbsp; ese nutrido grupo ciudadano propone al&nbsp; gobierno municipal entrante las&nbsp; necesidades de su comunidad la&nbsp; realidad; &nbsp;se&nbsp; hacen&nbsp; las&nbsp; obras&nbsp; que el Acalde en turno ordena y todo lo dem\u00e1s es solo formulismo, inclusive por ejemplo, el Codesol utiliza&nbsp; los consejeros&nbsp;&nbsp; que&nbsp; hacen el papel de&nbsp; duplicidad en&nbsp; funciones de los&nbsp; regidores al integrar un consejo t\u00e9cnico con vecinos supuestamente beneficiados con una&nbsp; obra en su Sector.<\/strong><\/p>\n\n\n\n<p><strong>Ah si no est\u00e1 terminada&nbsp; son obligados a firmas&nbsp; de recibida l Obra. Esto es&nbsp; solamente un ejemplo&nbsp; no contemplado&nbsp; en el \u00f3rgano llamado Plan municipal&nbsp; de&nbsp; desarrollo.<\/strong><\/p>\n\n\n\n<p><strong>Pues&nbsp; bien, en Sexta Sesi\u00f3n Extraordinaria aprob\u00f3 por mayor\u00eda de votos el \u201cPlan Municipal de Desarrollo 2024-2027\u201d, que establecer\u00e1 los objetivos, estrategias y acciones que se llevar\u00e1n a cabo para el desarrollo del municipio para los pr\u00f3ximos tres a\u00f1os.<\/strong><\/p>\n\n\n\n<p><strong>Este plan se conform\u00f3 con los resultados de la Consulta Ciudadana, realizada del 17 de diciembre de 2024 al 17 de enero de 2025, &nbsp;se recabaron las opiniones y necesidades de la poblaci\u00f3n. Adem\u00e1s, incluy\u00f3 la Consulta Ind\u00edgena y la Consulta dirigida a Personas con Discapacidad, asegurando as\u00ed la participaci\u00f3n de todos los sectores en la planificaci\u00f3n del desarrollo municipal.<\/strong><\/p>\n\n\n\n<p><strong>Previamente, el Plan Municipal de Desarrollo 2024-2027 fue aprobado por mayor\u00eda en la Primera Sesi\u00f3n Ordinaria del Consejo de Planeaci\u00f3n y Desarrollo Municipal (COPLADEMUN); posteriormente, obtuvo la aprobaci\u00f3n un\u00e1nime en una reuni\u00f3n extraordinaria con la Asamblea de Autoridades Ind\u00edgenas.<\/strong><\/p>\n\n\n\n<p><strong>El proceso culminar\u00e1 con la publicaci\u00f3n del Plan Municipal de Desarrollo en el Peri\u00f3dico Oficial del Estado, garantizando su aplicaci\u00f3n y cumplimiento en beneficio de la ciudadan\u00eda. Ya&nbsp; veremos&nbsp; para&nbsp; lo&nbsp; que sirvi\u00f3.<\/strong><\/p>\n\n\n\n<p><strong>&#8212;<\/strong><\/p>\n","protected":false},"excerpt":{"rendered":"<p>&nbsp; EX JEFE POLICIACO&nbsp; DE TERAN JUAREZ, ACUSADO DE HOMICIDIO, POR FIN FUE CATURADO. &nbsp; Fue muy \u201csonado\u201d&nbsp; el caso por&nbsp; personajes&nbsp; involucrados. Por doble homicidio&nbsp; el ex director&nbsp; de&nbsp; la polic\u00eda municipal de Valles&nbsp; en la administraci\u00f3n de Jorge Ter\u00e1n, fu\u00e9&nbsp; aprehendido la pasada&nbsp; &hellip; <\/p>\n","protected":false},"author":1,"featured_media":102912,"comment_status":"open","ping_status":"open","sticky":false,"template":"","format":"standard","meta":{"footnotes":""},"categories":[17,4],"tags":[],"class_list":["post-103415","post","type-post","status-publish","format-standard","has-post-thumbnail","hentry","category-colaboraciones","category-inicio"],"_links":{"self":[{"href":"https:\/\/amanecerhuasteco.com\/portal\/wp-json\/wp\/v2\/posts\/103415","targetHints":{"allow":["GET"]}}],"collection":[{"href":"https:\/\/amanecerhuasteco.com\/portal\/wp-json\/wp\/v2\/posts"}],"about":[{"href":"https:\/\/amanecerhuasteco.com\/portal\/wp-json\/wp\/v2\/types\/post"}],"author":[{"embeddable":true,"href":"https:\/\/amanecerhuasteco.com\/portal\/wp-json\/wp\/v2\/users\/1"}],"replies":[{"embeddable":true,"href":"https:\/\/amanecerhuasteco.com\/portal\/wp-json\/wp\/v2\/comments?post=103415"}],"version-history":[{"count":1,"href":"https:\/\/amanecerhuasteco.com\/portal\/wp-json\/wp\/v2\/posts\/103415\/revisions"}],"predecessor-version":[{"id":103416,"href":"https:\/\/amanecerhuasteco.com\/portal\/wp-json\/wp\/v2\/posts\/103415\/revisions\/103416"}],"wp:featuredmedia":[{"embeddable":true,"href":"https:\/\/amanecerhuasteco.com\/portal\/wp-json\/wp\/v2\/media\/102912"}],"wp:attachment":[{"href":"https:\/\/amanecerhuasteco.com\/portal\/wp-json\/wp\/v2\/media?parent=103415"}],"wp:term":[{"taxonomy":"category","embeddable":true,"href":"https:\/\/amanecerhuasteco.com\/portal\/wp-json\/wp\/v2\/categories?post=103415"},{"taxonomy":"post_tag","embeddable":true,"href":"https:\/\/amanecerhuasteco.com\/portal\/wp-json\/wp\/v2\/tags?post=103415"}],"curies":[{"name":"wp","href":"https:\/\/api.w.org\/{rel}","templated":true}]}}