{"id":103436,"date":"2025-02-26T07:37:01","date_gmt":"2025-02-26T13:37:01","guid":{"rendered":"https:\/\/amanecerhuasteco.com\/portal\/?p=103436"},"modified":"2025-02-26T07:37:03","modified_gmt":"2025-02-26T13:37:03","slug":"yo-fui-electa-por-el-pueblo-mario-cortes-llego-por-la-via-plurinominal-ruth-gonzalez-silva","status":"publish","type":"post","link":"https:\/\/amanecerhuasteco.com\/portal\/yo-fui-electa-por-el-pueblo-mario-cortes-llego-por-la-via-plurinominal-ruth-gonzalez-silva\/","title":{"rendered":"\u00abYo fui electa por el pueblo, Mario Cortes lleg\u00f3 por la v\u00eda plurinominal: Ruth Gonz\u00e1lez Silva"},"content":{"rendered":"\n<p><\/p>\n\n\n\n<p>\u2022\u201cEl pueblo decide, no los acuerdos pol\u00edticos\u201d, se\u00f1al\u00f3.<\/p>\n\n\n\n<p>Ciudad de M\u00e9xico, 25 de febrero.\u2013 Durante el debate sobre la reforma contra el nepotismo, la senadora Ruth Gonz\u00e1lez Silva respondi\u00f3 al senador del Partido Acci\u00f3n Nacional, Marko Cort\u00e9s, record\u00e1ndole que, a diferencia de ella, \u00e9l no fue elegido por la ciudadan\u00eda en las urnas, sino que ocup\u00f3 en primer lugar una senadur\u00eda plurinominal.<\/p>\n\n\n\n<p>\u201cYo fui electa por el pueblo de San Luis Potos\u00ed con m\u00e1s de 526 mil votos; usted es un legislador que no fue elegido por el voto ciudadano, sino que lleg\u00f3 por la v\u00eda plurinominal\u201d, enfatiz\u00f3.<\/p>\n\n\n\n<p>Asimismo, reiter\u00f3 que en 2027 ser\u00e1 el pueblo potosino quien tenga la \u00faltima palabra sobre el futuro del estado. \u201cLa gente decidir\u00e1 nuevamente, como siempre lo ha hecho. Lo importante no son las especulaciones, sino el trabajo que hacemos d\u00eda a d\u00eda para mejorar la vida de quienes conf\u00edan en nosotros\u201d, se\u00f1al\u00f3.<\/p>\n\n\n\n<p>La senadora destac\u00f3 que su prioridad es seguir trabajando por el bienestar de San Luis Potos\u00ed y no en debates pol\u00edticos que desv\u00eden la atenci\u00f3n de las necesidades reales de la ciudadan\u00eda.<\/p>\n\n\n\n<p>\u201cEstoy a favor de cualquier iniciativa que fortalezca la transparencia y combata el nepotismo, pero las leyes deben dise\u00f1arse pensando en el bien com\u00fan, no en nombres espec\u00edficos. Mi enfoque sigue siendo servir con cercan\u00eda, honestidad y resultados tangibles para San Luis Potos\u00ed\u201d, afirm\u00f3.<\/p>\n\n\n\n<p>Respecto a la alianza entre el Partido Verde y la 4T, Gonz\u00e1lez Silva subray\u00f3 que esta coalici\u00f3n se basa en principios y objetivos comunes que han permitido avances en infraestructura, programas sociales y desarrollo sustentable.<\/p>\n\n\n\n<p>\u201cNuestra alianza no es por cargos, es por resultados. M\u00e1s all\u00e1 de los partidos, lo que realmente importa es lo que logramos en conjunto para la gente. La ciudadan\u00eda espera gobiernos eficaces y comprometidos, y eso es lo que hemos demostrado con hechos, no con discursos\u201d.<\/p>\n\n\n\n<p>\u201cHoy mi \u00fanica preocupaci\u00f3n es servir con responsabilidad, cercan\u00eda y trabajo constante\u201d, concluy\u00f3.<\/p>\n","protected":false},"excerpt":{"rendered":"<p>\u2022\u201cEl pueblo decide, no los acuerdos pol\u00edticos\u201d, se\u00f1al\u00f3. Ciudad de M\u00e9xico, 25 de febrero.\u2013 Durante el debate sobre la reforma contra el nepotismo, la senadora Ruth Gonz\u00e1lez Silva respondi\u00f3 al senador del Partido Acci\u00f3n Nacional, Marko Cort\u00e9s, record\u00e1ndole que, a diferencia de ella, \u00e9l no &hellip; <\/p>\n","protected":false},"author":1,"featured_media":103437,"comment_status":"open","ping_status":"open","sticky":false,"template":"","format":"standard","meta":{"footnotes":""},"categories":[13,25,82,87,86,67,7,78,62,56,55,81,4,73,44,26,74,10,12,60,30,31,80,24,59,42,21,88,53,69,85,20,57,43,32],"tags":[],"class_list":["post-103436","post","type-post","status-publish","format-standard","has-post-thumbnail","hentry","category-agropecuaria","category-aquismon","category-axtla","category-cardenas","category-cedral","category-charcas","category-ciudad","category-ciudad-del-maiz","category-ciudad-fernandez","category-el-naranjo","category-guadalcazar","category-huehuetlan","category-inicio","category-lagunillas","category-matehuala","category-matlapa","category-mexquitic","category-municipios","category-nacional","category-rayon","category-rioverde","category-sanluispotosi","category-san-martin","category-san-vicente","category-santa-catarina","category-soledad","category-tamasopo","category-tamazunchale-2","category-tamazunchale","category-tampacan","category-tampamolon","category-tamuin","category-tanlajas","category-villa-de-reyes","category-xilitla"],"_links":{"self":[{"href":"https:\/\/amanecerhuasteco.com\/portal\/wp-json\/wp\/v2\/posts\/103436","targetHints":{"allow":["GET"]}}],"collection":[{"href":"https:\/\/amanecerhuasteco.com\/portal\/wp-json\/wp\/v2\/posts"}],"about":[{"href":"https:\/\/amanecerhuasteco.com\/portal\/wp-json\/wp\/v2\/types\/post"}],"author":[{"embeddable":true,"href":"https:\/\/amanecerhuasteco.com\/portal\/wp-json\/wp\/v2\/users\/1"}],"replies":[{"embeddable":true,"href":"https:\/\/amanecerhuasteco.com\/portal\/wp-json\/wp\/v2\/comments?post=103436"}],"version-history":[{"count":1,"href":"https:\/\/amanecerhuasteco.com\/portal\/wp-json\/wp\/v2\/posts\/103436\/revisions"}],"predecessor-version":[{"id":103438,"href":"https:\/\/amanecerhuasteco.com\/portal\/wp-json\/wp\/v2\/posts\/103436\/revisions\/103438"}],"wp:featuredmedia":[{"embeddable":true,"href":"https:\/\/amanecerhuasteco.com\/portal\/wp-json\/wp\/v2\/media\/103437"}],"wp:attachment":[{"href":"https:\/\/amanecerhuasteco.com\/portal\/wp-json\/wp\/v2\/media?parent=103436"}],"wp:term":[{"taxonomy":"category","embeddable":true,"href":"https:\/\/amanecerhuasteco.com\/portal\/wp-json\/wp\/v2\/categories?post=103436"},{"taxonomy":"post_tag","embeddable":true,"href":"https:\/\/amanecerhuasteco.com\/portal\/wp-json\/wp\/v2\/tags?post=103436"}],"curies":[{"name":"wp","href":"https:\/\/api.w.org\/{rel}","templated":true}]}}