{"id":103622,"date":"2025-03-06T07:55:30","date_gmt":"2025-03-06T13:55:30","guid":{"rendered":"https:\/\/amanecerhuasteco.com\/portal\/?p=103622"},"modified":"2025-03-06T07:55:32","modified_gmt":"2025-03-06T13:55:32","slug":"archivo-historico-organiza-mas-actividades-durante-marzo","status":"publish","type":"post","link":"https:\/\/amanecerhuasteco.com\/portal\/archivo-historico-organiza-mas-actividades-durante-marzo\/","title":{"rendered":"Archivo hist\u00f3rico organiza m\u00e1s actividades durante marzo"},"content":{"rendered":"\n<p><\/p>\n\n\n\n<ul class=\"wp-block-list\">\n<li>Conversatorios, conferencias y talleres conforman la agenda del mes, destacando temas de historia, identidad y equidad de g\u00e9nero<\/li>\n<\/ul>\n\n\n\n<p>Al reafirmar el compromiso de apoyo a las y los potosinos con acciones de acceso a la cultura y el fortalecimiento de la participaci\u00f3n ciudadana, el Archivo Hist\u00f3rico del Estado, anunci\u00f3 que, durante marzo, realizar\u00e1 eventos y actividades que generan espacios de reflexi\u00f3n sobre la historia, identidad y equidad de g\u00e9nero.<br>En el marco de la conmemoraci\u00f3n por el D\u00eda Internacional de la Mujer, y como parte de las m\u00faltiples actividades que realizar\u00e1 el Gobierno del Estado que encabeza Ricardo Gallardo Cardona, el 6 de marzo realizar\u00e1 en sus instalaciones, el conversatorio \u201cHistoria, Mujer y Crimen\u201d, en punto de las 11:00 horas, donde se analizar\u00e1 el papel de las mujeres en la historia del crimen desde una perspectiva cr\u00edtica y acad\u00e9mica.<br>El mismo d\u00eda, a las 19:00 horas, impartir\u00e1 la conferencia \u201cOr\u00edgenes del municipio de Ray\u00f3n\u201d en el Museo Francisco Coss\u00edo, a cargo del cronista honorario Miguel \u00c1ngel Herrera Dom\u00ednguez como parte del ciclo \u201cCr\u00f3nicas de los pueblos y ciudades potosinas\u201d, que se lleva a cabo de manera mensual en colaboraci\u00f3n con la Secretar\u00eda de Cultura, el Consejo de la Cr\u00f3nica de los Municipios del Estado, el Colegio de San Luis y el Instituto Nacional de Antropolog\u00eda e Historia.<br>Para el 7 de marzo, continuando con las actividades en el marco del 8M, realizar\u00e1 el taller \u201cBordando nuestra historia\u201d, en colaboraci\u00f3n con el colectivo Tisiyoltzin, espacio de mujeres y para mujeres donde se dialoga sobre la historia del movimiento y la lucha de quienes nos precedieron y que montar\u00e1 una obra colectiva. La actividad es abierta a mujeres de todas las edades y requiere registro en: https:\/\/bit.ly\/3QISAB5.<br>Finalmente, presentar\u00e1 el libro \u201cSobre el colorido de la vida y la fenomenolog\u00eda de lo inefable\u201d, junto con la primera traducci\u00f3n al espa\u00f1ol de \u201cNaturaleza y esp\u00edritu, conferencia de 1919 y curso del semestre de verano de 1919\u201d, de Edmund Husserl, realizadas por Antonio Ziri\u00f3n Quijano.<\/p>\n","protected":false},"excerpt":{"rendered":"<p>Al reafirmar el compromiso de apoyo a las y los potosinos con acciones de acceso a la cultura y el fortalecimiento de la participaci\u00f3n ciudadana, el Archivo Hist\u00f3rico del Estado, anunci\u00f3 que, durante marzo, realizar\u00e1 eventos y actividades que generan espacios de reflexi\u00f3n sobre la &hellip; <\/p>\n","protected":false},"author":1,"featured_media":103623,"comment_status":"open","ping_status":"open","sticky":false,"template":"","format":"standard","meta":{"footnotes":""},"categories":[13,25,82,14,87,86,67,7,78,62,22,56,55,4,73,44,60,30,31,59,42,21,53,57],"tags":[],"class_list":["post-103622","post","type-post","status-publish","format-standard","has-post-thumbnail","hentry","category-agropecuaria","category-aquismon","category-axtla","category-caneros","category-cardenas","category-cedral","category-charcas","category-ciudad","category-ciudad-del-maiz","category-ciudad-fernandez","category-ebano","category-el-naranjo","category-guadalcazar","category-inicio","category-lagunillas","category-matehuala","category-rayon","category-rioverde","category-sanluispotosi","category-santa-catarina","category-soledad","category-tamasopo","category-tamazunchale","category-tanlajas"],"_links":{"self":[{"href":"https:\/\/amanecerhuasteco.com\/portal\/wp-json\/wp\/v2\/posts\/103622","targetHints":{"allow":["GET"]}}],"collection":[{"href":"https:\/\/amanecerhuasteco.com\/portal\/wp-json\/wp\/v2\/posts"}],"about":[{"href":"https:\/\/amanecerhuasteco.com\/portal\/wp-json\/wp\/v2\/types\/post"}],"author":[{"embeddable":true,"href":"https:\/\/amanecerhuasteco.com\/portal\/wp-json\/wp\/v2\/users\/1"}],"replies":[{"embeddable":true,"href":"https:\/\/amanecerhuasteco.com\/portal\/wp-json\/wp\/v2\/comments?post=103622"}],"version-history":[{"count":1,"href":"https:\/\/amanecerhuasteco.com\/portal\/wp-json\/wp\/v2\/posts\/103622\/revisions"}],"predecessor-version":[{"id":103624,"href":"https:\/\/amanecerhuasteco.com\/portal\/wp-json\/wp\/v2\/posts\/103622\/revisions\/103624"}],"wp:featuredmedia":[{"embeddable":true,"href":"https:\/\/amanecerhuasteco.com\/portal\/wp-json\/wp\/v2\/media\/103623"}],"wp:attachment":[{"href":"https:\/\/amanecerhuasteco.com\/portal\/wp-json\/wp\/v2\/media?parent=103622"}],"wp:term":[{"taxonomy":"category","embeddable":true,"href":"https:\/\/amanecerhuasteco.com\/portal\/wp-json\/wp\/v2\/categories?post=103622"},{"taxonomy":"post_tag","embeddable":true,"href":"https:\/\/amanecerhuasteco.com\/portal\/wp-json\/wp\/v2\/tags?post=103622"}],"curies":[{"name":"wp","href":"https:\/\/api.w.org\/{rel}","templated":true}]}}