{"id":103752,"date":"2025-03-13T07:47:01","date_gmt":"2025-03-13T13:47:01","guid":{"rendered":"https:\/\/amanecerhuasteco.com\/portal\/?p=103752"},"modified":"2025-03-13T07:47:04","modified_gmt":"2025-03-13T13:47:04","slug":"el-imes-encabeza-la-primera-sesion-ordinaria-del-sistema-estatal-para-la-prevencion-atencion-sancion-y-erradicacion-de-la-violencia-contra-las-mujeres","status":"publish","type":"post","link":"https:\/\/amanecerhuasteco.com\/portal\/el-imes-encabeza-la-primera-sesion-ordinaria-del-sistema-estatal-para-la-prevencion-atencion-sancion-y-erradicacion-de-la-violencia-contra-las-mujeres\/","title":{"rendered":"El Imes encabeza la primera sesi\u00f3n ordinaria del Sistema Estatal para la Prevenci\u00f3n, Atenci\u00f3n, Sanci\u00f3n y Erradicaci\u00f3n de la Violencia contra las Mujeres"},"content":{"rendered":"\n<p>GOBIERNO ESTATAL FORTALECE TRABAJO CONTRA LA VIOLENCIA A LAS MUJERES<\/p>\n\n\n\n<p>Para seguir brindando m\u00e1s apoyo a las mujeres potosinas de la cuatro regiones, para que accedan a una vida libre de violencia y con igualdad de oportunidades, el Instituto de las Mujeres del Estado (Imes) convoc\u00f3 a la primera sesi\u00f3n ordinaria del Sistema Estatal para la Prevenci\u00f3n, Atenci\u00f3n, Sanci\u00f3n y Erradicaci\u00f3n de la Violencia contra las Mujeres (SEPASEVM).<br>En el museo Federico Silva, reafirmaron las acciones para los protocolos de protecci\u00f3n, las pol\u00edticas encabezadas por el Gobernador Ricardo Gallardo Cardona de cero tolerancia a la violencia contra las mujeres, el levantamiento territorial de la Alerta de Violencia de G\u00e9nero contra las Mujeres (AVGM) en Tamazunchale, Tamu\u00edn y Matehuala y tres medidas de la misma.<br>La primera sesi\u00f3n ordinaria fue presidida por el secretario general de Gobierno, J. Guadalupe Torres S\u00e1nchez y la titular del Imes, Gloria Serrato S\u00e1nchez, donde presentaron un resumen con los principales logros alcanzados durante 2022-2024, incluyendo el marco program\u00e1tico construido para prevenir, atender, sancionar y erradicar la violencia contra las mujeres.<br>Adem\u00e1s presentaron el Informe anual del Programa Estatal para Prevenir, Atender, Sancionar y Erradicar la Violencia contra las Mujeres, donde destacaron el alcance en materia de prevenci\u00f3n y atenci\u00f3n de la violencia contra las mujeres en las cuatro regiones del Estado, acciones interinstitucionales, capacitaci\u00f3n y sensibilizaci\u00f3n al funcionariado p\u00fablico y a la ciudadan\u00eda, as\u00ed como las acciones de prevenci\u00f3n en el sector educativo.<\/p>\n","protected":false},"excerpt":{"rendered":"<p>GOBIERNO ESTATAL FORTALECE TRABAJO CONTRA LA VIOLENCIA A LAS MUJERES Para seguir brindando m\u00e1s apoyo a las mujeres potosinas de la cuatro regiones, para que accedan a una vida libre de violencia y con igualdad de oportunidades, el Instituto de las Mujeres del Estado (Imes) &hellip; <\/p>\n","protected":false},"author":1,"featured_media":103753,"comment_status":"open","ping_status":"open","sticky":false,"template":"","format":"standard","meta":{"footnotes":""},"categories":[13,25,82,14,87,86,67,7,78,62,22,56,11,55,4,73,44,26,74,10,12,60,66,71,30,70,31,80,24,59,42,21,88,53,57,43,32],"tags":[],"class_list":["post-103752","post","type-post","status-publish","format-standard","has-post-thumbnail","hentry","category-agropecuaria","category-aquismon","category-axtla","category-caneros","category-cardenas","category-cedral","category-charcas","category-ciudad","category-ciudad-del-maiz","category-ciudad-fernandez","category-ebano","category-el-naranjo","category-estado","category-guadalcazar","category-inicio","category-lagunillas","category-matehuala","category-matlapa","category-mexquitic","category-municipios","category-nacional","category-rayon","category-rayon-2","category-real-de-catorce","category-rioverde","category-san-ciro","category-sanluispotosi","category-san-martin","category-san-vicente","category-santa-catarina","category-soledad","category-tamasopo","category-tamazunchale-2","category-tamazunchale","category-tanlajas","category-villa-de-reyes","category-xilitla"],"_links":{"self":[{"href":"https:\/\/amanecerhuasteco.com\/portal\/wp-json\/wp\/v2\/posts\/103752","targetHints":{"allow":["GET"]}}],"collection":[{"href":"https:\/\/amanecerhuasteco.com\/portal\/wp-json\/wp\/v2\/posts"}],"about":[{"href":"https:\/\/amanecerhuasteco.com\/portal\/wp-json\/wp\/v2\/types\/post"}],"author":[{"embeddable":true,"href":"https:\/\/amanecerhuasteco.com\/portal\/wp-json\/wp\/v2\/users\/1"}],"replies":[{"embeddable":true,"href":"https:\/\/amanecerhuasteco.com\/portal\/wp-json\/wp\/v2\/comments?post=103752"}],"version-history":[{"count":1,"href":"https:\/\/amanecerhuasteco.com\/portal\/wp-json\/wp\/v2\/posts\/103752\/revisions"}],"predecessor-version":[{"id":103754,"href":"https:\/\/amanecerhuasteco.com\/portal\/wp-json\/wp\/v2\/posts\/103752\/revisions\/103754"}],"wp:featuredmedia":[{"embeddable":true,"href":"https:\/\/amanecerhuasteco.com\/portal\/wp-json\/wp\/v2\/media\/103753"}],"wp:attachment":[{"href":"https:\/\/amanecerhuasteco.com\/portal\/wp-json\/wp\/v2\/media?parent=103752"}],"wp:term":[{"taxonomy":"category","embeddable":true,"href":"https:\/\/amanecerhuasteco.com\/portal\/wp-json\/wp\/v2\/categories?post=103752"},{"taxonomy":"post_tag","embeddable":true,"href":"https:\/\/amanecerhuasteco.com\/portal\/wp-json\/wp\/v2\/tags?post=103752"}],"curies":[{"name":"wp","href":"https:\/\/api.w.org\/{rel}","templated":true}]}}