{"id":103798,"date":"2025-03-16T08:49:10","date_gmt":"2025-03-16T14:49:10","guid":{"rendered":"https:\/\/amanecerhuasteco.com\/portal\/?p=103798"},"modified":"2025-03-16T08:49:12","modified_gmt":"2025-03-16T14:49:12","slug":"entre-columnas-653","status":"publish","type":"post","link":"https:\/\/amanecerhuasteco.com\/portal\/entre-columnas-653\/","title":{"rendered":"ENTRE COLUMNAS"},"content":{"rendered":"\n<h1 class=\"wp-block-heading\">&nbsp;<\/h1>\n\n\n\n<p>PAGARAN IMPUESTOS&nbsp; AL MUNICIPIO&nbsp; CEMEX Tamuin, TERMOS, GUSI&nbsp; Y PRADERAS<\/p>\n\n\n\n<p>Marcelino Bautista Rinc\u00f3n Presidente Municipal de Tamuin, en la pasada reuni\u00f3n de cabildo, informo la firma de convenios de colaboraci\u00f3n con la Secretaria de Finanzas para renegociar deudas heredades por las administraciones anteriores. Por fin la empresas cementeras, termoel\u00e9ctricas, Praderas y GUSI pagaran impuestos al ayuntamiento de Tamuin. (MAS INFORMACION en&nbsp; Amanecer Huasteco.com)<\/p>\n\n\n\n<p>A&nbsp; manera&nbsp; de confirmaci\u00f3n el&nbsp; Congreso del estado&nbsp; public\u00f3 en el diario oficial del Estado , hoy es ley y la estamos aplicando a las empresas instaladas&nbsp; en su territorio&nbsp; a CEMEX, TERMOELECTRICAS, GUSI Y PRADERAS HUASTECAS.<\/p>\n\n\n\n<p>++++++++++++<\/p>\n\n\n\n<p>DESTITUCION DEL MUNICIPE VALLENSE PIDE&nbsp; CIUDADANO.<\/p>\n\n\n\n<p>+.- El Congreso local&nbsp; ser\u00eda la instancia correcta.<\/p>\n\n\n\n<p>Por abuso de autoridad un&nbsp; ciudadano&nbsp; acus\u00f3&nbsp; al alcalde&nbsp; de Valles y demanda su &nbsp;destituci\u00f3n, la&nbsp; denuncia&nbsp; fue presentada ante la Fiscal\u00eda General de la Rep\u00fablica (FGR) est\u00e1 asentada con el n\u00famero de folio CEDAC-104557-2025-03-WEB.<\/p>\n\n\n\n<p>Mario L\u00e1rraga Medina se\u00f1ala ante la FGR que&nbsp; delincuentes despojaron a su novia de un autom\u00f3vil que apareci\u00f3 abandonado al noroeste de la ciudad y la polic\u00eda lo envi\u00f3 a una pensi\u00f3n,&nbsp; para&nbsp; recuperar el autom\u00f3vil de su propiedad&nbsp; tiene que hacer onerosos pagos tras&nbsp; una&nbsp; serie de tr\u00e1mites engorrosos&nbsp; que las&nbsp; victimas&nbsp; enfrentan n casos semejantes.<\/p>\n\n\n\n<p>\u00abAnte la gravedad de los hechos y la responsabilidad directa del denunciado en la crisis de seguridad que enfrenta Ciudad Valles, &nbsp;solicita:<\/p>\n\n\n\n<p>\u00abLa destituci\u00f3n inmediata de David Medina Salazar del cargo de Presidente Municipal de Ciudad Valles.<\/p>\n\n\n\n<p>\u00ab2. Su inhabilitaci\u00f3n para ejercer cualquier cargo p\u00fablico en el futuro.<\/p>\n\n\n\n<p>\u00ab3. La intervenci\u00f3n del Gobierno Federal en el municipio para restablecer el orden y garantizar la seguridad de la ciudadan\u00eda.<\/p>\n\n\n\n<p>\u00ab4. El inicio de un procedimiento penal en su contra por abuso de autoridad y omisi\u00f3n en el cumplimiento de sus funciones.\u00bb.<\/p>\n\n\n\n<p>+++++++++++++<\/p>\n\n\n\n<p>METETE&nbsp; A&nbsp; LA POLITICA&nbsp; Y CONOCERAS HASTA&nbsp; TU PASADO&nbsp; DESCONOCIDO.<\/p>\n\n\n\n<p>++.- C\u00f3mo est\u00e1 un encabezado publicitario en medios digitales&nbsp; que los \u201cHuastecos no necesitan m\u00e1s violencia\u201d expresado por&nbsp; el alcalde Vallense&nbsp; por&nbsp; segunda ocasi\u00f3n David Medina Salazar&nbsp; ante&nbsp; recientes&nbsp; se\u00f1alamientos poco ortodoxos&nbsp; de&nbsp; un fallido pol\u00edtico&nbsp; capitalino&nbsp; que intent\u00f3 la alcald\u00eda&nbsp; de&nbsp; Valles, &nbsp;&nbsp;reaparece&nbsp; seg\u00fan denuncia el mun\u00edcipe, incitando a la divisi\u00f3n de&nbsp; los Vallenses y \u201cviolencia (?\u00bf) digital\u201d agraviando a la mujer.<\/p>\n\n\n\n<p>Difundido&nbsp; profusamente en medios informativos&nbsp; digitales&nbsp; de la&nbsp; capital del estado&nbsp; el pasado 8 de&nbsp; marzo, textualmente&nbsp; se&nbsp; dice que &nbsp;\u201cCiudadanos se unen contra los ataques de un ex candidato a la gubernatura exigiendo \u00e9tica y civilidad en la pol\u00edtica&nbsp; En un alarmante episodio de violencia digital, un ex candidato a la gubernatura de San Luis Potos\u00ed ha desatado una serie de ataques cobardes contra el presidente municipal de Ciudad Valles, David Armando Medina Salazar. Este comportamiento no solo refleja la falta de \u00e9tica de ciertos actores pol\u00edticos, sino que tambi\u00e9n pone de manifiesto la violencia de g\u00e9nero que persiste en la Huasteca, donde mujeres y j\u00f3venes son v\u00edctimas de agresiones verbales y descalificaciones. La Huasteca es una regi\u00f3n de gente trabajadora que no necesita divisi\u00f3n ni hostigamiento\u201d&nbsp; (ser\u00e1&nbsp; que&nbsp; por&nbsp; esta&nbsp;&nbsp; expresi\u00f3n publicada se&nbsp; manifiesta el autor&nbsp; de&nbsp; la publicaci\u00f3n escribi\u00f3 que \u201clos Huastecos no necesitan m\u00e1s violencia\u201d&nbsp;&nbsp; y agrega&nbsp; que es imperativo que los pol\u00edticos act\u00faen con responsabilidad y respeto, en lugar de contribuir a la desestabilizaci\u00f3n de la vida familiar de los alcaldes, bajo la consigna ConLaFamiliaNo, no en campa\u00f1as de desprestigio.<\/p>\n\n\n\n<p>Concluye&nbsp; el texto difundido \u201cLa Huasteca merece un futuro donde la \u00e9tica y la civilidad prevalezcan, y donde todos los ciudadanos puedan trabajar juntos por un mejor ma\u00f1ana.<\/p>\n\n\n\n<p>+++++++++++++++++<\/p>\n\n\n\n<p>CEMENTERA&nbsp; DESVI\u00d3 CURSO NATURAL DE UN ARROYUELO, TAMBIEN CONTAMINA MEDIO AMBIENTE.<\/p>\n\n\n\n<p>Desde&nbsp; a\u00f1os&nbsp; atr\u00e1s, habitantes&nbsp; de&nbsp; poblados&nbsp; aleda\u00f1os &nbsp;&nbsp;donde&nbsp; cruza&nbsp; un arroyuelo&nbsp;&nbsp; cercano a la planta Cemex&nbsp;&nbsp;&nbsp; al oriente de esta ciudad, denunciaron que&nbsp; la&nbsp; empresa&nbsp;&nbsp; hab\u00eda&nbsp;&nbsp; construido una&nbsp; represa&nbsp;&nbsp; para&nbsp; almacenar&nbsp; agua&nbsp;&nbsp; que&nbsp; utilizar\u00eda&nbsp; en&nbsp; sus&nbsp; instalaciones&nbsp; pero afectar\u00eda&nbsp; otros&nbsp; sitios&nbsp; naturales&nbsp; hasta&nbsp; su&nbsp; desembocadura&nbsp; al r\u00edo Valles. Oficialmente&nbsp; la&nbsp; referida obra no existe porque&nbsp; la empresa&nbsp; no&nbsp; obtuvo&nbsp; el permiso de las autoridades&nbsp; correspondientes, ahora la&nbsp; queja&nbsp; esta&nbsp; en la alcald\u00eda&nbsp;&nbsp; que&nbsp; plantear\u00e1&nbsp; esta irregularidad&nbsp; a las autoridades superiores.<\/p>\n\n\n\n<p>La&nbsp; informaci\u00f3n generada en la alcald\u00eda, revela que la&nbsp; planta CEMEX &nbsp;aprovecha&nbsp; el escurrimiento&nbsp; de&nbsp; una arroyo&nbsp; y retiene agua en una&nbsp; represa&nbsp; construida&nbsp; cerca&nbsp; d sus&nbsp; instalaciones sin contar&nbsp; con autorizaci\u00f3n de&nbsp; ninguna autoridad,&nbsp; no tom\u00f3 en cuenta a ninguna autoridad&nbsp; para desviar la corriente de&nbsp; agua de un arroyuelo hacia &nbsp;una presa particular sin contar con los permisos de la Comisi\u00f3n Nacional del Agua &nbsp;asi lo afirm\u00f3 el alcalde &nbsp;&nbsp;de&nbsp; esta ciudad &nbsp;al respecto dijo &nbsp;\u201cTienen un retranque para almacenar agua y desv\u00edan el recurso para llenar su presa por la parte posterior, desde Tanculpaya hasta la carretera Valles-Mante, sin contar con permisos\u201d &nbsp;fue contundente al recalcar que Cementos Mexicanos&nbsp; no es&nbsp; una&nbsp; fuente&nbsp; de&nbsp; empleo para los Vallenses como&nbsp; empresa no tiene presencia ni compromiso real con la sociedad vallense. Adem\u00e1s&nbsp; la planta&nbsp; productora de cemento es altamente contaminante y tiene una nula participaci\u00f3n en la comunidad&nbsp; social y laboral y finaliz\u00f3 \u201cLo poco que ofertan &nbsp;en empleo es m\u00ednimo, los trabajos bien remunerados son para gente for\u00e1nea, y la mano de obra local queda fuera, marginada sin oportunidades &nbsp;porque subcontratan. La empresa no est\u00e1 respondiendo de manera efectiva a los Vallenses\u201d, puntualiz\u00f3. Nuestro comentario, es&nbsp; la primera vez&nbsp; que el presidente municipal de Valles&nbsp; \u201c se&nbsp; faja los pantalones\u201d&nbsp; y fija&nbsp; una postura firme de&nbsp; defensa&nbsp; de los&nbsp; intereses sociales y laborales&nbsp;&nbsp; del pueblo Vallense.<\/p>\n\n\n\n<p>+++++++++++<\/p>\n\n\n\n<p>P r e&nbsp; s t a m o s<\/p>\n\n\n\n<p>de&nbsp; dinero inmediatos a pensionados<\/p>\n\n\n\n<h2 class=\"wp-block-heading\">CFE, ISSSTE.FFCC, SCT, PEMEX,<\/h2>\n\n\n\n<h2 class=\"wp-block-heading\">ACTIVOS Y JUBILADOS&nbsp; IMSS<\/h2>\n\n\n\n<h1 class=\"wp-block-heading\">SIN AFECTAR TARJETON.<\/h1>\n\n\n\n<h2 class=\"wp-block-heading\">Ll\u00e1menos las 24 hrs del d\u00eda<\/h2>\n\n\n\n<h1 class=\"wp-block-heading\">LLAMENOS 4811039565<\/h1>\n\n\n\n<h1 class=\"wp-block-heading\">CREDITO INMEDIATO<\/h1>\n\n\n\n<p>}++++++++++++<\/p>\n\n\n\n<p>AL ORIENTE DE LA CIUDAD, SERA&nbsp; POLO DE&nbsp; DESARROLLO URBANO.<\/p>\n\n\n\n<p>Rumbo a El Carmen ser\u00edan los terrenos para las casas del plan nacional de vivienda<\/p>\n\n\n\n<p>Informaci\u00f3n revelada&nbsp; por&nbsp; representantes del instituto a las autoridades&nbsp; municipales&nbsp;&nbsp; ante cuya autoridad&nbsp; inician el proceso&nbsp; por&nbsp; adquisici\u00f3n de un predio suburbano, ser\u00e1&nbsp; tentativamente&nbsp; por&nbsp; el sector de Los C\u00e1rmenes (adelante del C\u00e1rmen 3) ser\u00e1 donde se construyan las viviendas del plan federal anunciado por la presidenta de la Rep\u00fablica en reiteradas ocasiones.<\/p>\n\n\n\n<p>Funcionarios de&nbsp; Infonavit se&nbsp;&nbsp; entrevistaron con el alcalde<\/p>\n\n\n\n<p>de Valles&nbsp; el delegado regional del Infonavit Francisco Ad\u00e1n Romero, Luis Iv\u00e1n Contreras, enlace de Proyectos de Vivienda del Infonavit y Wendy Castillo Mendoza, gerente t\u00e9cnico y enlace de Seguimiento de Proyectos de Vivienda en el Estado,&nbsp; en el&nbsp; encuentro &nbsp;enteraron a las autoridades&nbsp; el plan de&nbsp; la vivienda&nbsp; para esta ciudad.<\/p>\n\n\n\n<p>Una de las noticias que dio a conocer el alcalde es que ser\u00e1 por el rumbo de los fraccionamientos de El Carmen el sector&nbsp; elegido para&nbsp; la edificaci\u00f3n de&nbsp; las viviendas.<\/p>\n\n\n\n<p>Enterados del proyecto&nbsp; habitacional&nbsp; de mas de&nbsp; medio&nbsp; millar de hogares, los vecinos de&nbsp; los tres C\u00e1rmenes&nbsp;&nbsp; expusieron su preocupaci\u00f3n p\u00fablicamente a las autoridades&nbsp; municipales&nbsp;&nbsp; que&nbsp; vaya&nbsp; aparejado&nbsp; tambi\u00e9n un proyecto vial alterno porque el actual ya resulta&nbsp; insuficiente.<\/p>\n\n\n\n<p>+++++++++++++.<\/p>\n\n\n\n<h1 class=\"wp-block-heading\">CARROCERIAS&nbsp; BUSTOS<\/h1>\n\n\n\n<h2 class=\"wp-block-heading\">Reforma y Lerdo de tejada Col. Altavista.<\/h2>\n\n\n\n<h2 class=\"wp-block-heading\">Cd Valles SLP&nbsp; Tel. 3824777.<\/h2>\n\n\n\n<p>En carrocer\u00edas para camiones y camionetas nadie nos compite.<\/p>\n\n\n\n<p>+++++++<\/p>\n\n\n\n<p>NO HAY COMIT\u00c9, NI PATRONATO DE LA FERIA&nbsp; VALLENSE\u2026.SE&nbsp; DECIDE&nbsp; DESDE LA&nbsp; CAPITAL.<\/p>\n\n\n\n<p>+.- El&nbsp; evento anual arranca el 10 de abril seg\u00fan un anuncio del alcalde.<\/p>\n\n\n\n<p>Falta&nbsp; menos&nbsp; de un mes para&nbsp; la&nbsp;&nbsp; feria&nbsp; anual de Valles (conocida como fenahuap) no se&nbsp; ven preparativos y nada&nbsp; de entusiasmo como sol\u00eda ocurrir&nbsp; hace mas de dos d\u00e9cadas cuando los organizadores&nbsp;&nbsp; recib\u00edan 20 mil pesos&nbsp; del estado para&nbsp;&nbsp; apoyar&nbsp; en la organizaci\u00f3n general y contrataci\u00f3n de artistas, el resultado econ\u00f3mico era&nbsp; encomiable, se&nbsp; destinaba a&nbsp; obras que demandaba la comunidad.<\/p>\n\n\n\n<p>Ahora es&nbsp; diferente, no existe un patronato organizador como lo mandata un Decreto&nbsp; que&nbsp; seguramente&nbsp; est\u00e1&nbsp; congelado o arrumbado, pas\u00f3 a ser un comit\u00e9&nbsp; designado&nbsp; desde&nbsp; palacio municipal y m\u00e1s reciente&nbsp; es&nbsp;&nbsp; una&nbsp; dependencia en el organigrama del Ayuntamiento&nbsp; y \u2026\u2026..&nbsp; textualmente el comunicado en redes sociales es&nbsp; el siguiente:<\/p>\n\n\n\n<p>El gobernador anunci\u00f3 oficialmente a Gloria Trevi para la Fenahuap 2025<\/p>\n\n\n\n<p>\u00b7&nbsp;\u00a1Ahijadxs, feliz jueves! Seguimos trabajando en la Capital Potosina, inaugurando calles y avenidas. Estamos pavimentando m\u00e1s de 200 calles, as\u00ed que muy pronto estaremos de gira en sus colonias, para entregarles vialidades totalmente renovadas.<\/p>\n\n\n\n<p>Adem\u00e1s, tenemos excelentes noticias:<\/p>\n\n\n\n<p>\u00a1La Feria de Soledad se acerca con grandes artistas ya confirmados!<\/p>\n\n\n\n<p>Y en la FENAHUAP 2025, contaremos con un evento de primer nivel junto a <a href=\"https:\/\/www.facebook.com\/GloriaTreviOficial?__cft__%5b0%5d=AZVi5M1VXgzTVaPTlWHa8YN1T4wi78k4LvQi8329OHbVfv2yc2o4FFA71SaKwhJI3kEk1xq5i2WOJ7bo_zUr8SyJp894Zql8H8vlbUWCmMkLIBR2LW1j4DD0LHZEemEL1fZ_y2q22-hNfoklqTu7nDNAQu8jHS5FCehYbGZfvzaa3wXMM9Sx_4TqqiPEydDY5kBSNicRhuZ4PM1Xqzt8SwHOekZgJ2pDDOuc3TsNnKPsSQ&amp;__tn__=-%5dK-y-R\">Gloria Trevi<\/a>. \u00a1Est\u00e9n pendientes, porque se vienen boletos!<\/p>\n\n\n\n<p>San Luis Potos\u00ed sigue avanzando con m\u00e1s apoyo, m\u00e1s calles y m\u00e1s obras en las cuatro regiones del estado. Nos vemos pronto. \u00a1Les mando saludos y bendiciones! El mun\u00edcipe&nbsp; apenas el&nbsp; 11&nbsp; del presente mes, d\u00edas&nbsp; despu\u00e9s&nbsp; que&nbsp; desde&nbsp; la&nbsp; capital se hab\u00eda notificado oficialmente al p\u00fablico: &nbsp;dijo que en breve se dar\u00e1 de manera oficial la \u201corganizaci\u00f3n\u201d de la FENAHUAP 2025, que se realizar\u00e1 del 10 al 20 de abril. (Dentro de&nbsp; 20 d\u00edas)<\/p>\n\n\n\n<p>+++++++++++++<\/p>\n\n\n\n<p>QFB&nbsp; FABIOLA GARCIA ALVAREZ<\/p>\n\n\n\n<h2 class=\"wp-block-heading\">Perito dictaminador en an\u00e1lisis bacteriol\u00f3gico de agua<\/h2>\n\n\n\n<h2 class=\"wp-block-heading\">Y alimentos con n\u00famero GES-PD 0705<\/h2>\n\n\n\n<h2 class=\"wp-block-heading\">Perito dictaminador en&nbsp; estupefacientes GES-PD0523<\/h2>\n\n\n\n<h2 class=\"wp-block-heading\">Maestr\u00eda&nbsp; en an\u00e1lisis cl\u00ednicos 1301 \u2013 368068<\/h2>\n\n\n\n<p>Ced&nbsp; prof&nbsp; 8664204&nbsp;&nbsp; Tel. 38 1 66 64Asesor\u00eda,&nbsp; auditor\u00eda&nbsp; y gesti\u00f3n ambiental. G. Victoria No. 8&nbsp; zona centro Cd Valles<\/p>\n\n\n\n<p>++++++++++++<\/p>\n\n\n\n<p>ALCALDE&nbsp; DEMANDA ANTE&nbsp; FISCALIA AL&nbsp; TEKMOL.<\/p>\n\n\n\n<p>Alcalde v\u00e1llense, confirm\u00f3 que presentara denuncia penal en contra de la persona que difamo (esto no es delito) &nbsp;y ofendi\u00f3 en sentido personal a sus hijos. anunci\u00f3 que present\u00f3 una demanda contra Jos\u00e9 Luis Romero Calzada, acus\u00e1ndolo de realizar comentarios difamatorios en contra de su familia, particularmente de sus hijos.<\/p>\n\n\n\n<p>En un mensaje p\u00fablico, el edil asegur\u00f3 que su adversario pol\u00edtico es una persona problem\u00e1tica&nbsp; tiene&nbsp; antecedentes &nbsp;con la justicia federal y supuestos v\u00ednculos con el crimen organizado. Adem\u00e1s, lo calific\u00f3 de \u00abmit\u00f3mano\u00bb, se\u00f1alando que lleg\u00f3 a la pol\u00edtica con promesas que no cumpli\u00f3.<\/p>\n\n\n\n<p>Asimismo, aclar\u00f3 que su hija participa como voluntaria en actividades de la Secretar\u00eda de Desarrollo Social y Regional apoyando a su hermano en diversas gestiones. Finalmente, record\u00f3 que en las pasadas elecciones derrot\u00f3 a Romero Calzada con una amplia ventaja.<\/p>\n\n\n\n<p>++++++++++++++++++++++++++++<\/p>\n\n\n\n<p>\u201cFINCA&nbsp; SAN ISIDRO\u201d<\/p>\n\n\n\n<h2 class=\"wp-block-heading\">Sal\u00f3n para fiestas de todo tipo.<\/h2>\n\n\n\n<h2 class=\"wp-block-heading\">Carretera Valles \u2013 R\u00edo Verde Km. 8<\/h2>\n\n\n\n<h2 class=\"wp-block-heading\">Contrataciones al Tel. 01 481<\/h2>\n\n\n\n<p>++++<\/p>\n\n\n\n<p>CONSEJO DE LA DIRIGENCIA&nbsp; ESTATAL DEL PAN INCUMPLEN&nbsp; SENTENCIA DEL TRIBUNAL ELECTORAL.<\/p>\n\n\n\n<p>Pareciera&nbsp; que&nbsp; algo&nbsp; se&nbsp; teje&nbsp; hacia&nbsp; el interior&nbsp; de la dirigencia&nbsp; del PAN desconocida&nbsp;&nbsp; por las autoridades&nbsp; electorales, ante&nbsp; la nula&nbsp; respuesta&nbsp; al Tribunal, esta&nbsp; instancia&nbsp; dio un ultim\u00e1tum al PAN por no&nbsp; acatar&nbsp; la&nbsp; sentencia.<\/p>\n\n\n\n<p>En la&nbsp; capital del estado, sede&nbsp; del Tribunal Electoral de San Luis Potos\u00ed, esta&nbsp; instancia&nbsp; advirti\u00f3 a los&nbsp; consejeros s de ese&nbsp; partido sancionado tomen medidas&nbsp; debido a que el plazo para cumplir con la sentencia que ordena reponer su proceso de elecci\u00f3n de dirigencia estatal est\u00e1 por vencer.<\/p>\n\n\n\n<p>Dennise Adriana Porras Guerrero Magistrada del Tribunal electoral se\u00f1al\u00f3 que en los pr\u00f3ximos d\u00edas se determinar\u00e1 si quienes&nbsp;&nbsp; representan el partido cumplieron&nbsp; con la resoluci\u00f3n,&nbsp;&nbsp; si hicieron caso omiso se&nbsp; aplicaran medidas&nbsp; que&nbsp; la Ley electoral &nbsp;establece&nbsp; en estos&nbsp; casos en su contra.&nbsp; Como&nbsp; se recordar\u00e1, aqu\u00ed informamos, el fallo establece que el PAN debe repetir el proceso en nueve comit\u00e9s municipales, cuyos resultados cuyos&nbsp;&nbsp;&nbsp; resultados&nbsp; marcaran el futuro&nbsp; de la dirigente&nbsp; depuesta por el Tribunal&nbsp; o&nbsp; es&nbsp; electo otro presidente estatal panista, o se&nbsp; declara el incumplimiento y aplican las sanciones estipuladas en la ley electoral del estado.<\/p>\n\n\n\n<p>Lo mas seguro&nbsp; dicen los panistas de a pi\u00e9, es&nbsp; que las&nbsp; anomal\u00edas&nbsp; detectadas&nbsp; en la pasada elecci\u00f3n de Veronica Rodr\u00edguez fueron superadas$ o con suerte&nbsp; de militantes inconformes&nbsp; podr\u00eda ser destituida de su cargo.<\/p>\n\n\n\n<p>+++++++++<\/p>\n\n\n\n<h1 class=\"wp-block-heading\">\u201cCAF\u00c9 Y RESTAURANT&nbsp; EL FAROLITO<\/h1>\n\n\n\n<p>Lo mejor de la cocina Huasteca; el tradicional zacahuil y cazueladas .Atendemos toda clase de&nbsp; festejos. Pedidos al Tel&nbsp; 3821017 Ciudad Valles SL++++++++++++++++++<\/p>\n\n\n\n<p>+++++++++++++<\/p>\n\n\n\n<p>D E&nbsp; V O LA D A.-<\/p>\n\n\n\n<p>POR SI NO LO SAB\u00cdAS, POR QUE SE LLAMA GOLFO DE M\u00c9XICO?<\/p>\n\n\n\n<p>El nombre \u00abGolfo de M\u00e9xico\u00bb tiene su origen en la \u00e9poca de la colonizaci\u00f3n europea, espec\u00edficamente con los exploradores espa\u00f1oles. Durante el siglo XVI, cuando los europeos comenzaron a explorar y mapear las costas de Am\u00e9rica, el golfo fue reconocido como una gran extensi\u00f3n de agua entre las tierras que rodean la actual Am\u00e9rica del Norte, Central y el Caribe.<\/p>\n\n\n\n<p>El nombre \u00abM\u00e9xico\u00bb proviene de los mexicas, una civilizaci\u00f3n ind\u00edgena que habitaba lo que hoy es el centro de M\u00e9xico. En el contexto de la exploraci\u00f3n y colonizaci\u00f3n espa\u00f1ola, el nombre \u00abM\u00e9xico\u00bb comenz\u00f3 a asociarse no solo con el Valle de M\u00e9xico (la regi\u00f3n central), sino con el vasto territorio del imperio mexicano, que inclu\u00eda \u00e1reas que ahora forman parte de lo que hoy es el Golfo de M\u00e9xico.<\/p>\n\n\n\n<p>As\u00ed, el golfo fue denominado \u00abGolfo de M\u00e9xico\u00bb como una referencia a la regi\u00f3n y el territorio que en ese entonces estaba bajo influencia del Imperio Mexicano, especialmente despu\u00e9s de la llegada de los conquistadores espa\u00f1oles. El nombre persiste hasta el d\u00eda de hoy, asociando la gran cuenca marina con el pa\u00eds de M\u00e9xico y la rica historia cultural de la regi\u00f3n.<\/p>\n\n\n\n<p>&#8212;<\/p>\n","protected":false},"excerpt":{"rendered":"<p>&nbsp; PAGARAN IMPUESTOS&nbsp; AL MUNICIPIO&nbsp; CEMEX Tamuin, TERMOS, GUSI&nbsp; Y PRADERAS Marcelino Bautista Rinc\u00f3n Presidente Municipal de Tamuin, en la pasada reuni\u00f3n de cabildo, informo la firma de convenios de colaboraci\u00f3n con la Secretaria de Finanzas para renegociar deudas heredades por las administraciones anteriores. Por &hellip; <\/p>\n","protected":false},"author":1,"featured_media":102915,"comment_status":"open","ping_status":"open","sticky":false,"template":"","format":"standard","meta":{"footnotes":""},"categories":[17,4],"tags":[],"class_list":["post-103798","post","type-post","status-publish","format-standard","has-post-thumbnail","hentry","category-colaboraciones","category-inicio"],"_links":{"self":[{"href":"https:\/\/amanecerhuasteco.com\/portal\/wp-json\/wp\/v2\/posts\/103798","targetHints":{"allow":["GET"]}}],"collection":[{"href":"https:\/\/amanecerhuasteco.com\/portal\/wp-json\/wp\/v2\/posts"}],"about":[{"href":"https:\/\/amanecerhuasteco.com\/portal\/wp-json\/wp\/v2\/types\/post"}],"author":[{"embeddable":true,"href":"https:\/\/amanecerhuasteco.com\/portal\/wp-json\/wp\/v2\/users\/1"}],"replies":[{"embeddable":true,"href":"https:\/\/amanecerhuasteco.com\/portal\/wp-json\/wp\/v2\/comments?post=103798"}],"version-history":[{"count":1,"href":"https:\/\/amanecerhuasteco.com\/portal\/wp-json\/wp\/v2\/posts\/103798\/revisions"}],"predecessor-version":[{"id":103799,"href":"https:\/\/amanecerhuasteco.com\/portal\/wp-json\/wp\/v2\/posts\/103798\/revisions\/103799"}],"wp:featuredmedia":[{"embeddable":true,"href":"https:\/\/amanecerhuasteco.com\/portal\/wp-json\/wp\/v2\/media\/102915"}],"wp:attachment":[{"href":"https:\/\/amanecerhuasteco.com\/portal\/wp-json\/wp\/v2\/media?parent=103798"}],"wp:term":[{"taxonomy":"category","embeddable":true,"href":"https:\/\/amanecerhuasteco.com\/portal\/wp-json\/wp\/v2\/categories?post=103798"},{"taxonomy":"post_tag","embeddable":true,"href":"https:\/\/amanecerhuasteco.com\/portal\/wp-json\/wp\/v2\/tags?post=103798"}],"curies":[{"name":"wp","href":"https:\/\/api.w.org\/{rel}","templated":true}]}}